{"id":227522,"date":"2026-05-02T09:22:14","date_gmt":"2026-05-02T09:22:14","guid":{"rendered":"https:\/\/www.europesays.com\/no\/227522\/"},"modified":"2026-05-02T09:22:14","modified_gmt":"2026-05-02T09:22:14","slug":"stabler-av-gull-og-solv-e24","status":"publish","type":"post","link":"https:\/\/www.europesays.com\/no\/227522\/","title":{"rendered":"\u2013 Stabler av gull og s\u00f8lv \u2013 E24"},"content":{"rendered":"\n<p class=\"_textTheme_1yhmn_1 _lead_172ys_2 _lead_qg7rf_18 layout-component layout-wide layout-padded _lead_ouxa1_5 body-large _wide_ouxa1_9\">Bellona-grunnlegger Frederic Hauges \u00abalibi\u00bb i rettssaken mot Lier-Hansen fikk folk til \u00e5 heve p\u00e5 \u00f8yenbrynene. <\/p>\n<p><img alt=\"Bellona-grunnlegger Frederic Hauge, her i Oslo tingrett tidligere i \u00e5r for \u00e5 vitne i saken mot Stein Lier-Hansen. \" class=\"_image_1spwq_90 layout-component layout-wide\" data-fullscreen- data-track-element-type=\"Article image fullscreen\" data-track-name=\"ImageFullscreen\" fetchpriority=\"high\" decoding=\"sync\" loading=\"eager\" height=\"4000\" itemprop=\"image\"  src=\"https:\/\/www.europesays.com\/no\/wp-content\/uploads\/2026\/05\/037bd019-2d6f-354d-8ac0-380a70e3c154.jpeg\"  style=\"object-position:47.775% 40.675%\" width=\"6000\"\/>Bellona-grunnlegger Frederic Hauge, her i Oslo tingrett tidligere i \u00e5r for \u00e5 vitne i saken mot Stein Lier-Hansen.   Foto: Skjalg B\u00f8hmer Vold \/ E24 Vis mer<\/p>\n<ul aria-hidden=\"true\" class=\"_images_140bm_106\">\n<li><a class=\"_link_140bm_111\" href=\"https:\/\/e24.no\/forfatter\/nora-rydne\" title=\"Nora Rydne\" tabindex=\"-1\" rel=\"nofollow noopener\" target=\"_blank\"><img alt=\"Bilde av Nora Rydne\" class=\"_image_140bm_88\" fetchpriority=\"low\" decoding=\"async\" itemprop=\"image\" loading=\"lazy\"  src=\"https:\/\/www.europesays.com\/no\/wp-content\/uploads\/2026\/05\/a9a465f3-bd39-468f-809b-24a8d3138420.png\"  width=\"480\"\/><\/a><\/li>\n<li><a class=\"_link_140bm_111\" href=\"https:\/\/e24.no\/forfatter\/erik-tangen\" title=\"Erik Tangen\" tabindex=\"-1\" rel=\"nofollow noopener\" target=\"_blank\"><img alt=\"Bilde av Erik Tangen\" class=\"_image_140bm_88\" fetchpriority=\"low\" decoding=\"async\" itemprop=\"image\" loading=\"lazy\"  src=\"https:\/\/www.europesays.com\/no\/wp-content\/uploads\/2026\/05\/31f02a1a-fb4b-4283-ac40-e7fc6994e8b8.jpeg\"  width=\"480\"\/><\/a><\/li>\n<\/ul>\n<p class=\"_textTheme_1yhmn_1 _paragraph_172ys_4 _paragraph_qg7rf_27 layout-component layout-normal layout-padded body-medium\">F\u00f8rst og fremst: Bellona-grunnlegger og arbeidende styreleder Frederic Hauge er \u00abdritt lei\u00bb hele saken rundt Stein Lier-Hansen. <\/p>\n<p class=\"_textTheme_1yhmn_1 _paragraph_172ys_4 _paragraph_qg7rf_27 layout-component layout-normal layout-padded body-medium\">Etter at han vitnet mot den tidligere sjefen i Norsk Industri, vil han ikke snakke noe mer om den.<\/p>\n<p class=\"_textTheme_1yhmn_1 _paragraph_172ys_4 _paragraph_qg7rf_27 layout-component layout-normal layout-padded body-medium\">I nevnte vitnem\u00e5l gikk aktoratet gjennom kvittering for kvittering fra ulike restauranter, der Lier-Hansen hadde f\u00f8rt opp Hauge som gjest.<\/p>\n<p> <a class=\"_link_f1clr_14\" data-track-id=\"teaser:oEMep0\" data-track-impression=\"true\" data-track-name=\"Hyrer toppl\u00f8per i satsing: \u2013 En viktig investering\" data-track-element-size=\"small\" data-track-element-type=\"Teaser\" data-track-image-url=\"https:\/\/www.europesays.com\/no\/wp-content\/uploads\/2026\/05\/62fde921-c741-3a4c-b5a3-38e932689de0.jpeg\" data-track-layout-name=\"image:right\" data-track-position-source=\"related-article\" href=\"https:\/\/e24.no\/naeringsliv\/i\/oEMep0\/hyrer-topploeper-i-satsing-en-viktig-investering\" rel=\"nofollow noopener\" target=\"_blank\"><img decoding=\"async\" alt=\"\" class=\"_image_f1clr_75\" height=\"4000\" loading=\"lazy\"  src=\"https:\/\/www.europesays.com\/no\/wp-content\/uploads\/2026\/05\/62fde921-c741-3a4c-b5a3-38e932689de0.jpeg\"  width=\"6000\"\/><\/p>\n<p class=\"label-small _kicker_f1clr_86\">Les ogs\u00e5<\/p>\n<p>Hyrer toppl\u00f8per i satsing: \u2013 En viktig investering<\/a> <\/p>\n<p class=\"_textTheme_1yhmn_1 _paragraph_172ys_4 _paragraph_qg7rf_27 layout-component layout-normal layout-padded body-medium\">Hauge hadde i avh\u00f8r notert sine \u00abalibi\u00bb \u2013 blant en rekke reiser og jobbm\u00f8ter som gjorde det umulig for ham \u00e5 ha v\u00e6rt med Lier-Hansen p\u00e5 restaurant, dukket det ogs\u00e5 opp noen sprekere bemerkninger.<\/p>\n<p class=\"_textTheme_1yhmn_1 _paragraph_172ys_4 _paragraph_qg7rf_27 layout-component layout-normal layout-padded body-medium\">\u00abTraff Kong Abdullah i Jordan\u00bb og \u00abBes\u00f8kte bankhvelvet til Rothschild-familien\u00bb, var blant de mer oppsiktsvekkende. <\/p>\n<p> \u2013 J\u00e6vlig tungt <\/p>\n<p class=\"_textTheme_1yhmn_1 _paragraph_172ys_4 _paragraph_qg7rf_27 layout-component layout-normal layout-padded body-medium\">Akkurat m\u00f8tet med Abdullah lar seg enkelt forklare \u2013 Bellona driver et prosjekt for dyrking av <a href=\"https:\/\/e24.no\/energi-og-klima\/i\/Po0mgz\/bellona-prosjekt-faar-millioner-i-statsstoette\" class=\"_link_172ys_43\" rel=\"nofollow noopener\" target=\"_blank\">gr\u00f8nnsaker i \u00f8rkenen i Jordan.<\/a><\/p>\n<p class=\"_textTheme_1yhmn_1 _paragraph_172ys_4 _paragraph_qg7rf_27 layout-component layout-normal layout-padded body-medium\">Men bankhvelvet til den eldgamle, myteomspunne bankfamilien Rothschild i Gen\u00e8ve?<\/p>\n<p class=\"_textTheme_1yhmn_1 _paragraph_172ys_4 _paragraph_qg7rf_27 layout-component layout-normal layout-padded body-medium\">Selv om Hauge som nevnt f\u00f8ler seg mer enn ferdig med akkurat den saken, b\u00e6rer han over med E24s sp\u00f8rsm\u00e5l om hvelvet. <\/p>\n<p class=\"_textTheme_1yhmn_1 _paragraph_172ys_4 _paragraph_qg7rf_27 layout-component layout-normal layout-padded body-medium\">\u2013 Alts\u00e5, vi jobber jo med metallindustri. S\u00e5 var det noen som utfordret oss p\u00e5 om man kunne lage noen b\u00e6rekraftskriterier for gull, sier han. <\/p>\n<p> <img alt=\"\" class=\"_image_1spwq_90 layout-component layout-normal\" data-fullscreen- data-track-element-type=\"Article image fullscreen\" data-track-name=\"ImageFullscreen\" decoding=\"async\" loading=\"lazy\" height=\"3047\" itemprop=\"image\"  src=\"https:\/\/www.europesays.com\/no\/wp-content\/uploads\/2026\/05\/631a16a9-18d4-37eb-8fb7-e0a8fc1077f4.jpeg\"  style=\"object-position:0% 0%\" width=\"4555\"\/> Foto: Fabrice Coffrini \/ AFPVis mer <\/p>\n<p class=\"_textTheme_1yhmn_1 _paragraph_172ys_4 _paragraph_qg7rf_27 layout-component layout-normal layout-padded body-medium\">Omvisningen i hvelvet til den sveitsiske banken Edmond de Rothschild skjedde i forbindelse med en workshop om dette temaet. <\/p>\n<p class=\"_textTheme_1yhmn_1 _paragraph_172ys_4 _paragraph_qg7rf_27 layout-component layout-normal layout-padded body-medium\">\u2013 Det f\u00f8rste du skj\u00f8nner, er at alle s\u00e5nne amerikanske filmer hvor de raner banker og b\u00e6rer gull i sekker \u2013 det g\u00e5r ikke an. Det er j\u00e6vlig tungt!<\/p>\n<p class=\"_textTheme_1yhmn_1 _paragraph_172ys_4 _paragraph_qg7rf_27 layout-component layout-normal layout-padded body-medium\">\u2013 S\u00e5 tenkte jeg at jeg m\u00e5 bli bedre p\u00e5 finansiering av Bellona, sier Hauge.<\/p>\n<p> Napoleon og hans h\u00e6r <\/p>\n<p class=\"_textTheme_1yhmn_1 _paragraph_172ys_4 _paragraph_qg7rf_27 layout-component layout-normal layout-padded body-medium\">Han vil helst ikke g\u00e5 i detalj p\u00e5 hvilke personer som var til stede, inkludert om noen fra selve Rothschild-familien viste ham rundt \u2013 men noen beskrivelser kan han by p\u00e5. <\/p>\n<p class=\"_textTheme_1yhmn_1 _paragraph_172ys_4 _paragraph_qg7rf_27 layout-component layout-normal layout-padded body-medium\">\u2013 Det l\u00e5 n\u00e5 stabler av gull og s\u00f8lv p\u00e5 s\u00e5nne europaller slengt rundt omkring. <\/p>\n<p class=\"_textTheme_1yhmn_1 _paragraph_172ys_4 _paragraph_qg7rf_27 layout-component layout-normal layout-padded body-medium\">Akkurat paller med gull og s\u00f8lv kan man trolig finne i mange bankhvelv, s\u00e5 hvor spennende er det egentlig \u00e5 f\u00e5 en omvisning hos akkurat Rothschild? <\/p>\n<p class=\"_textTheme_1yhmn_1 _paragraph_172ys_4 _paragraph_qg7rf_27 layout-component layout-normal layout-padded body-medium\">En tang og en vekt, muligens. Hauge forteller at de skal stamme fra Napoleonskrigene.<\/p>\n<p class=\"_textTheme_1yhmn_1 _paragraph_172ys_4 _paragraph_qg7rf_27 layout-component layout-normal layout-padded body-medium\">\u2013 Tangen de brukte til \u00e5 knipe av gull for \u00e5 betale soldatene som sl\u00e5ss mot Napoleon, l\u00e5 der enn\u00e5. Og vekten. <\/p>\n<p class=\"_textTheme_1yhmn_1 _paragraph_172ys_4 _paragraph_qg7rf_27 layout-component layout-normal layout-padded body-medium\">\u2013 Det er jo en myteomspunnen familie. Ble du konspirasjonsteoretiker av \u00e5 v\u00e6re i hvelvet?<\/p>\n<p class=\"_textTheme_1yhmn_1 _paragraph_172ys_4 _paragraph_qg7rf_27 layout-component layout-normal layout-padded body-medium\">\u2013 Nei, men det er klart at dette er jo en familie som har p\u00e5virket Europas utvikling p\u00e5 forskjellige m\u00e5ter, s\u00e5 det er ikke s\u00e5 rart. Det er mye sekretesse rundt disse familiene og det gir grunnlag for spekulasjoner og konspirasjoner. <\/p>\n","protected":false},"excerpt":{"rendered":"Bellona-grunnlegger Frederic Hauges \u00abalibi\u00bb i rettssaken mot Lier-Hansen fikk folk til \u00e5 heve p\u00e5 \u00f8yenbrynene. Bellona-grunnlegger Frederic Hauge,&hellip;\n","protected":false},"author":2,"featured_media":227523,"comment_status":"","ping_status":"","sticky":false,"template":"","format":"standard","meta":{"footnotes":"","_share_on_mastodon":"0"},"categories":[5],"tags":[10622,20,21,24,25,1792,15,19,22,23,17,18,13,30,28,11531,29,14,16,26,27],"class_list":["post-227522","post","type-post","status-publish","format-standard","has-post-thumbnail","category-overskrifter","tag-bellona","tag-breaking-news","tag-breakingnews","tag-featured-news","tag-featurednews","tag-frederic-hauge","tag-headlines","tag-hovedoppslag","tag-latest-news","tag-latestnews","tag-main-news","tag-mainnews","tag-news","tag-no","tag-norge","tag-norsk-industri","tag-norway","tag-nyheter","tag-overskrifter","tag-top-stories","tag-topstories"],"share_on_mastodon":{"url":"https:\/\/pubeurope.com\/@no\/116504254961249442","error":""},"_links":{"self":[{"href":"https:\/\/www.europesays.com\/no\/wp-json\/wp\/v2\/posts\/227522","targetHints":{"allow":["GET"]}}],"collection":[{"href":"https:\/\/www.europesays.com\/no\/wp-json\/wp\/v2\/posts"}],"about":[{"href":"https:\/\/www.europesays.com\/no\/wp-json\/wp\/v2\/types\/post"}],"author":[{"embeddable":true,"href":"https:\/\/www.europesays.com\/no\/wp-json\/wp\/v2\/users\/2"}],"replies":[{"embeddable":true,"href":"https:\/\/www.europesays.com\/no\/wp-json\/wp\/v2\/comments?post=227522"}],"version-history":[{"count":0,"href":"https:\/\/www.europesays.com\/no\/wp-json\/wp\/v2\/posts\/227522\/revisions"}],"wp:featuredmedia":[{"embeddable":true,"href":"https:\/\/www.europesays.com\/no\/wp-json\/wp\/v2\/media\/227523"}],"wp:attachment":[{"href":"https:\/\/www.europesays.com\/no\/wp-json\/wp\/v2\/media?parent=227522"}],"wp:term":[{"taxonomy":"category","embeddable":true,"href":"https:\/\/www.europesays.com\/no\/wp-json\/wp\/v2\/categories?post=227522"},{"taxonomy":"post_tag","embeddable":true,"href":"https:\/\/www.europesays.com\/no\/wp-json\/wp\/v2\/tags?post=227522"}],"curies":[{"name":"wp","href":"https:\/\/api.w.org\/{rel}","templated":true}]}}