{"id":22794,"date":"2025-08-31T07:23:10","date_gmt":"2025-08-31T07:23:10","guid":{"rendered":"https:\/\/www.europesays.com\/no\/22794\/"},"modified":"2025-08-31T07:23:10","modified_gmt":"2025-08-31T07:23:10","slug":"morgenrapport-politiloggen-huseier-oppdaget-beruset-mann-sovende-pa-trappa","status":"publish","type":"post","link":"https:\/\/www.europesays.com\/no\/22794\/","title":{"rendered":"Morgenrapport, Politiloggen | Huseier oppdaget beruset mann sovende p\u00e5 trappa"},"content":{"rendered":"\n<p><b>NAMSOS: <\/b>Det har v\u00e6rt lite aktivitet i Namdalen denne s\u00f8ndagsnatta og operasjonsleder, Svein Helgetun, forteller at de kun har \u00e9n hendelse fra distriktet p\u00e5 blokka.<\/p>\n<p>03.44 fikk politiet inn en melding fra en huseier i Gullvika i Namsos. Vedkommende hadde oppdaget at en beruset mann hadde lagt seg for \u00e5 sove p\u00e5 trappa deres.<\/p>\n<p>Da en patrulje kom til stedet l\u00e5 mannen fortsatt og sov.<\/p>\n<p>\u2013 De tok kontakt med han og kj\u00f8rte han hjem. Han l\u00e5 bare og sov s\u00e5 han hadde ikke gjort noe galt, sier Helgetun.<\/p>\n<p>Ellers forteller operasjonslederen at det har v\u00e6rt ei jamt over grei natt i fylket, preget av det han kaller &laquo;vanlig natt til s\u00f8ndag festing&raquo;.<\/p>\n<p><b>LES OGS\u00c5: <\/b><a href=\"https:\/\/www.namdalsavisa.no\/tatt-av-raset-utrolig-at-han-hadde-med-bat\/s\/5-116-2210811\" rel=\"Follow nofollow noopener\" target=\"_blank\">Tatt av raset i Levanger: \u2013 Utrolig at han hadde med b\u00e5t<\/a><\/p>\n<p>I Tr\u00f8ndelag &#8211; fikk trailer over foten<\/p>\n<p><b>Like etter midnatt<\/b> rykket n\u00f8detatene ut til en trafikk ulykke p\u00e5 Orkland. To biler med til sammen fire personer var involvert.<\/p>\n<p>Alle personene kom seg ut av bilene. Airbag er utl\u00f8st.<\/p>\n<p>\u2013 Det var et vikepliktbrudd som f\u00f8rte til kollisjon. Politiet oppretter anmeldelse og f\u00f8rerkort beslaglagt, opplyser operasjonsleder Else Helen Stokkeb\u00f8.<\/p>\n<p><b>Politiet p\u00e5 festivalen<\/b> Festningen opplyser at det har v\u00e6rt et godt drevet av arrang\u00f8r, det var godt med medicpersonell og vektere.<\/p>\n<p>\u2013 Lite ordensforstyrelser inne p\u00e5 arrangementet selv om det var h\u00f8y beruselse p\u00e5 festivaldeltakerne, melder Stokkeb\u00f8.<\/p>\n<p>Disse hendelsene ble notert av politiet under festivalen:<\/p>\n<ul>\n<li>5 bortviste hatteselgere<\/li>\n<li>5 bortviste p\u00e5 grunn av ordensforstyrrelse<\/li>\n<li>1 mindre\u00e5rig hjemkj\u00f8rt<\/li>\n<li>3 innbrakt p\u00e5 grunn av mistanke narkotikasalg inne p\u00e5 festivalomr\u00e5de<\/li>\n<\/ul>\n<p><b>Klokka 03.58 fikk <\/b>politiet det operasjonsleder beskriver som en merkelig melding fra Ronglan i Levanger. En person skal ha blitt p\u00e5kj\u00f8rt av en lastebil, og politiet rykket ut med flere patruljer.<\/p>\n<p>Det melder <a href=\"https:\/\/www.t-a.no\/krangel-endte-med-drama-ble-pakjort-av-trailer\/s\/5-116-2210889\" rel=\"Follow nofollow noopener\" target=\"_blank\">Tr\u00f8nder-Avisa<\/a> p\u00e5 sine sider.<\/p>\n<p>\u2013 Det hele hadde startet med en krangel mellom to personer i en bil. Den ene personen, en mann i slutten av 20-\u00e5rene, hadde blitt s\u00e5 sint at han skulle ut \u00e5 sl\u00e5 til en trailer \u2013 i fart, forteller Helgetun til <a href=\"https:\/\/www.t-a.no\/krangel-endte-med-drama-ble-pakjort-av-trailer\/s\/5-116-2210889\" rel=\"Follow nofollow noopener\" target=\"_blank\">Tr\u00f8nder-Avisa<\/a>.<\/p>\n<p>\u2013 Det endte med at mannen ble kj\u00f8rt p\u00e5 av traileren, over foten. Han ble med til legevakta for unders\u00f8kelser etter hendelsen, sier operasjonslederen og tilf\u00f8yer at det er opprettet sak.<\/p>\n<p>\u2013 Det er per definisjon en trafikkulykke med personskade, s\u00e5 det opprettes sak. Men det er ingen grunn til \u00e5 tro at sj\u00e5f\u00f8ren har kj\u00f8rt uaktsomt, svarer Helgetun.<\/p>\n<p>Han understreker at opplysningene kommer fra personer som var p\u00e5 stedet under hendelsen.<\/p>\n<p>\u2013 Det var opp til flere vitner til hendelsen. Traileren skal ha kj\u00f8rt sakte forbi, avslutter Helgetun.<\/p>\n<p>V\u00e6ret<\/p>\n<p>I dag er siste offisielle sommerdag for 2025! Namdalingene vil igjen f\u00e5 str\u00e5lende sol og bl\u00e5 himmel flere steder, slik som tidligere i uka. Temperaturene vil holde seg rundt 20 grader, og vi ligger an til \u00e5 f\u00e5 en usedvanlig fin avslutning p\u00e5 august.<\/p>\n<p>  <a href=\"https:\/\/www.namdalsavisa.no\/5-121-1480822\" class=\"related-teaser has-image default-story-teaser article--c-eRUmMG article--c-eRUmMG-jKCPdD-design-default\" rel=\"nofollow noopener\" target=\"_blank\"><\/p>\n<p>    <img decoding=\"async\" loading=\"lazy\"  src=\"https:\/\/www.europesays.com\/no\/wp-content\/uploads\/2025\/08\/SPO_9858.JPG\" alt=\"\" class=\"brick-c-cFOWSL\" style=\"\"\/><\/p>\n<p>\n            Les ogs\u00e5<\/p>\n<p>              Fotballfest for 400 \u2013 se alle bildene\n        <\/p>\n<p>  <\/a><br \/>\n  Hos NA i dag<\/p>\n<p><b>Etter 16 \u00e5r <\/b>som trygg l\u00e6rer i N\u00e6r\u00f8ysundet, tok Linda Ros\u00f8 Laukvik (39) et modig valg: Hun byttet klasserommet med fulltidsjobb i kufj\u00f8set p\u00e5 familieg\u00e5rden.<\/p>\n<p>  <a href=\"https:\/\/www.namdalsavisa.no\/5-121-1479475\" class=\"related-teaser has-image default-feature-teaser article--c-eRUmMG article--c-eRUmMG-jKCPdD-design-default\" rel=\"nofollow noopener\" target=\"_blank\"><\/p>\n<p>    <img decoding=\"async\" loading=\"lazy\"  src=\"https:\/\/www.europesays.com\/no\/wp-content\/uploads\/2025\/08\/IMG_2074_04.JPG\" alt=\"\" class=\"brick-c-cFOWSL\" style=\"\"\/><\/p>\n<p>\n            Les ogs\u00e5<\/p>\n<p>              Linda (39) byttet klasserom med kufj\u00f8set: \u2013 N\u00e5 satser vi alt p\u00e5 g\u00e5rden\n        <\/p>\n<p>  <\/a><\/p>\n<p><b>Remi Hatland er<\/b> ikke n\u00e5dig etter \u00e5 ha f\u00e5tt garnbruket fullt av l\u00f8stare. N\u00e5 krever han stans i taretr\u00e5linga utenfor Namdalskysten.<\/p>\n<p>  <a href=\"https:\/\/www.namdalsavisa.no\/5-121-1479995\" class=\"related-teaser has-image default-story-teaser article--c-eRUmMG article--c-eRUmMG-jKCPdD-design-default\" rel=\"nofollow noopener\" target=\"_blank\"><\/p>\n<p>    <img decoding=\"async\" loading=\"lazy\"  src=\"https:\/\/www.europesays.com\/no\/wp-content\/uploads\/2025\/08\/photo-collage.png+%2874%29-ny.png\" alt=\"\" class=\"brick-c-cFOWSL\" style=\"\"\/><\/p>\n<p>\n            Les ogs\u00e5<\/p>\n<p>              Da Remi skulle dra opp garnene, fikk han dette: \u2013 Galskap\n        <\/p>\n<p>  <\/a><\/p>\n<p><b>Svein-Gustav Sinkaberg<\/b> bruker sin ene stemme p\u00e5 H\u00f8yre, mens selskapet han leder og er medeier i bidrar med 700.000 til en kursendring.<\/p>\n<p>  <a href=\"https:\/\/www.namdalsavisa.no\/5-121-1479452\" class=\"related-teaser has-image default-story-teaser article--c-eRUmMG article--c-eRUmMG-jKCPdD-design-default\" rel=\"nofollow noopener\" target=\"_blank\"><\/p>\n<p>    <img decoding=\"async\" loading=\"lazy\"  src=\"https:\/\/www.europesays.com\/no\/wp-content\/uploads\/2025\/08\/sgsinkaberg2.jpg\" alt=\"\" class=\"brick-c-cFOWSL\" style=\"\"\/><\/p>\n<p>\n            Les ogs\u00e5<\/p>\n<p>              N\u00e6r\u00f8ysund-oppdrettere gir millionbel\u00f8p til h\u00f8yresidas krigskasse: \u2013 \u00d8nsker ei kursendring\n        <\/p>\n<p>  <\/a><br \/>\n  Andre nyheter<\/p>\n<p>Her er et utvalg av nattas nyheter fra resten av verden: <\/p>\n<p><b>En mann i<\/b> 30-\u00e5rene er fl\u00f8yet til sykehus i Skien med luftambulanse etter at en firehjuling veltet ved Nordagutu i Telemark.<\/p>\n<p>\u2013 Det har trolig kun v\u00e6rt \u00e9n person p\u00e5 ATVen. Vedkommende er v\u00e5ken og bevisst, uavklart skadegrad, skriver operasjonsleder Roger Aasen i S\u00f8r-\u00d8st politidistrikt i politiloggen.<\/p>\n<p>Politiet unders\u00f8ker hendelsesforl\u00f8pet. Det skriver <a href=\"https:\/\/www.nrk.no\/nyheter\/\" rel=\"Follow nofollow noopener\" target=\"_blank\">NRK<\/a> p\u00e5 sine sider.<\/p>\n<p><b>Politiet rykket ut <\/b>til Kristian Augusts gate i Oslo etter \u00e5 ha blitt kontaktet av en vekter p\u00e5 utestedet Justisen.<\/p>\n<p>Politiet skriver i politiloggen at det har v\u00e6rt en voldshendelse hvor det mulig har blitt brukt en skarp gjenstand. I en oppdatering til pressen skriver operasjonsleder Anders Aas at den forn\u00e6rmede har en skade som er forenlig med en skarp gjenstand.<\/p>\n<p>Vedkommende er fraktet til sykehus, og har v\u00e6rt v\u00e5ken hele tiden.<\/p>\n<p>Ingen er p\u00e5grepet per n\u00e5.<\/p>\n<p>Det melder <a href=\"https:\/\/www.nettavisen.no\/nyheter\/nattens-viktigste-nyheter\/s\/5-95-2593136\" rel=\"Follow nofollow noopener\" target=\"_blank\">Nettavisen<\/a>.<\/p>\n<p><b>Like f\u00f8r midnatt <\/b>l\u00f8rdag rykket politiet i Bod\u00f8 ut etter melding om sl\u00e5ssing mellom flere personer.<\/p>\n<p>Det melder NRK.<\/p>\n<p>En person er skadet og er fraktet fra stedet med ambulanse, opplyser Nordland politidistrikt i politiloggen.<\/p>\n<p>Voldshendelsen skal ha skjedd i tilknytning til en s\u00e5kalt slippfest, som er en fest i forbindelse med at en kommende russegruppe avsl\u00f8rer navn p\u00e5 russebussen sin.<\/p>\n<p>Forn\u00e6rmede har f\u00e5tt et kutt i hodet, men er ikke alvorlig skadet, opplyser politiet.<\/p>\n<p>Politiet s\u00f8kte etter flere gjerningspersoner, men har avsluttet s\u00f8ket uten p\u00e5gripelser.<\/p>\n<p>\u2013 Politiet har pr\u00f8vd \u00e5 f\u00e5 avh\u00f8rt noen vitner p\u00e5 stedet, men det var litt vanskelig da mange var beruset, sier operasjonsleder Veronica Helen Nylund i Nordland-politiet til NRK.<\/p>\n<p>Politiet ansl\u00e5r at rundt 100 personer deltok p\u00e5 festen, som n\u00e5 er avsluttet.<\/p>\n<p><b>Minst elleve mennesker<\/b> har mistet livet i flom og jordskred etter rekordstore nedb\u00f8rsmengder i regionen Jammu nordvest i India.<\/p>\n<p>Det opplyser en lokal beredskapsansatt til nyhetsbyr\u00e5et AFP.<\/p>\n<p><b>Hamas&#8217; milit\u00e6re leder<\/b> i Gaza, Mohammed Sinwar, er d\u00f8d, erkjenner gruppen tre m\u00e5neder etter at Israel sa de drepte ham i et angrep i mai.<\/p>\n<p>Hamas kom ikke med noen n\u00e6rmere detaljer om Sinwars d\u00f8d, men publiserte bilder av ham og flere ledere og beskrev dem som martyrer.<\/p>\n<p>Bekreftelsen av Sinwars d\u00f8d antyder at hans n\u00e6re medarbeider Izz al-Din Haddad, som leder operasjonene nord i Gaza, n\u00e5 har ansvar for den v\u00e6pnede delen av Hamas p\u00e5 hele Gazastripen.<\/p>\n<p><b>USAs president Donald<\/b> Trump varsler at han vil komme med en presidentordre om ID-krav ved valg.<\/p>\n<p>\u2013 Velger-ID m\u00e5 v\u00e6re en del av hver eneste stemme. Ingen unntak! Jeg kommer med en presidentordre om dette, skriver Trump p\u00e5 Truth Social.<\/p>\n<p>Presidenten sier ogs\u00e5 at han vil avskaffe post-stemmer, med visse untak.<\/p>\n<p>\u2013 I tillegg blir det ingen poststemmer, unntatt for dem som er sv\u00e6rt syke eller for milit\u00e6re som tjenestegj\u00f8r langt unna, fortsetter han.<\/p>\n<p>Det skriver NRK.<\/p>\n<p><b>Russlands president Vladimir<\/b> Putin landet s\u00f8ndag morgen i Tianjin, der han skal delta p\u00e5 toppm\u00f8tet i Shanghaigruppen, melder statlig kinesisk fjernsyn.<\/p>\n<p>Kina og president Xi Jinping er vertskap for de rundt 20 verdenslederne som er ventet til toppm\u00f8tet i den asiatiske samarbeidsorganisasjonen.<\/p>\n<p>Russland er sammen Kina blant de ni medlemslandene i Shanghaigruppen, ogs\u00e5 kjent som Shanghai Cooperation Organisation (SCO).<\/p>\n","protected":false},"excerpt":{"rendered":"NAMSOS: Det har v\u00e6rt lite aktivitet i Namdalen denne s\u00f8ndagsnatta og operasjonsleder, Svein Helgetun, forteller at de kun&hellip;\n","protected":false},"author":2,"featured_media":3063,"comment_status":"","ping_status":"","sticky":false,"template":"","format":"standard","meta":{"footnotes":""},"categories":[12],"tags":[36,20,21,24,25,15,22,23,739,13,30,28,29,14,16,782,1510,26,27,387,42,43,44,45],"class_list":{"0":"post-22794","1":"post","2":"type-post","3":"status-publish","4":"format-standard","5":"has-post-thumbnail","7":"category-verden","8":"tag-art","9":"tag-breaking-news","10":"tag-breakingnews","11":"tag-featured-news","12":"tag-featurednews","13":"tag-headlines","14":"tag-latest-news","15":"tag-latestnews","16":"tag-morgenrapport","17":"tag-news","18":"tag-no","19":"tag-norge","20":"tag-norway","21":"tag-nyheter","22":"tag-overskrifter","23":"tag-politiloggen","24":"tag-story","25":"tag-top-stories","26":"tag-topstories","27":"tag-vaeret","28":"tag-verden","29":"tag-world","30":"tag-world-news","31":"tag-worldnews"},"share_on_mastodon":{"url":"","error":""},"_links":{"self":[{"href":"https:\/\/www.europesays.com\/no\/wp-json\/wp\/v2\/posts\/22794","targetHints":{"allow":["GET"]}}],"collection":[{"href":"https:\/\/www.europesays.com\/no\/wp-json\/wp\/v2\/posts"}],"about":[{"href":"https:\/\/www.europesays.com\/no\/wp-json\/wp\/v2\/types\/post"}],"author":[{"embeddable":true,"href":"https:\/\/www.europesays.com\/no\/wp-json\/wp\/v2\/users\/2"}],"replies":[{"embeddable":true,"href":"https:\/\/www.europesays.com\/no\/wp-json\/wp\/v2\/comments?post=22794"}],"version-history":[{"count":0,"href":"https:\/\/www.europesays.com\/no\/wp-json\/wp\/v2\/posts\/22794\/revisions"}],"wp:featuredmedia":[{"embeddable":true,"href":"https:\/\/www.europesays.com\/no\/wp-json\/wp\/v2\/media\/3063"}],"wp:attachment":[{"href":"https:\/\/www.europesays.com\/no\/wp-json\/wp\/v2\/media?parent=22794"}],"wp:term":[{"taxonomy":"category","embeddable":true,"href":"https:\/\/www.europesays.com\/no\/wp-json\/wp\/v2\/categories?post=22794"},{"taxonomy":"post_tag","embeddable":true,"href":"https:\/\/www.europesays.com\/no\/wp-json\/wp\/v2\/tags?post=22794"}],"curies":[{"name":"wp","href":"https:\/\/api.w.org\/{rel}","templated":true}]}}