{"id":22834,"date":"2025-08-31T08:22:12","date_gmt":"2025-08-31T08:22:12","guid":{"rendered":"https:\/\/www.europesays.com\/no\/22834\/"},"modified":"2025-08-31T08:22:12","modified_gmt":"2025-08-31T08:22:12","slug":"nyhet-munkebotn-leddbuss-kjorte-seg-fast-i-munkebotn","status":"publish","type":"post","link":"https:\/\/www.europesays.com\/no\/22834\/","title":{"rendered":"Nyhet, Munkebotn | Leddbuss kj\u00f8rte seg fast i Munkebotn"},"content":{"rendered":"\n<p>\u2013 Vi ble varslet i 2330-tiden i g\u00e5r kveld, sier Vidar Ingebregtsen fra Bergen bilberging til BA.<\/p>\n<p>Rundt en halvtime tidligere kj\u00f8rte en leddbuss seg fast i svingene opp mot Munkebotn.<\/p>\n<p>Bussen hadde kj\u00f8rt en annen vei enn den vanlige fordi Bryggen var stengt i forbindelse med \u00c5ge Aleksandersens konsert p\u00e5 Koengen.<\/p>\n<p>Den forvillet seg opp i svingene, og der sa det alts\u00e5 stopp.<\/p>\n<p>Passasjerene ble sluppet av og m\u00e5tte finne seg andre m\u00e5ter \u00e5 komme seg videre p\u00e5.<\/p>\n<p>\u2013 Jeg s\u00e5 passasjerene komme tassende nedover Munkebotn i m\u00f8rket da jeg kom p\u00e5 jobb i natt, sier Ingebregtsen.<\/p>\n<p>Bussen er fjernet<\/p>\n<p>If\u00f8lge <a href=\"https:\/\/www.bt.no\/hendelser\/i\/LMwGzx\/leddbuss-kjoerte-seg-fast-i-munkebotn\" rel=\"Follow nofollow noopener\" target=\"_blank\">BT<\/a>, som f\u00f8rst intervjuet Ingebregtsen, var det Skyss sin linje 3 som havnet i knipen.<\/p>\n<p>I hele natt har han og kolleger fra Hordaland redning jobbet p\u00e5 stedet.<\/p>\n<p>Sakte, men sikkert klarte bergingsmannskapene \u00e5 lirke bussen sidelangs ned Munkebotnsvingene og de trange gatene.<\/p>\n<p>   <img decoding=\"async\" width=\"1200\" height=\"1600\" fetchpriority=\"low\"  loading=\"lazy\"  src=\"https:\/\/www.europesays.com\/no\/wp-content\/uploads\/2025\/08\/image0000001+%281%29.jpg\" alt=\"\" class=\"brick-c-cFOWSL\" style=\"--brick-image-ratio: 1200 \/ 1600;\"\/><\/p>\n<p>    Bussen fikk skader p\u00e5 vei opp mot Munkebotn l\u00f8rdag kveld.<br \/>\n    Foto: Bergen bilberging\n  <\/p>\n<p>Klokken 0130 i natt ba politiet bileiere som sto parkert i gatene om \u00e5 flytte bilene sine, slik at bussen kunne rygge ned uten \u00e5 krasje i bilene. Den meldingen var det antageligvis f\u00e5 som fikk med seg f\u00f8r problemet var l\u00f8st.<\/p>\n<p><b>\u2013 Bussen er nede og fjernet n\u00e5. Vi fikk den ned i 08-tiden, sier Ingebregtsen til BA.<\/b><\/p>\n<p>Les mer om: artikkelemnene<\/p>\n","protected":false},"excerpt":{"rendered":"\u2013 Vi ble varslet i 2330-tiden i g\u00e5r kveld, sier Vidar Ingebregtsen fra Bergen bilberging til BA. Rundt&hellip;\n","protected":false},"author":2,"featured_media":22835,"comment_status":"","ping_status":"","sticky":false,"template":"","format":"standard","meta":{"footnotes":""},"categories":[5],"tags":[36,20,21,24,25,15,19,22,23,17,18,3762,13,30,28,29,447,14,16,3431,1510,26,27],"class_list":{"0":"post-22834","1":"post","2":"type-post","3":"status-publish","4":"format-standard","5":"has-post-thumbnail","7":"category-overskrifter","8":"tag-art","9":"tag-breaking-news","10":"tag-breakingnews","11":"tag-featured-news","12":"tag-featurednews","13":"tag-headlines","14":"tag-hovedoppslag","15":"tag-latest-news","16":"tag-latestnews","17":"tag-main-news","18":"tag-mainnews","19":"tag-munkebotn","20":"tag-news","21":"tag-no","22":"tag-norge","23":"tag-norway","24":"tag-nyhet","25":"tag-nyheter","26":"tag-overskrifter","27":"tag-skyss","28":"tag-story","29":"tag-top-stories","30":"tag-topstories"},"share_on_mastodon":{"url":"","error":""},"_links":{"self":[{"href":"https:\/\/www.europesays.com\/no\/wp-json\/wp\/v2\/posts\/22834","targetHints":{"allow":["GET"]}}],"collection":[{"href":"https:\/\/www.europesays.com\/no\/wp-json\/wp\/v2\/posts"}],"about":[{"href":"https:\/\/www.europesays.com\/no\/wp-json\/wp\/v2\/types\/post"}],"author":[{"embeddable":true,"href":"https:\/\/www.europesays.com\/no\/wp-json\/wp\/v2\/users\/2"}],"replies":[{"embeddable":true,"href":"https:\/\/www.europesays.com\/no\/wp-json\/wp\/v2\/comments?post=22834"}],"version-history":[{"count":0,"href":"https:\/\/www.europesays.com\/no\/wp-json\/wp\/v2\/posts\/22834\/revisions"}],"wp:featuredmedia":[{"embeddable":true,"href":"https:\/\/www.europesays.com\/no\/wp-json\/wp\/v2\/media\/22835"}],"wp:attachment":[{"href":"https:\/\/www.europesays.com\/no\/wp-json\/wp\/v2\/media?parent=22834"}],"wp:term":[{"taxonomy":"category","embeddable":true,"href":"https:\/\/www.europesays.com\/no\/wp-json\/wp\/v2\/categories?post=22834"},{"taxonomy":"post_tag","embeddable":true,"href":"https:\/\/www.europesays.com\/no\/wp-json\/wp\/v2\/tags?post=22834"}],"curies":[{"name":"wp","href":"https:\/\/api.w.org\/{rel}","templated":true}]}}