{"id":22849,"date":"2025-08-31T08:41:08","date_gmt":"2025-08-31T08:41:08","guid":{"rendered":"https:\/\/www.europesays.com\/no\/22849\/"},"modified":"2025-08-31T08:41:08","modified_gmt":"2025-08-31T08:41:08","slug":"vi-sender-ham-tilbake","status":"publish","type":"post","link":"https:\/\/www.europesays.com\/no\/22849\/","title":{"rendered":"\u2013 Vi sender ham tilbake"},"content":{"rendered":"\n<p class=\"_lead_1bvmi_2 _lead_xtcu6_50 layout-component text-serif-m layout-normal text-serif-l layout-component layout-wide layout-padded _wide_17hqh_1 layout-padded\">Nicolas Jackson (24) blir ikke Bayern M\u00fcnchen-spiller likevel. Chelsea trakk seg fra l\u00e5neavtalen i siste liten.<\/p>\n<p><img alt=\"Nicolas Jackson f\u00e5r likevel ikke forlate Chelsea.  Foto: Chris Szagola \/ AP \/ NTB\" class=\"_image_qp4xg_65 layout-component layout-wide\" data-fullscreen- data-track-element-type=\"Article image fullscreen\" data-track-name=\"ImageFullscreen\" fetchpriority=\"high\" decoding=\"sync\" loading=\"eager\" height=\"5760\" itemprop=\"image\"  src=\"https:\/\/www.europesays.com\/no\/wp-content\/uploads\/2025\/08\/054fb9d2-5c9f-460c-ab5c-23dfbcc94f77\"  style=\"object-position:0% 0%\" width=\"8640\"\/>Nicolas Jackson f\u00e5r likevel ikke forlate Chelsea.  Foto: Chris Szagola \/ AP \/ NTB<\/p>\n<ul aria-hidden=\"true\" class=\"_images_1y6fe_106\">\n<li><a class=\"_link_1y6fe_111\" href=\"https:\/\/www.vg.no\/forfatter\/mats-arntzen\" style=\"z-index:2\" title=\"Mats Arntzen\" rel=\"nofollow noopener\" target=\"_blank\"><img alt=\"Bilde av Mats Arntzen\" class=\"_image_1y6fe_88\" fetchpriority=\"low\" loading=\"lazy\" decoding=\"async\" itemprop=\"image\"  src=\"https:\/\/www.europesays.com\/no\/wp-content\/uploads\/2025\/08\/1756629668_168_29b4beac-bbee-4d70-98b8-fb24e4b95afc\"  width=\"480\"\/><\/a><\/li>\n<li><a class=\"_link_1y6fe_111\" href=\"https:\/\/www.vg.no\/forfatter\/ntb\" style=\"z-index:1\" title=\"NTB\" rel=\"nofollow noopener\" target=\"_blank\"><img alt=\"Bilde av NTB\" class=\"_image_1y6fe_88\" fetchpriority=\"low\" loading=\"lazy\" decoding=\"async\" itemprop=\"image\"  src=\"https:\/\/www.europesays.com\/no\/wp-content\/uploads\/2025\/08\/1756629668_416_c33980b0-5d07-4027-84a1-813f90a7c8d6\"  width=\"480\"\/><\/a><\/li>\n<\/ul>\n<p> Oppdatert s\u00f8ndag 31. august kl. 10:14     <\/p>\n<p class=\"_paragraph_1bvmi_4 _paragraph_xtcu6_10 layout-component text-serif-m layout-normal text-serif-m layout-padded\">Den senegalesiske spissen var allerede p\u00e5 plass i Tyskland da kontrabeskjeden kom l\u00f8rdag kveld. Chelsea stoppet overgangen p\u00e5 grunn av Liam Delaps l\u00e5rskade.<\/p>\n<p class=\"_paragraph_1bvmi_4 _paragraph_xtcu6_10 layout-component text-serif-m layout-normal text-serif-m layout-padded\">\u2013 Chelsea informerte oss om at de gjerne vil ha spilleren tilbake, etter at vi ble enige i g\u00e5r. Situasjonen er at han er her i M\u00fcnchen, men vi sender ham tilbake, sa Bayerns sportsdirekt\u00f8r Max Eberl etter 3-2-seieren over Augsburg.<\/p>\n<p class=\"_paragraph_1bvmi_4 _paragraph_xtcu6_10 layout-component text-serif-m layout-normal text-serif-m layout-padded\">Tidligere p\u00e5 dagen hadde Jacksons agent Diomansy Kamara gjort det klart i sosiale medier at hans klient ikke ville snu.<\/p>\n<p class=\"_paragraph_1bvmi_4 _paragraph_xtcu6_10 layout-component text-serif-m layout-normal text-serif-m layout-padded\">\u2013 Vi drar ikke tilbake. Flyet flyr ikke baklengs. M\u00fcnchen, l\u00f8d det fra agenten.<\/p>\n<p><img alt=\"KLAR BESKJED: Agenten jobber videre for en overgang.  Foto: Diomansy Kamara p\u00e5 Instagram\" class=\"_image_qp4xg_65 layout-component layout-normal\" data-fullscreen- data-track-element-type=\"Article image fullscreen\" data-track-name=\"ImageFullscreen\" decoding=\"async\" loading=\"lazy\" height=\"1928\" itemprop=\"image\"  src=\"https:\/\/www.europesays.com\/no\/wp-content\/uploads\/2025\/08\/2dd04685-fe45-491d-8378-d6f889f03fd4\"  style=\"object-position:0% 0%\" width=\"1096\"\/>KLAR BESKJED: Agenten jobber videre for en overgang.  Foto: Diomansy Kamara p\u00e5 Instagram<\/p>\n<p class=\"_paragraph_1bvmi_4 _paragraph_xtcu6_10 layout-component text-serif-m layout-normal text-serif-m layout-padded\"><a href=\"https:\/\/www.dailymail.co.uk\/sport\/football\/article-15050689\/Angry-Nicolas-Jackson-doesnt-want-return-Chelsea-despite-Blues-cancelling-strikers-loan-Bayern-Munich.html\" class=\"_link_1bvmi_39\" rel=\"nofollow noopener\" target=\"_blank\">Daily Mail<\/a> viste l\u00f8rdag til rapporter i Senegal om at Jackson var rasende over avgj\u00f8relsen, og at han ikke \u00f8nsket \u00e5 reise tilbake til London.<\/p>\n<p class=\"_paragraph_1bvmi_4 _paragraph_xtcu6_10 layout-component text-serif-m layout-normal text-serif-m layout-padded\">Bayern M\u00fcnchen har v\u00e6rt p\u00e5 utkikk etter \u00e5 gi Harry Kane mer st\u00f8tte p\u00e5 topp. Jackson s\u00e5 ut til \u00e5 bli svaret, men i London anses han ikke lenger som overfl\u00f8dig.<\/p>\n<p class=\"_paragraph_1bvmi_4 _paragraph_xtcu6_10 layout-component text-serif-m layout-normal text-serif-m layout-padded\">Chelsea-trener Enzo Maresca har uttalt at det kan g\u00e5 seks til \u00e5tte uker f\u00f8r Delap er tilbake p\u00e5 banen.<\/p>\n<p class=\"_paragraph_1bvmi_4 _paragraph_xtcu6_10 layout-component text-serif-m layout-normal text-serif-m layout-padded\">\u2013 N\u00e5r du har to angripere, er det nok. N\u00e5r en av dem er skadet i noen uker, er det antakelig ikke nok, sa Maresca etter derbykampen mot Fulham.<\/p>\n<p class=\"_paragraph_1bvmi_4 _paragraph_xtcu6_10 layout-component text-serif-m layout-normal text-serif-m layout-padded\">S\u00e5 gjenst\u00e5r det \u00e5 se om siste ord er sagt.<\/p>\n","protected":false},"excerpt":{"rendered":"Nicolas Jackson (24) blir ikke Bayern M\u00fcnchen-spiller likevel. Chelsea trakk seg fra l\u00e5neavtalen i siste liten. Nicolas Jackson&hellip;\n","protected":false},"author":2,"featured_media":22850,"comment_status":"","ping_status":"","sticky":false,"template":"","format":"standard","meta":{"footnotes":""},"categories":[59],"tags":[1693,3767,30,28,29,161,83,82],"class_list":{"0":"post-22849","1":"post","2":"type-post","3":"status-publish","4":"format-standard","5":"has-post-thumbnail","7":"category-sport","8":"tag-chelsea-fc","9":"tag-nicolas-jackson","10":"tag-no","11":"tag-norge","12":"tag-norway","13":"tag-premier-league","14":"tag-sport","15":"tag-sports"},"share_on_mastodon":{"url":"","error":""},"_links":{"self":[{"href":"https:\/\/www.europesays.com\/no\/wp-json\/wp\/v2\/posts\/22849","targetHints":{"allow":["GET"]}}],"collection":[{"href":"https:\/\/www.europesays.com\/no\/wp-json\/wp\/v2\/posts"}],"about":[{"href":"https:\/\/www.europesays.com\/no\/wp-json\/wp\/v2\/types\/post"}],"author":[{"embeddable":true,"href":"https:\/\/www.europesays.com\/no\/wp-json\/wp\/v2\/users\/2"}],"replies":[{"embeddable":true,"href":"https:\/\/www.europesays.com\/no\/wp-json\/wp\/v2\/comments?post=22849"}],"version-history":[{"count":0,"href":"https:\/\/www.europesays.com\/no\/wp-json\/wp\/v2\/posts\/22849\/revisions"}],"wp:featuredmedia":[{"embeddable":true,"href":"https:\/\/www.europesays.com\/no\/wp-json\/wp\/v2\/media\/22850"}],"wp:attachment":[{"href":"https:\/\/www.europesays.com\/no\/wp-json\/wp\/v2\/media?parent=22849"}],"wp:term":[{"taxonomy":"category","embeddable":true,"href":"https:\/\/www.europesays.com\/no\/wp-json\/wp\/v2\/categories?post=22849"},{"taxonomy":"post_tag","embeddable":true,"href":"https:\/\/www.europesays.com\/no\/wp-json\/wp\/v2\/tags?post=22849"}],"curies":[{"name":"wp","href":"https:\/\/api.w.org\/{rel}","templated":true}]}}