{"id":228759,"date":"2026-05-03T20:45:13","date_gmt":"2026-05-03T20:45:13","guid":{"rendered":"https:\/\/www.europesays.com\/no\/228759\/"},"modified":"2026-05-03T20:45:13","modified_gmt":"2026-05-03T20:45:13","slug":"batulykke-i-averoy-mann-i-30-arene-omkom","status":"publish","type":"post","link":"https:\/\/www.europesays.com\/no\/228759\/","title":{"rendered":"B\u00e5tulykke i Aver\u00f8y: Mann i 30-\u00e5rene omkom"},"content":{"rendered":"\n<p class=\"_lead_145nj_2 _lead_6fko5_53 layout-component text-serif-m layout-normal text-serif-l layout-component layout-wide layout-padded _wide_17hqh_1 layout-padded\">Lokalsamfunnet er preget av b\u00e5tulykken der en mann i 30-\u00e5rene mistet livet. Politiet vil unders\u00f8ke ulykkesb\u00e5ten.<\/p>\n<p><img alt=\"En fritidsb\u00e5t gikk p\u00e5 grunn p\u00e5 en holme utenfor Aver\u00f8y natt til s\u00f8ndag.  Foto: Rigmor Sjaastad Hagen\" class=\"_image_jw3bv_65 layout-component layout-wide\" data-fullscreen- data-track-element-type=\"Article image fullscreen\" data-track-name=\"ImageFullscreen\" fetchpriority=\"high\" decoding=\"sync\" loading=\"eager\" height=\"834\" itemprop=\"image\"  src=\"https:\/\/www.europesays.com\/no\/wp-content\/uploads\/2026\/05\/d1a3a497-9232-3b50-aa30-96d818ad4d74.jpeg\"  style=\"object-position:0% 0%\" width=\"1254\"\/>En fritidsb\u00e5t gikk p\u00e5 grunn p\u00e5 en holme utenfor Aver\u00f8y natt til s\u00f8ndag.  Foto: Rigmor Sjaastad Hagen<\/p>\n<ul aria-hidden=\"true\" class=\"_images_ntbth_112\">\n<li><a class=\"_link_ntbth_117\" href=\"https:\/\/www.vg.no\/forfatter\/nora-holm-aftret\" style=\"z-index:1\" title=\"Nora Holm Aftret\" rel=\"nofollow noopener\" target=\"_blank\"><img alt=\"Bilde av Nora Holm Aftret\" class=\"_image_ntbth_93\" fetchpriority=\"low\" loading=\"lazy\" decoding=\"async\" itemprop=\"image\"  src=\"https:\/\/www.europesays.com\/no\/wp-content\/uploads\/2026\/05\/1777841112_232_f305139e-f923-41c4-8052-e05527fc0152.jpeg\"  width=\"480\"\/><\/a><\/li>\n<\/ul>\n<p> Oppdatert s\u00f8ndag 3. mai kl. 22:29    <\/p>\n<ul class=\"_list_145nj_3 _list_64s2r_85 _unordered_145nj_106 text-sans-m\">\n<li class=\"_item_145nj_30\">En b\u00e5tulykke i Aver\u00f8y kommune f\u00f8rte til at en mann i 30-\u00e5rene mistet livet, og en annen ble skadet.<\/li>\n<li class=\"_item_145nj_30\">Politiet skal unders\u00f8ke b\u00e5ten og hendelsesforl\u00f8pet videre.<\/li>\n<li class=\"_item_145nj_30\">Ordf\u00f8rer Ingrid Ovidie Rang\u00f8nes sier den tragiske ulykken ber\u00f8rer lokalsamfunnet.<\/li>\n<\/ul>\n<p>Vis mer <\/p>\n<p class=\"_paragraph_145nj_4 _paragraph_6fko5_10 layout-component text-serif-m layout-normal text-serif-m layout-padded\">Natt til s\u00f8ndag gikk en <a href=\"https:\/\/www.vg.no\/nyheter\/i\/V6xJ2r\/en-person-omkommet-etter-baatkrasj-ved-averoey\" data-track-element-type=\"Link\" data-track-id=\"link:V6xJ2r\" class=\"_link_145nj_39\" rel=\"nofollow noopener\" target=\"_blank\">fritidsb\u00e5t p\u00e5 grunn p\u00e5 en holme i Aver\u00f8y kommune<\/a>. En mann d\u00f8de i ulykken, mens en annen mann ble fl\u00f8yet til sykehuset. Sistnevnte er ikke alvorlig skadet, opplyser politiet.<\/p>\n<p class=\"_paragraph_145nj_4 _paragraph_6fko5_10 layout-component text-serif-m layout-normal text-serif-m layout-padded\"><strong class=\"_strong_145nj_25\">Operasjonsleder Ragnvald Rasmussen sier til VG at politiet har snakket med mannen som ble sendt til sykehus. Han vil ikke g\u00e5 n\u00e6rmere inn p\u00e5 hva vedkommende har forklart. <\/strong><\/p>\n<p class=\"_paragraph_145nj_4 _paragraph_6fko5_10 layout-component text-serif-m layout-normal text-serif-m layout-padded\">\u2013 Det er ogs\u00e5 av hensyn til de involverte. Vi vil komme med mer informasjon etter hvert, sier Rasmussen.<\/p>\n<p><img alt=\"Ulykken skjedde i omr\u00e5det ved Storseisundbrua. Arkivbilde.   Foto: Frank Gander \/ VG\" class=\"_image_jw3bv_65 layout-component layout-normal\" data-fullscreen- data-track-element-type=\"Article image fullscreen\" data-track-name=\"ImageFullscreen\" decoding=\"async\" loading=\"lazy\" height=\"1200\" itemprop=\"image\"  src=\"https:\/\/www.europesays.com\/no\/wp-content\/uploads\/2026\/05\/ab4e4f94-4f5d-3f0c-a813-82ca50652b88.jpeg\"  style=\"object-position:0% 0%\" width=\"1600\"\/>Ulykken skjedde i omr\u00e5det ved Storseisundbrua. Arkivbilde.   Foto: Frank Gander \/ VGUnders\u00f8ker hastighet<\/p>\n<p class=\"_paragraph_145nj_4 _paragraph_6fko5_10 layout-component text-serif-m layout-normal text-serif-m layout-padded\">Politiet har tidligere fortalt at det var en gjeng som var ute p\u00e5 b\u00e5ttur i forkant av ulykken, men at det kun var to personer i b\u00e5ten da ulykken skjedde. Det var en av de om bord i b\u00e5ten som varslet.<\/p>\n<p class=\"_paragraph_145nj_4 _paragraph_6fko5_10 layout-component text-serif-m layout-normal text-serif-m layout-padded\">\u2013 S\u00e5 de andre ulykken?<\/p>\n<p class=\"_paragraph_145nj_4 _paragraph_6fko5_10 layout-component text-serif-m layout-normal text-serif-m layout-padded\">\u2013 Slik jeg har skj\u00f8nt det, s\u00e5 har de ikke sett selve ulykken, sier Rasmussen.<\/p>\n<p class=\"_paragraph_145nj_4 _paragraph_6fko5_10 layout-component text-serif-m layout-normal text-serif-m layout-padded\">Det er ukjent om det var andre vitner til ulykken. Rasmussen sier politiet jobber med \u00e5 finne \u00e5rsaken til at b\u00e5ten kj\u00f8rte p\u00e5 land. Politiet vil etter hvert f\u00e5 l\u00f8ftet b\u00e5ten av holmen og gj\u00f8re unders\u00f8kelser, blant annet av skadene p\u00e5 b\u00e5ten. <\/p>\n<p class=\"_paragraph_145nj_4 _paragraph_6fko5_10 layout-component text-serif-m layout-normal text-serif-m layout-padded\">Politiet vil ikke kommentere hvem av de to om bord som var f\u00f8rer av b\u00e5ten.<\/p>\n<p><img alt=\"Foto: Rigmor Sjaastad Hagen\" class=\"_image_jw3bv_65 layout-component layout-normal\" data-fullscreen- data-track-element-type=\"Article image fullscreen\" data-track-name=\"ImageFullscreen\" decoding=\"async\" loading=\"lazy\" height=\"1080\" itemprop=\"image\"  src=\"https:\/\/www.europesays.com\/no\/wp-content\/uploads\/2026\/05\/aea29e18-5e95-30b1-aeee-4ac6a330597e.jpeg\"  style=\"object-position:0% 0%\" width=\"1623\"\/>Foto: Rigmor Sjaastad Hagen<\/p>\n<p class=\"_paragraph_145nj_4 _paragraph_6fko5_10 layout-component text-serif-m layout-normal text-serif-m layout-padded\">\u2013 Er det mistanke om at det har v\u00e6rt rus inne i bildet?<\/p>\n<p class=\"_paragraph_145nj_4 _paragraph_6fko5_10 layout-component text-serif-m layout-normal text-serif-m layout-padded\">\u2013 Blodpr\u00f8ve er tatt, det er vanlig at det blir gjort i en slik etterforskning. Men svaret er ikke klart f\u00f8r om noen uker.<\/p>\n<p class=\"_paragraph_145nj_4 _paragraph_6fko5_10 layout-component text-serif-m layout-normal text-serif-m layout-padded\">Rasmussen sier politiet ogs\u00e5 vil se p\u00e5 b\u00e5tens instrumenter og fors\u00f8ke \u00e5 hente ut hastighetsdata.<\/p>\n<p class=\"_paragraph_145nj_4 _paragraph_6fko5_10 layout-component text-serif-m layout-normal text-serif-m layout-padded\">\u2013 Mistenker politiet h\u00f8y hastighet?<\/p>\n<p class=\"_paragraph_145nj_4 _paragraph_6fko5_10 layout-component text-serif-m layout-normal text-serif-m layout-padded\">\u2013 Noe hastighet kan det ha v\u00e6rt for \u00e5 komme opp p\u00e5 holmen. Og en slik stans i en b\u00e5t der man ikke er godt sikret, kan f\u00e5 uheldig utfall. <\/p>\n<p class=\"_paragraph_145nj_4 _paragraph_6fko5_10 layout-component text-serif-m layout-normal text-serif-m layout-padded\">\u2013 Men det kan ogs\u00e5 v\u00e6re at man ikke har v\u00e6rt godt kjent, og at det har v\u00e6rt m\u00f8rkt. Dette er farvann som ikke er enkelt \u00e5 orientere seg i, med mye holmer og skj\u00e6r. <\/p>\n<p class=\"_paragraph_145nj_4 _paragraph_6fko5_10 layout-component text-serif-m layout-normal text-serif-m layout-padded\">Ulykken skjedde ved Storlauv\u00f8ya, i n\u00e6rheten av Atlanterhavsvegen i M\u00f8re og Romsdal.<\/p>\n<p>Aktiver kart<\/p>\n<p class=\"_paragraph_145nj_4 _paragraph_6fko5_10 layout-component text-serif-m layout-normal text-serif-m layout-padded\">Rasmussen sier det er litt b\u00e5ttrafikk i omr\u00e5det, men ikke \u00abp\u00e5 denne tiden av d\u00f8gnet\u00bb.<\/p>\n<p class=\"_paragraph_145nj_4 _paragraph_6fko5_10 layout-component text-serif-m layout-normal text-serif-m layout-padded\"><strong class=\"_strong_145nj_25\">Politiet fikk melding om b\u00e5tulykken kl. 01.40 natt til s\u00f8ndag. <\/strong><\/p>\n<p class=\"_paragraph_145nj_4 _paragraph_6fko5_10 layout-component text-serif-m layout-normal text-serif-m layout-padded\">Redningsaksjonen p\u00e5 stedet ble avsluttet i 04.30-tiden, etter at de to involverte var tatt h\u00e5nd om av helsevesenet, melder <a href=\"https:\/\/www.tk.no\/bat-har-gatt-pa-grunn-store-ressurser-sendt-til-atlanterhavsveien\/s\/5-51-1849061\" class=\"_link_145nj_39\" rel=\"nofollow noopener\" target=\"_blank\">Tidens Krav<\/a>. If\u00f8lge avisen var det en storstilt redningsaksjon med brannvesen, flere ambulanser, redningshelikopter og luftambulanse. <\/p>\n<p>Ordf\u00f8reren: \u2013 Ber\u00f8rer oss alle<img decoding=\"async\" alt=\"Bilde av Ingrid Ovidie Rang\u00f8nes \" class=\"_image_148z4_25\" height=\"33\" itemprop=\"image\" loading=\"lazy\"  src=\"https:\/\/www.europesays.com\/no\/wp-content\/uploads\/2026\/05\/45bdb9b5-9a9d-3c01-982e-b2a8c7858476.jpeg\"  width=\"40\"\/><strong class=\"_name_148z4_34 title-serif-xs\">Ingrid Ovidie Rang\u00f8nes <\/strong><\/p>\n<p class=\"_paragraph_145nj_4 text-sans-m _description_148z4_39\">Ordf\u00f8rer i Aver\u00f8y<\/p>\n<p class=\"_paragraph_145nj_4 _paragraph_6fko5_10 layout-component text-serif-m layout-normal text-serif-m layout-padded\">Den avd\u00f8de mannen i 30-\u00e5rene er fra omr\u00e5det rundt <a href=\"https:\/\/www.vg.no\/tag\/averoey?utm_source=vg-article&amp;utm_medium=auto-tagger&amp;utm_campaign=K8Lxzo\" class=\"_link_145nj_39\" rel=\"nofollow noopener\" target=\"_blank\">Aver\u00f8y<\/a>. Det samme er mannen som ble fl\u00f8yet til sykehus. <\/p>\n<p class=\"_paragraph_145nj_4 _paragraph_6fko5_10 layout-component text-serif-m layout-normal text-serif-m layout-padded\">Ordf\u00f8rer Ingrid Ovidie Rang\u00f8nes (Ap) sier til VG at det er en veldig trist dag for Aver\u00f8ysamfunnet.<\/p>\n<p class=\"_paragraph_145nj_4 _paragraph_6fko5_10 layout-component text-serif-m layout-normal text-serif-m layout-padded\">\u2013 Det er en tragisk ulykke som ber\u00f8rer oss alle. Dette er en \u00f8y der mange kjenner hverandre og de fleste vet om hverandre. Vi er preget av det. Og tankene g\u00e5r til de to unge mennenes familie og alle andre ber\u00f8rte. S\u00e5 det er en trist, tung dag i Aver\u00f8y.<\/p>\n<p class=\"_paragraph_145nj_4 _paragraph_6fko5_10 layout-component text-serif-m layout-normal text-serif-m layout-padded\">Rang\u00f8nes sier kommunens kriseteam ble koblet p\u00e5 umiddelbart som f\u00f8lge av ulykken. <\/p>\n<p class=\"_paragraph_145nj_4 _paragraph_6fko5_10 layout-component text-serif-m layout-normal text-serif-m layout-padded\">\u2013 Jeg har hatt samtaler med dem gjennom dagen og alle de involverte blir fulgt opp.<\/p>\n","protected":false},"excerpt":{"rendered":"Lokalsamfunnet er preget av b\u00e5tulykken der en mann i 30-\u00e5rene mistet livet. Politiet vil unders\u00f8ke ulykkesb\u00e5ten. En fritidsb\u00e5t&hellip;\n","protected":false},"author":2,"featured_media":228760,"comment_status":"","ping_status":"","sticky":false,"template":"","format":"standard","meta":{"footnotes":"","_share_on_mastodon":"0"},"categories":[10],"tags":[297,7348,20,21,24,25,15,22,23,13,30,28,29,14,16,111,26,27],"class_list":["post-228759","post","type-post","status-publish","format-standard","has-post-thumbnail","category-norge","tag-averoy","tag-batulykke","tag-breaking-news","tag-breakingnews","tag-featured-news","tag-featurednews","tag-headlines","tag-latest-news","tag-latestnews","tag-news","tag-no","tag-norge","tag-norway","tag-nyheter","tag-overskrifter","tag-redningsaksjon","tag-top-stories","tag-topstories"],"share_on_mastodon":{"url":"https:\/\/pubeurope.com\/@no\/116512602798208025","error":""},"_links":{"self":[{"href":"https:\/\/www.europesays.com\/no\/wp-json\/wp\/v2\/posts\/228759","targetHints":{"allow":["GET"]}}],"collection":[{"href":"https:\/\/www.europesays.com\/no\/wp-json\/wp\/v2\/posts"}],"about":[{"href":"https:\/\/www.europesays.com\/no\/wp-json\/wp\/v2\/types\/post"}],"author":[{"embeddable":true,"href":"https:\/\/www.europesays.com\/no\/wp-json\/wp\/v2\/users\/2"}],"replies":[{"embeddable":true,"href":"https:\/\/www.europesays.com\/no\/wp-json\/wp\/v2\/comments?post=228759"}],"version-history":[{"count":0,"href":"https:\/\/www.europesays.com\/no\/wp-json\/wp\/v2\/posts\/228759\/revisions"}],"wp:featuredmedia":[{"embeddable":true,"href":"https:\/\/www.europesays.com\/no\/wp-json\/wp\/v2\/media\/228760"}],"wp:attachment":[{"href":"https:\/\/www.europesays.com\/no\/wp-json\/wp\/v2\/media?parent=228759"}],"wp:term":[{"taxonomy":"category","embeddable":true,"href":"https:\/\/www.europesays.com\/no\/wp-json\/wp\/v2\/categories?post=228759"},{"taxonomy":"post_tag","embeddable":true,"href":"https:\/\/www.europesays.com\/no\/wp-json\/wp\/v2\/tags?post=228759"}],"curies":[{"name":"wp","href":"https:\/\/api.w.org\/{rel}","templated":true}]}}