{"id":228790,"date":"2026-05-03T21:21:10","date_gmt":"2026-05-03T21:21:10","guid":{"rendered":"https:\/\/www.europesays.com\/no\/228790\/"},"modified":"2026-05-03T21:21:10","modified_gmt":"2026-05-03T21:21:10","slug":"brutalt-knivangrep-pa-apen-gate-ryster-barcelona","status":"publish","type":"post","link":"https:\/\/www.europesays.com\/no\/228790\/","title":{"rendered":"Brutalt knivangrep p\u00e5 \u00e5pen gate ryster Barcelona"},"content":{"rendered":"<p><strong>I Barcelona ble en kvinne drept i et brutalt knivangrep p\u00e5 \u00e5pen gate, der vitner som s\u00e5 p\u00e5 hendelsen, ble rystet. Angrepet fant sted p\u00e5 formiddagen i Esplugues de Llobregat, en bydel vest for den kjente Camp Nou stadion, rundt klokken 11.00.<\/strong><\/p>\n<blockquote class=\"twitter-tweet\">\n<p lang=\"en\" dir=\"ltr\">\ud83c\uddea\ud83c\uddf8\ud83d\udd34JUST IN: This man stabbed an Asian teenage girl to death today in Barcelona, Spain.<\/p>\n<p>The young woman was stabbed mainly in the thorax and neck in the random attack. She suffered massive blood loss and died on the spot.<\/p>\n<p>A 58-year-old man was also stabbed during the incident\u2026 <a href=\"https:\/\/t.co\/6mS3wfxE6V\" rel=\"nofollow\">pic.twitter.com\/6mS3wfxE6V<\/a><\/p>\n<p>\u2014 Remix News &amp; Views (@RMXnews) <a href=\"https:\/\/twitter.com\/RMXnews\/status\/2050678131783348454?ref_src=twsrc%5Etfw\" rel=\"nofollow noopener\" target=\"_blank\">May 2, 2026<\/a><\/p><\/blockquote>\n<p>Politiet i Barcelona bekrefter at de har arrestert en mistenkt, men jobber fortsatt med \u00e5 finne ut om det var et tilfeldig angrep eller om angriperen kjente sitt offer. <\/p>\n<p>\u2013 Det er ingen indikasjoner p\u00e5 et romantisk forhold mellom de to, og vi fokuserer p\u00e5 teorien om at det var et tilfeldig knivangrep, sier politiet til <a href=\"http:\/\/IwY2xjawRkdfpleHRuA2FlbQIxMABicmlkETB0WTZpZUw2YWl3UnRTaEhkc3J0YwZhcHBfaWQQMjIyMDM5MTc4ODIwMDg5MgABHgp9nHFPN_jNOextlNMQBZA1YSgTL8ZiJXeTs8VDoA7LzQgQrVnduI_7dffP_aem_g4urnDzsptb0Q1gc0iB\" rel=\"nofollow\">Daily Mail.<\/a><\/p>\n<p><strong>Gjerningsmannen skal v\u00e6re arrestert<\/strong><\/p>\n<p>Offeret, som beskrives som \u00abung\u00bb, ble alvorlig skadet i hals, bryst og mage. En 50 \u00e5r gammel mann som fors\u00f8kte \u00e5 gripe inn, ble ogs\u00e5 skadet, men hans skader er ikke livstruende.<\/p>\n<blockquote class=\"twitter-tweet\">\n<p lang=\"en\" dir=\"ltr\">People are now getting stabbed in broad daylight in Barcelona.<\/p>\n<p>The Spanish government responded by granting 500,000 migrants resident status. <a href=\"https:\/\/t.co\/71HHPHqh5q\" rel=\"nofollow\">pic.twitter.com\/71HHPHqh5q<\/a><\/p>\n<p>\u2014 Eyal Yakoby (@EYakoby) <a href=\"https:\/\/twitter.com\/EYakoby\/status\/2050997094912004328?ref_src=twsrc%5Etfw\" rel=\"nofollow noopener\" target=\"_blank\">May 3, 2026<\/a><\/p><\/blockquote>\n<p>Esplugues de Llobregat kommune uttrykker sin sorg i en uttalelse: <\/p>\n<p>\u2013 Vi beklager dypt det voldelige d\u00f8dsfallet og sender v\u00e5re kondolanser til offerets familie og kj\u00e6re. Kommunen ford\u00f8mmer all vold og uttrykker bekymring for hvordan slike hendelser p\u00e5virker samfunnslivet og offentlig sikkerhet.<\/p>\n<p>Politiet bekrefter at de har funnet og arrestert den mistenkte gjerningspersonen, som skal ha v\u00e6rt kledd i jeans, hettegenser og bar en stor svart sekk. Det er forel\u00f8pig utelukket at terrorisme er en motivasjon for angrepet.<\/p>\n<p><script async src=\"https:\/\/platform.twitter.com\/widgets.js\" charset=\"utf-8\"><\/script><\/p>\n","protected":false},"excerpt":{"rendered":"I Barcelona ble en kvinne drept i et brutalt knivangrep p\u00e5 \u00e5pen gate, der vitner som s\u00e5 p\u00e5&hellip;\n","protected":false},"author":2,"featured_media":228791,"comment_status":"","ping_status":"","sticky":false,"template":"","format":"standard","meta":{"footnotes":"","_share_on_mastodon":"0"},"categories":[12],"tags":[20,21,24,25,15,10224,22,23,13,30,28,29,14,16,1515,26,27,42,43,44,45],"class_list":["post-228790","post","type-post","status-publish","format-standard","has-post-thumbnail","category-verden","tag-breaking-news","tag-breakingnews","tag-featured-news","tag-featurednews","tag-headlines","tag-knivdrap","tag-latest-news","tag-latestnews","tag-news","tag-no","tag-norge","tag-norway","tag-nyheter","tag-overskrifter","tag-spania","tag-top-stories","tag-topstories","tag-verden","tag-world","tag-world-news","tag-worldnews"],"share_on_mastodon":{"url":"https:\/\/pubeurope.com\/@no\/116512744114929557","error":""},"_links":{"self":[{"href":"https:\/\/www.europesays.com\/no\/wp-json\/wp\/v2\/posts\/228790","targetHints":{"allow":["GET"]}}],"collection":[{"href":"https:\/\/www.europesays.com\/no\/wp-json\/wp\/v2\/posts"}],"about":[{"href":"https:\/\/www.europesays.com\/no\/wp-json\/wp\/v2\/types\/post"}],"author":[{"embeddable":true,"href":"https:\/\/www.europesays.com\/no\/wp-json\/wp\/v2\/users\/2"}],"replies":[{"embeddable":true,"href":"https:\/\/www.europesays.com\/no\/wp-json\/wp\/v2\/comments?post=228790"}],"version-history":[{"count":0,"href":"https:\/\/www.europesays.com\/no\/wp-json\/wp\/v2\/posts\/228790\/revisions"}],"wp:featuredmedia":[{"embeddable":true,"href":"https:\/\/www.europesays.com\/no\/wp-json\/wp\/v2\/media\/228791"}],"wp:attachment":[{"href":"https:\/\/www.europesays.com\/no\/wp-json\/wp\/v2\/media?parent=228790"}],"wp:term":[{"taxonomy":"category","embeddable":true,"href":"https:\/\/www.europesays.com\/no\/wp-json\/wp\/v2\/categories?post=228790"},{"taxonomy":"post_tag","embeddable":true,"href":"https:\/\/www.europesays.com\/no\/wp-json\/wp\/v2\/tags?post=228790"}],"curies":[{"name":"wp","href":"https:\/\/api.w.org\/{rel}","templated":true}]}}