{"id":228823,"date":"2026-05-03T23:40:26","date_gmt":"2026-05-03T23:40:26","guid":{"rendered":"https:\/\/www.europesays.com\/no\/228823\/"},"modified":"2026-05-03T23:40:26","modified_gmt":"2026-05-03T23:40:26","slug":"sport-fotball-har-bare-seg-selv-a-takke-for-at-de-har-rotet-bort-fire-poeng","status":"publish","type":"post","link":"https:\/\/www.europesays.com\/no\/228823\/","title":{"rendered":"Sport, Fotball | Har bare seg selv \u00e5 takke for at de har rotet bort fire poeng"},"content":{"rendered":"\n<p>Fire minutter p\u00e5 overtid steg midtstopper Ethan Amundsen-Day til v\u00e6rs og headet inn 1-1. For andre helg p\u00e5 rad hadde Kristiansund rotet bort en seier i sluttfasen av en kamp.<\/p>\n<p>Sist helgs resultat mot Aalesund var p\u00e5 mange m\u00e5ter til \u00e5 leve med. Da var det egentlig fortjent at hjemmelaget utlignet fem minutter f\u00f8r full tid.<\/p>\n<p>S\u00f8ndagens poengdeling var derimot blytung \u00e5 svelge. For dette var en kamp som hjemmelaget skulle ha vunnet.<\/p>\n<p>  <a href=\"https:\/\/www.tk.no\/5-51-1848108\" class=\"related-teaser has-image article--c-MkAkR\" rel=\"nofollow noopener\" target=\"_blank\"><\/p>\n<p>    <img decoding=\"async\" width=\"155\"  loading=\"lazy\"  src=\"https:\/\/www.europesays.com\/no\/wp-content\/uploads\/2026\/05\/igor.jpg\" alt=\"\" class=\"brick-c-cFOWSL\" style=\"\"\/><\/p>\n<p>\n            Les ogs\u00e5<\/p>\n<p>            Har ambisjoner om spille p\u00e5 bedre lag enn KBK\n        <\/p>\n<p>  <\/a><\/p>\n<p>  <a href=\"https:\/\/www.tk.no\/5-51-1849251\" class=\"related-teaser has-image article--c-MkAkR\" rel=\"nofollow noopener\" target=\"_blank\"><\/p>\n<p>    <img decoding=\"async\" width=\"155\"  loading=\"lazy\"  src=\"https:\/\/www.europesays.com\/no\/wp-content\/uploads\/2026\/05\/1777851626_321_NTB_Rpuw8neeyKg.jpg\" alt=\"\" class=\"brick-c-cFOWSL\" style=\"\"\/><\/p>\n<p>\n            Les ogs\u00e5<\/p>\n<p>            KBK mistet to poeng p\u00e5 overtid: \u2013 Det er s\u00e5 kjipt\n        <\/p>\n<p>  <\/a><br \/>\n  Ble for mange bytter<\/p>\n<p>HamKam var tafatte, d\u00e5rlige og s\u00e5 ut som et lag som ikke har niv\u00e5et inne til \u00e5 spille i Eliteserien. Det er et av fotballens mysterier at mannskapet til Thomas Myhre st\u00e5r med ti poeng etter \u00e5 ha spilt seks kamper. S\u00e5 svake var faktisk laget fra Hedmarken denne iskalde kvelden p\u00e5 Nordm\u00f8re stadion.<\/p>\n<p>Det var ikke s\u00e5nn at KBK heller var s\u00e5 blendende gode, men de var likevel b\u00e5de kollektivt og individuelt s\u00e5 mye bedre enn gjestene at ett poeng rett og slett ikke er bra nok.<\/p>\n<p>Amund Skiri ville ikke bruke ordet feig i sin oppsummering av kampen, men det m\u00e5 v\u00e6re lov \u00e5 stille sp\u00f8rsm\u00e5l ved trenerens disponeringer etter at Leander N\u00e6ss Alvheim hadde sendt bl\u00e5tr\u00f8yene i f\u00f8ringen etter 60 minutter spill.<\/p>\n<p>I sum ble det gjort fem bytter etter scoringen. Det gjorde at relasjoner forsvant, og at KBK &#8211; p\u00e5 samme m\u00e5te som mot Aalesund sist helg &#8211; p\u00e5 mange m\u00e5ter sluttet \u00e5 spille fotball. Alt ble fokusert p\u00e5 at ledelsen skulle forsvares.<\/p>\n<p>L\u00e6rdommen m\u00e5 i hvert fall v\u00e6re at Kristiansund i dag har et lag som er best n\u00e5r de fors\u00f8ker \u00e5 spille fotball med m\u00e5l om \u00e5 score. Og ikke n\u00e5r de skal forsvare seg og ri p\u00e5 en ledelse.<\/p>\n<p>HamKam greide \u00e5 spille mer og mer inne p\u00e5 KBKs halvdel i sluttfasen. De satte inn alt de hadde av spillere med fysikk, og greide \u00e5 trykke hjemmelaget bakover. Og p\u00e5 en corner langt inn i overtid kom alts\u00e5 utligningen.<\/p>\n<p>Meliga kom for seint<\/p>\n<p>Spillerne i bl\u00e5 drakter l\u00e5 slagne p\u00e5 gressmatta etter at dommer Christian Moen bl\u00e5ste for siste gang. Det er ikke f\u00f8rste gang KBK roter vekk en seier p\u00e5 slutten, men skuffelsen over at det glipper, har knapt v\u00e6rt st\u00f8rre enn den var s\u00f8ndag.<\/p>\n<p>Spissene Leander N\u00e6ss Alvheim og Mustapha Isah ble tatt av banen etter 84 minutter. Det var merkelig at Promise Meliga ikke kom p\u00e5 banen da to av tre i frontrekka ble vinket ut.<\/p>\n<p>KBKs toppscorer ble sittende p\u00e5 benken til det var spilt 92 minutter. Og da ga det liksom ingen mening \u00e5 bytte ham inn. P\u00e5 dette tidspunktet handlet alt om \u00e5 ro seieren i land. Da er det ikke en liten og driblesterk angrepsspiller KBK i utgangspunktet har mest bruk for.<\/p>\n<p>N\u00e5 venter tre bortekamper p\u00e5 rad. Sandefjord, Molde og Lillestr\u00f8m er p\u00e5 et helt annet niv\u00e5 enn HamKam. Tr\u00f8sten f\u00e5r v\u00e6re at KBK ofte har en tendens til \u00e5 v\u00e6re best n\u00e5r de g\u00e5r p\u00e5 banen som en underdog. De har i hvert fall taklet d\u00e5rlig \u00e5 v\u00e6re favoritter de siste to ukene.<\/p>\n<p><a class=\"brick-c-hOTghF\" href=\"#skip-\">Hopp over karusellen.<\/a><\/p>\n<p data-static=\"\" class=\"brick-c-fgNmNC\" id=\"carousel-title-\">Innholdskarusell med 14 artikler.<\/p>\n<ul data-static=\"\" aria-label=\"Navigasjon for innholdskarusell\" class=\"carousel-nav\">\n<li>\n<\/li>\n<li>\n<\/li>\n<\/ul>\n","protected":false},"excerpt":{"rendered":"Fire minutter p\u00e5 overtid steg midtstopper Ethan Amundsen-Day til v\u00e6rs og headet inn 1-1. For andre helg p\u00e5&hellip;\n","protected":false},"author":2,"featured_media":228824,"comment_status":"","ping_status":"","sticky":false,"template":"","format":"standard","meta":{"footnotes":"","_share_on_mastodon":"0"},"categories":[59],"tags":[36,134,92,3219,298,30,28,29,1533,83,82],"class_list":["post-228823","post","type-post","status-publish","format-standard","has-post-thumbnail","category-sport","tag-art","tag-eliteserien","tag-fotball","tag-kbk","tag-kristiansund","tag-no","tag-norge","tag-norway","tag-opinion","tag-sport","tag-sports"],"share_on_mastodon":{"url":"https:\/\/pubeurope.com\/@no\/116513290958280898","error":""},"_links":{"self":[{"href":"https:\/\/www.europesays.com\/no\/wp-json\/wp\/v2\/posts\/228823","targetHints":{"allow":["GET"]}}],"collection":[{"href":"https:\/\/www.europesays.com\/no\/wp-json\/wp\/v2\/posts"}],"about":[{"href":"https:\/\/www.europesays.com\/no\/wp-json\/wp\/v2\/types\/post"}],"author":[{"embeddable":true,"href":"https:\/\/www.europesays.com\/no\/wp-json\/wp\/v2\/users\/2"}],"replies":[{"embeddable":true,"href":"https:\/\/www.europesays.com\/no\/wp-json\/wp\/v2\/comments?post=228823"}],"version-history":[{"count":0,"href":"https:\/\/www.europesays.com\/no\/wp-json\/wp\/v2\/posts\/228823\/revisions"}],"wp:featuredmedia":[{"embeddable":true,"href":"https:\/\/www.europesays.com\/no\/wp-json\/wp\/v2\/media\/228824"}],"wp:attachment":[{"href":"https:\/\/www.europesays.com\/no\/wp-json\/wp\/v2\/media?parent=228823"}],"wp:term":[{"taxonomy":"category","embeddable":true,"href":"https:\/\/www.europesays.com\/no\/wp-json\/wp\/v2\/categories?post=228823"},{"taxonomy":"post_tag","embeddable":true,"href":"https:\/\/www.europesays.com\/no\/wp-json\/wp\/v2\/tags?post=228823"}],"curies":[{"name":"wp","href":"https:\/\/api.w.org\/{rel}","templated":true}]}}