{"id":229115,"date":"2026-05-04T10:18:14","date_gmt":"2026-05-04T10:18:14","guid":{"rendered":"https:\/\/www.europesays.com\/no\/229115\/"},"modified":"2026-05-04T10:18:14","modified_gmt":"2026-05-04T10:18:14","slug":"etterforsker-ulovlig-hyttebygging-arkitekt-siktet","status":"publish","type":"post","link":"https:\/\/www.europesays.com\/no\/229115\/","title":{"rendered":"Etterforsker ulovlig hytte\u00adbygging \u2013 arkitekt siktet"},"content":{"rendered":"\n<p class=\"_lead_145nj_2 _lead_6fko5_53 layout-component text-serif-m layout-normal text-serif-l layout-component layout-wide layout-padded _wide_17hqh_1 layout-padded\">Ti fritidsboliger langs Oslofjorden har havnet i politiets s\u00f8kelys. Arkitekten avviser anklagene.<\/p>\n<ul aria-hidden=\"true\" class=\"_images_ntbth_112\">\n<li><a class=\"_link_ntbth_117\" href=\"https:\/\/www.vg.no\/forfatter\/ingrid-bjoerndal-farestvedt\" style=\"z-index:1\" title=\"Ingrid Bj\u00f8rndal Farestvedt\" rel=\"nofollow noopener\" target=\"_blank\"><img alt=\"Bilde av Ingrid Bj\u00f8rndal Farestvedt\" class=\"_image_ntbth_93\" fetchpriority=\"low\" loading=\"lazy\" decoding=\"async\" itemprop=\"image\"  src=\"https:\/\/www.europesays.com\/no\/wp-content\/uploads\/2026\/05\/1777889892_194_0ca626e9-b4bd-4417-836d-161b53cb789f.jpeg\"  width=\"480\"\/><\/a><\/li>\n<\/ul>\n<p> Oppdatert mandag 4. mai kl. 11:49    <\/p>\n<ul class=\"_list_145nj_3 _list_64s2r_85 _unordered_145nj_106 text-sans-m\">\n<li class=\"_item_145nj_30\">En arkitekt i Fredrikstad er siktet for brudd p\u00e5 plan- og bygningsloven. Vedkommende avviser anklagene.<\/li>\n<li class=\"_item_145nj_30\">Sakene gjelder eiendommer i Fredrikstad, Hvaler og Moss.<\/li>\n<li class=\"_item_145nj_30\">Etterforskningen inkluderer ransakinger og beslag av dokumenter.<\/li>\n<\/ul>\n<p>Vis mer <\/p>\n<p class=\"_paragraph_145nj_4 _paragraph_6fko5_10 layout-component text-serif-m layout-normal text-serif-m layout-padded\">N\u00e5 er det opprettet straffesaker knyttet til eiendommene, melder <a href=\"https:\/\/www.vg.no\/tag\/oest-politidistrikt?utm_source=vg-article&amp;utm_medium=auto-tagger&amp;utm_campaign=zO0p84\" class=\"_link_145nj_39\" rel=\"nofollow noopener\" target=\"_blank\">\u00d8st politidistrikt<\/a> i en <a href=\"https:\/\/www.politiet.no\/nyheter-og-presse\/ost\/nyhet\/2026-05-04\/oppdatering-etterforskning-av-brudd-pa-plan-og-bygningsloven\" class=\"_link_145nj_39\" rel=\"nofollow noopener\" target=\"_blank\">pressemelding<\/a>.<\/p>\n<p class=\"_paragraph_145nj_4 _paragraph_6fko5_10 layout-component text-serif-m layout-normal text-serif-m layout-padded\">En arkitekt i Fredrikstad er mistenkt for brudd p\u00e5 plan- og bygningslovenplan- og bygningslovenEn norsk lov som regulerer hvordan man kan bygge og bruke bygninger og eiendommer. etter \u00e5 ha st\u00e5tt som ansvarlig s\u00f8ker for flere hytter og fritidsboliger. <\/p>\n<p class=\"_paragraph_145nj_4 _paragraph_6fko5_10 layout-component text-serif-m layout-normal text-serif-m layout-padded\"><strong class=\"_strong_145nj_25\">Saken gjelder til sammen ti eiendommer i Fredrikstad, Hvaler og Moss. <\/strong><\/p>\n<p class=\"_paragraph_145nj_4 _paragraph_6fko5_10 layout-component text-serif-m layout-normal text-serif-m layout-padded\">Etterforskningen startet i oktober i fjor. Den gang ble arkitekten varetektsfengslet i to uker.<\/p>\n<p class=\"_paragraph_145nj_4 _paragraph_6fko5_10 layout-component text-serif-m layout-normal text-serif-m layout-padded\">Politiet har g\u00e5tt gjennom en rekke saker der det er avvik mellom det som er oms\u00f8kt og det som faktisk er bygget, skriver de i pressemeldingen.<\/p>\n<p class=\"_paragraph_145nj_4 _paragraph_6fko5_10 layout-component text-serif-m layout-normal text-serif-m layout-padded\">\u2013 Vi belyser avvik mellom det som det er s\u00f8kt tillatelse til \u00e5 bygge og det som endelig er oppf\u00f8rt, sier p\u00e5taleansvarlig Morten Lund\u00e9n.<\/p>\n<p class=\"_paragraph_145nj_4 _paragraph_6fko5_10 layout-component text-serif-m layout-normal text-serif-m layout-padded\"><strong class=\"_strong_145nj_25\">Arkitekten avviser anklagene, skriver <a href=\"https:\/\/www.f-b.no\/arkitekt-saken-fortsetter-a-vokse-nye-ulovligheter-i-strandsonen\/s\/5-59-3891079\" class=\"_link_145nj_39\" rel=\"nofollow noopener\" target=\"_blank\">Fredrikstad Blad<\/a>.<\/strong><\/p>\n<p class=\"_paragraph_145nj_4 _paragraph_6fko5_10 layout-component text-serif-m layout-normal text-serif-m layout-padded\">If\u00f8lge avisen mener vedkommende at feilene gjelder mindre avvik og justeringer gjort av hytteeierne selv.<\/p>\n<ul class=\"_list_145nj_3 _list_6fko5_9 _unordered_145nj_106 layout-component text-serif-m layout-normal text-serif-m layout-padded\">\n<li class=\"_item_145nj_30\">I de fleste tilfellene er det bygget for store kjellere \u2013 eller kjellere det ikke er s\u00f8kt om, melder politiet.<\/li>\n<li class=\"_item_145nj_30\">Flere plattinger er ogs\u00e5 langt st\u00f8rre enn tillatt. <\/li>\n<li class=\"_item_145nj_30\">I tillegg er det satt opp for store bygg, if\u00f8lge politiet.<\/li>\n<\/ul>\n<p class=\"_paragraph_145nj_4 _paragraph_6fko5_10 layout-component text-serif-m layout-normal text-serif-m layout-padded\">\u2013 Plan- og bygningsloven bygger p\u00e5 tillit mellom s\u00f8ker og myndigheter. Det er viktig \u00e5 avklare om denne tilliten er brutt, sier Lund\u00e9n.<\/p>\n<p class=\"_paragraph_145nj_4 _paragraph_6fko5_10 layout-component text-serif-m layout-normal text-serif-m layout-padded\">Som ledd i etterforskningen har politiet gjennomf\u00f8rt ransakinger og tatt beslag i elektroniske enheter og saksmapper fra arkitektkontoret.<\/p>\n<p class=\"_paragraph_145nj_4 _paragraph_6fko5_10 layout-component text-serif-m layout-normal text-serif-m layout-padded\"><strong class=\"_strong_145nj_25\">Eiendommene ligger gjennomg\u00e5ende i 100-metersbeltet100-metersbeltetEt omr\u00e5de langs kysten hvor det er strenge regler for bygging for \u00e5 beskytte naturen. langs sj\u00f8en. <\/strong><\/p>\n<p class=\"_paragraph_145nj_4 _paragraph_6fko5_10 layout-component text-serif-m layout-normal text-serif-m layout-padded\">Politiet peker p\u00e5 at handlingene kan f\u00f8re til privatisering av naturen og innskrenke allemannsrettenallemannsrettenEn lov som gir alle rett til \u00e5 ferdes fritt i naturen, ogs\u00e5 p\u00e5 privat eiendom, s\u00e5 lenge man viser hensyn..<\/p>\n<p class=\"_paragraph_145nj_4 _paragraph_6fko5_10 layout-component text-serif-m layout-normal text-serif-m layout-padded\">\u2013 Allemannsretten sikrer at naturen er tilgjengelig for alle, og hindrer at viktige omr\u00e5der blir privatisert. Det er avgj\u00f8rende for b\u00e5de fellesskapet, naturvernet og tilliten til hvordan vi forvalter arealene v\u00e5re, sier politiadvokaten.<\/p>\n<p>    <img decoding=\"async\" alt=\"Tips oss illustrasjon\" src=\"https:\/\/www.europesays.com\/no\/wp-content\/uploads\/2026\/05\/pssst-small.webp.webp\"\/>    <\/p>\n<p class=\"title-serif-s\">Har du tips?<\/p>\n<p class=\"text-sans-m\">Send oss informasjon, bilder eller video.<\/p>\n<p>  <a href=\"https:\/\/www.vg.no\/tips-oss\" rel=\"nofollow noopener\" target=\"_blank\"> Tips oss <\/a>      <\/p>\n","protected":false},"excerpt":{"rendered":"Ti fritidsboliger langs Oslofjorden har havnet i politiets s\u00f8kelys. Arkitekten avviser anklagene. Oppdatert mandag 4. mai kl. 11:49&hellip;\n","protected":false},"author":2,"featured_media":229116,"comment_status":"","ping_status":"","sticky":false,"template":"","format":"standard","meta":{"footnotes":"","_share_on_mastodon":"0"},"categories":[10],"tags":[20,21,24,25,757,15,853,22,23,116,13,30,28,29,14,16,415,26,27,46],"class_list":["post-229115","post","type-post","status-publish","format-standard","has-post-thumbnail","category-norge","tag-breaking-news","tag-breakingnews","tag-featured-news","tag-featurednews","tag-fredrikstad","tag-headlines","tag-hvaler","tag-latest-news","tag-latestnews","tag-moss","tag-news","tag-no","tag-norge","tag-norway","tag-nyheter","tag-overskrifter","tag-ost-politidistrikt","tag-top-stories","tag-topstories","tag-vgai"],"share_on_mastodon":{"url":"https:\/\/pubeurope.com\/@no\/116515799846570650","error":""},"_links":{"self":[{"href":"https:\/\/www.europesays.com\/no\/wp-json\/wp\/v2\/posts\/229115","targetHints":{"allow":["GET"]}}],"collection":[{"href":"https:\/\/www.europesays.com\/no\/wp-json\/wp\/v2\/posts"}],"about":[{"href":"https:\/\/www.europesays.com\/no\/wp-json\/wp\/v2\/types\/post"}],"author":[{"embeddable":true,"href":"https:\/\/www.europesays.com\/no\/wp-json\/wp\/v2\/users\/2"}],"replies":[{"embeddable":true,"href":"https:\/\/www.europesays.com\/no\/wp-json\/wp\/v2\/comments?post=229115"}],"version-history":[{"count":0,"href":"https:\/\/www.europesays.com\/no\/wp-json\/wp\/v2\/posts\/229115\/revisions"}],"wp:featuredmedia":[{"embeddable":true,"href":"https:\/\/www.europesays.com\/no\/wp-json\/wp\/v2\/media\/229116"}],"wp:attachment":[{"href":"https:\/\/www.europesays.com\/no\/wp-json\/wp\/v2\/media?parent=229115"}],"wp:term":[{"taxonomy":"category","embeddable":true,"href":"https:\/\/www.europesays.com\/no\/wp-json\/wp\/v2\/categories?post=229115"},{"taxonomy":"post_tag","embeddable":true,"href":"https:\/\/www.europesays.com\/no\/wp-json\/wp\/v2\/tags?post=229115"}],"curies":[{"name":"wp","href":"https:\/\/api.w.org\/{rel}","templated":true}]}}