{"id":229174,"date":"2026-05-04T11:32:49","date_gmt":"2026-05-04T11:32:49","guid":{"rendered":"https:\/\/www.europesays.com\/no\/229174\/"},"modified":"2026-05-04T11:32:49","modified_gmt":"2026-05-04T11:32:49","slug":"brussel-vil-ta-grep-som-endrer-europa-for-alltid-inyheter-no","status":"publish","type":"post","link":"https:\/\/www.europesays.com\/no\/229174\/","title":{"rendered":"Brussel vil ta grep som endrer Europa for alltid (+) &#8211; inyheter.no"},"content":{"rendered":"<ol>\n<li><a href=\"https:\/\/news.google.com\/rss\/articles\/CBMihwFBVV95cUxNQndZX3J3emFObFJJZVE0Q0xXQ3h3Y2hESzBaQVlzSXBXYW9CWnZtYy1zQXNKUGNhWl9nR0hVdnp2dzVsR0w3dHo3WWk3RGE1Q0lYNkxpU293NTBtNWx1QTMxclExWVFqdnZPSG1oVE96aGNDeld5RFJ0cGF4S1F1TnJUS2lYalk?oc=5\" target=\"_blank\" rel=\"nofollow noopener\">Brussel vil ta grep som endrer Europa for alltid (+)<\/a>&nbsp;&nbsp;inyheter.no<\/li>\n<li><a href=\"https:\/\/news.google.com\/rss\/articles\/CBMikgFBVV95cUxQQTFzWG9xTXRfa0xsV3hURWY4blNia0kyMnNtTjRxOWhwaDdIRlNPcDFSRDZETVEyZXhyQTNvbmhfYlRnWHAzSzFncnEwdHdKa2F3N2dYUlUtSk5rbGVqdmRZQ1NzbU1tR0JBNng2Qk1VTTkyX04wQmMzX21wcUZHVHdDTUVQaDZrT1cwVWtSTXctZw?oc=5\" target=\"_blank\" rel=\"nofollow noopener\">EU-topp: Europa skal bli mer selvstendig<\/a>&nbsp;&nbsp;adressa.no<\/li>\n<li><a href=\"https:\/\/news.google.com\/rss\/articles\/CBMiiAFBVV95cUxQVWZxckVIY21RSXBqZjNQaFVQQkV3UXowRFNtdFVYejRKX0JwOE9pVERwUDlPWFJ1NEhTR0haMzRfaUVhRGJ1SHREaTFYakROR0RBVmx3TlJCVjBZZm45ZEpsLWN1ZjdlN2R3UVR5ZkhkS0lhM0ZVR2FmUGhzVUR5c1hVTl9rUlpJ?oc=5\" target=\"_blank\" rel=\"nofollow noopener\">Europa f\u00e5r kritikk: \u2013 Klamrer seg til en verden som er borte<\/a>&nbsp;&nbsp;geopolitika.no<\/li>\n<li><a href=\"https:\/\/news.google.com\/rss\/articles\/CBMiigFBVV95cUxPSXhORmpuU0tMdV9GWXg5NkhoT1JzaC1OU2NiMG9aMzNSNk1yeXZXendURWp5UWVxcVVlZTJPOENJTFJHMTcyU0JjWUkwT3hYRnZZclNrbExzZzB6eDRQOG0xMFRwdFVoekpINHB6eDlOdlY5cDhPSmFCMHkyQ3NSTlZmWU1VZTNieUE?oc=5\" target=\"_blank\" rel=\"nofollow noopener\">Von der Leyen varsler krafttak: Europa m\u00e5 st\u00e5 mer p\u00e5 egne bein<\/a>&nbsp;&nbsp;Investornytt<\/li>\n<li><a href=\"https:\/\/news.google.com\/rss\/articles\/CBMikgFBVV95cUxOcEdEbERPVXExNW5SUnRrcm5SUXBXN0dLNWR3T2FEcEpIdVN2Y1h4UW9SQnJQQTVoUnNFQ2lmZENURS1sNFJ4QXFoak5uendfQmxKb1RQZTAwQ2JYNmtULUkwWEk3ejItX29ObG9GMnNWbEg4M0NVQXNDdDhHbUVvbTI3dnhheHVwMFFjanBLM0hWZw?oc=5\" target=\"_blank\" rel=\"nofollow noopener\">EU, Ursula von der Leyen | EU-topp: Europa skal bli mer selvstendig<\/a>&nbsp;&nbsp;Nettavisen<\/li>\n<\/ol>\n","protected":false},"excerpt":{"rendered":"Brussel vil ta grep som endrer Europa for alltid (+)&nbsp;&nbsp;inyheter.no EU-topp: Europa skal bli mer selvstendig&nbsp;&nbsp;adressa.no Europa f\u00e5r&hellip;\n","protected":false},"author":2,"featured_media":229175,"comment_status":"","ping_status":"","sticky":false,"template":"","format":"standard","meta":{"footnotes":"","_share_on_mastodon":"0"},"categories":[12],"tags":[20,21,279,24,25,15,22,23,98,13,30,28,29,14,16,26,27,2155,42,43,44,45],"class_list":["post-229174","post","type-post","status-publish","format-standard","has-post-thumbnail","category-verden","tag-breaking-news","tag-breakingnews","tag-eu","tag-featured-news","tag-featurednews","tag-headlines","tag-latest-news","tag-latestnews","tag-migranter","tag-news","tag-no","tag-norge","tag-norway","tag-nyheter","tag-overskrifter","tag-top-stories","tag-topstories","tag-ursula-von-der-leyen","tag-verden","tag-world","tag-world-news","tag-worldnews"],"share_on_mastodon":{"url":"https:\/\/pubeurope.com\/@no\/116516094413936595","error":""},"_links":{"self":[{"href":"https:\/\/www.europesays.com\/no\/wp-json\/wp\/v2\/posts\/229174","targetHints":{"allow":["GET"]}}],"collection":[{"href":"https:\/\/www.europesays.com\/no\/wp-json\/wp\/v2\/posts"}],"about":[{"href":"https:\/\/www.europesays.com\/no\/wp-json\/wp\/v2\/types\/post"}],"author":[{"embeddable":true,"href":"https:\/\/www.europesays.com\/no\/wp-json\/wp\/v2\/users\/2"}],"replies":[{"embeddable":true,"href":"https:\/\/www.europesays.com\/no\/wp-json\/wp\/v2\/comments?post=229174"}],"version-history":[{"count":0,"href":"https:\/\/www.europesays.com\/no\/wp-json\/wp\/v2\/posts\/229174\/revisions"}],"wp:featuredmedia":[{"embeddable":true,"href":"https:\/\/www.europesays.com\/no\/wp-json\/wp\/v2\/media\/229175"}],"wp:attachment":[{"href":"https:\/\/www.europesays.com\/no\/wp-json\/wp\/v2\/media?parent=229174"}],"wp:term":[{"taxonomy":"category","embeddable":true,"href":"https:\/\/www.europesays.com\/no\/wp-json\/wp\/v2\/categories?post=229174"},{"taxonomy":"post_tag","embeddable":true,"href":"https:\/\/www.europesays.com\/no\/wp-json\/wp\/v2\/tags?post=229174"}],"curies":[{"name":"wp","href":"https:\/\/api.w.org\/{rel}","templated":true}]}}