{"id":229630,"date":"2026-05-04T20:36:21","date_gmt":"2026-05-04T20:36:21","guid":{"rendered":"https:\/\/www.europesays.com\/no\/229630\/"},"modified":"2026-05-04T20:36:21","modified_gmt":"2026-05-04T20:36:21","slug":"ishavskatedralen-tromso-turismen-cruise-eller-katedral","status":"publish","type":"post","link":"https:\/\/www.europesays.com\/no\/229630\/","title":{"rendered":"Ishavskatedralen, Troms\u00f8-turismen | Cruise eller katedral?\u00a0"},"content":{"rendered":"\n<p>Marita og H\u00e5kon <a href=\"https:\/\/www.nordlys.no\/marita-og-hakon-har-en-halvtime-pa-a-gifte-seg-i-ishavskatedralen-sa-kommer-turistene\/s\/5-34-2318694\" rel=\"Follow nofollow noopener\" target=\"_blank\">skal gifte seg i Ishavskatedralen<\/a> til sommeren. De har f\u00e5tt en halvtime til r\u00e5dighet. 30 sm\u00e5 minutter p\u00e5 den store dagen.<\/p>\n<p>Tidsn\u00f8den skyldes ikke at et nytt par skal vies, men at en mengde cruiseturister skal slippe inn i kirka. Forst\u00e5elig nok reagerer det unge paret p\u00e5 dette. <\/p>\n<p>\u2013 Hva er viktig for kirka? Forkynnelse, religi\u00f8se prosedyrer og lokalbefolkningen, eller turisme og penger. Det oppleves som at vi er skvist inn, og at cruisepassasjerene er det viktigste for dem, sier Marita Louise Landr\u00f8 til Nordlys. <\/p>\n<p>Den vordende bruden stiller gode sp\u00f8rsm\u00e5l. Hun setter ord p\u00e5 noe som er st\u00f8rre enn den store begivenheten i parets liv, nemlig hva kirka skal v\u00e6re. <\/p>\n<p>Skal kirka prim\u00e6rt v\u00e6re et sted for kirkelige handlinger for lokalbefolkningen? Eller skal den v\u00e6re et stoppested p\u00e5 sightseeingen til kommersielle akt\u00f8rer, prim\u00e6rt cruisepassasjerer?<\/p>\n<p>Enkelt sagt: Skal kirka v\u00e6re cruise eller katedral? Slik vi ser det, kan det ikke v\u00e6re tvil om at den f\u00f8rst og fremst skal v\u00e6re til for innbyggerne.<\/p>\n<p>Kirka skal v\u00e6re et samlingssted, for mennesker i glede og sorg. Kirka er v\u00e5rt felleseie, og skal brukes til d\u00e5p, konfirmasjon, bryllup og begravelse \u2013 og mye mer. <\/p>\n<p>I utgangspunktet er det positivt at et flott bygg som Ishavskatedralen blir benyttet til andre form\u00e5l enn de klassiske, men den er f\u00f8rst og fremst ei kirke \u2013 ikke en turistattraksjon.<\/p>\n<p>Vi h\u00e5per, tror og forventer at Troms\u00f8 kirkelige fellesr\u00e5d l\u00f8ser den konkrete saken til Marita Louise Landr\u00f8 og H\u00e5kon Bj\u00f8rgo, samt andre tilsvarende saker. Det burde v\u00e6re fullt mulig.<\/p>\n<p>Ishavskatedralen er i en s\u00e6rstilling i v\u00e5r region, med h\u00f8ye bes\u00f8kstall. De fleste andre kirker har motsatt utfordring, nemlig at det sjelden er trangt om plassen.<\/p>\n<p>Kirkene i v\u00e5rt omr\u00e5de kunne med hell v\u00e6rt flittigere brukt. Ikke bare til kirkelige handlinger, men ogs\u00e5 til ulike arrangementer. <\/p>\n<p>Kirkene v\u00e5re er for eksempel godt egnet som konsertscene, men kan ogs\u00e5 benyttes som et m\u00f8tested for debatt, seminarer og andre aktiviteter.<\/p>\n<p>Vi er redd for at den generelt lave bruken av kirkerommet, vil gj\u00f8re det stadig vanskeligere \u00e5 ta v\u00e5re p\u00e5 den kulturskatten kirkene er. <\/p>\n<p>Hvis kirkene ikke brukes, og ikke er viktige for folk flest, frykter vi at kirkebyggene vil d\u00f8 en sakte d\u00f8d. Det m\u00e5 vi unng\u00e5. <\/p>\n","protected":false},"excerpt":{"rendered":"Marita og H\u00e5kon skal gifte seg i Ishavskatedralen til sommeren. De har f\u00e5tt en halvtime til r\u00e5dighet. 30&hellip;\n","protected":false},"author":2,"featured_media":229631,"comment_status":"","ping_status":"","sticky":false,"template":"","format":"standard","meta":{"footnotes":"","_share_on_mastodon":"0"},"categories":[10],"tags":[36,20,21,183,21379,24,25,15,15196,10192,22,23,246,13,30,28,29,14,1533,16,26,27,15660],"class_list":["post-229630","post","type-post","status-publish","format-standard","has-post-thumbnail","category-norge","tag-art","tag-breaking-news","tag-breakingnews","tag-bryllup","tag-cruiseturister","tag-featured-news","tag-featurednews","tag-headlines","tag-ishavskatedralen","tag-kirken","tag-latest-news","tag-latestnews","tag-leder","tag-news","tag-no","tag-norge","tag-norway","tag-nyheter","tag-opinion","tag-overskrifter","tag-top-stories","tag-topstories","tag-tromso-turismen"],"share_on_mastodon":{"url":"https:\/\/pubeurope.com\/@no\/116518229585817008","error":""},"_links":{"self":[{"href":"https:\/\/www.europesays.com\/no\/wp-json\/wp\/v2\/posts\/229630","targetHints":{"allow":["GET"]}}],"collection":[{"href":"https:\/\/www.europesays.com\/no\/wp-json\/wp\/v2\/posts"}],"about":[{"href":"https:\/\/www.europesays.com\/no\/wp-json\/wp\/v2\/types\/post"}],"author":[{"embeddable":true,"href":"https:\/\/www.europesays.com\/no\/wp-json\/wp\/v2\/users\/2"}],"replies":[{"embeddable":true,"href":"https:\/\/www.europesays.com\/no\/wp-json\/wp\/v2\/comments?post=229630"}],"version-history":[{"count":0,"href":"https:\/\/www.europesays.com\/no\/wp-json\/wp\/v2\/posts\/229630\/revisions"}],"wp:featuredmedia":[{"embeddable":true,"href":"https:\/\/www.europesays.com\/no\/wp-json\/wp\/v2\/media\/229631"}],"wp:attachment":[{"href":"https:\/\/www.europesays.com\/no\/wp-json\/wp\/v2\/media?parent=229630"}],"wp:term":[{"taxonomy":"category","embeddable":true,"href":"https:\/\/www.europesays.com\/no\/wp-json\/wp\/v2\/categories?post=229630"},{"taxonomy":"post_tag","embeddable":true,"href":"https:\/\/www.europesays.com\/no\/wp-json\/wp\/v2\/tags?post=229630"}],"curies":[{"name":"wp","href":"https:\/\/api.w.org\/{rel}","templated":true}]}}