{"id":229774,"date":"2026-05-05T04:07:37","date_gmt":"2026-05-05T04:07:37","guid":{"rendered":"https:\/\/www.europesays.com\/no\/229774\/"},"modified":"2026-05-05T04:07:37","modified_gmt":"2026-05-05T04:07:37","slug":"sem-if-friidrett-josefine-25-sikret-gullmedalje","status":"publish","type":"post","link":"https:\/\/www.europesays.com\/no\/229774\/","title":{"rendered":"Sem IF, Friidrett | Josefine (25) sikret gullmedalje"},"content":{"rendered":"\n<p>De norske kvinnene p\u00e5 4 x 400 meter senket sin egen norgesrekord med nesten to sekunder og vant s\u00f8ndagens internasjonale stafett i Botswana.<\/p>\n<p><b>For Norge l\u00f8p Josefine Tomine Eriksen Aks, Amalie Iuel, Astri Ertzgaard og Henriette J\u00e6ger.<\/b><\/p>\n<p>Aks er oppvokst i Stavern, men har siden 2020 representert Sem Idrettsforening.<\/p>\n<p>Henriette J\u00e6ger l\u00f8p Norge inn til seier p\u00e5 tiden 3.20,97. Det er en klar forbedring av rekorden kvartetten satte l\u00f8rdag med 3.22,78. Da kvalifiserte de seg samtidig til VM p\u00e5 distansen.<\/p>\n<p>S\u00f8ndagens vinnertid er \u00e5rsbeste i verden p\u00e5 4 x 400 meter.<\/p>\n<p>            4&#215;400 meter, finale:<\/p>\n<p><b>1. Norge \u2013 3.20,96 (\u00e5rsbeste i verden)<\/b><\/p>\n<ul>\n<li>1. etappe: Josefine Tomine Eriksen Aks \u2013 51.26<\/li>\n<li>2. etappe: Amalie Iuel \u2013 49.71<\/li>\n<li>3. etappe: Lakeri Ertzgaard \u2013 51.08<\/li>\n<li>4. etappe: Henriette J\u00e6ger \u2013 48.91<\/li>\n<\/ul>\n<p>2. Spania \u2013 3.21,25<br \/>3. Canada \u2013 3.22,66<br \/>4. Storbritannia \u2013 3.22,77<br \/>5. Nederland \u2013 3.23,12<br \/>6. Italia \u2013 3.23,40<br \/>7. Tsjekkia \u2013 3.28,97<br \/>8. Tyskland \u2013 3.29,37<\/p>\n<p>Kilde: <a href=\"https:\/\/www.vg.no\/sport\/i\/d4JEgo\/stafettkvinnene-med-bragd-i-stafett-vm-sikret-sensasjonelt-gull\" rel=\"Follow nofollow noopener\" target=\"_self\">VG<\/a><\/p>\n<p>NTB\/T\u00f8nsbergs Blad<\/p>\n","protected":false},"excerpt":{"rendered":"De norske kvinnene p\u00e5 4 x 400 meter senket sin egen norgesrekord med nesten to sekunder og vant&hellip;\n","protected":false},"author":2,"featured_media":228046,"comment_status":"","ping_status":"","sticky":false,"template":"","format":"standard","meta":{"footnotes":"","_share_on_mastodon":"0"},"categories":[59],"tags":[36,423,30,28,29,6558,83,82,1510,431],"class_list":["post-229774","post","type-post","status-publish","format-standard","has-post-thumbnail","category-sport","tag-art","tag-friidrett","tag-no","tag-norge","tag-norway","tag-sem-if","tag-sport","tag-sports","tag-story","tag-tonsberg"],"share_on_mastodon":{"url":"https:\/\/pubeurope.com\/@no\/116520002963262632","error":""},"_links":{"self":[{"href":"https:\/\/www.europesays.com\/no\/wp-json\/wp\/v2\/posts\/229774","targetHints":{"allow":["GET"]}}],"collection":[{"href":"https:\/\/www.europesays.com\/no\/wp-json\/wp\/v2\/posts"}],"about":[{"href":"https:\/\/www.europesays.com\/no\/wp-json\/wp\/v2\/types\/post"}],"author":[{"embeddable":true,"href":"https:\/\/www.europesays.com\/no\/wp-json\/wp\/v2\/users\/2"}],"replies":[{"embeddable":true,"href":"https:\/\/www.europesays.com\/no\/wp-json\/wp\/v2\/comments?post=229774"}],"version-history":[{"count":0,"href":"https:\/\/www.europesays.com\/no\/wp-json\/wp\/v2\/posts\/229774\/revisions"}],"wp:featuredmedia":[{"embeddable":true,"href":"https:\/\/www.europesays.com\/no\/wp-json\/wp\/v2\/media\/228046"}],"wp:attachment":[{"href":"https:\/\/www.europesays.com\/no\/wp-json\/wp\/v2\/media?parent=229774"}],"wp:term":[{"taxonomy":"category","embeddable":true,"href":"https:\/\/www.europesays.com\/no\/wp-json\/wp\/v2\/categories?post=229774"},{"taxonomy":"post_tag","embeddable":true,"href":"https:\/\/www.europesays.com\/no\/wp-json\/wp\/v2\/tags?post=229774"}],"curies":[{"name":"wp","href":"https:\/\/api.w.org\/{rel}","templated":true}]}}