{"id":23021,"date":"2025-08-31T12:53:10","date_gmt":"2025-08-31T12:53:10","guid":{"rendered":"https:\/\/www.europesays.com\/no\/23021\/"},"modified":"2025-08-31T12:53:10","modified_gmt":"2025-08-31T12:53:10","slug":"tusenvis-motte-opp-for-a-minnes-tamima-nibras-juhar","status":"publish","type":"post","link":"https:\/\/www.europesays.com\/no\/23021\/","title":{"rendered":"Tusenvis m\u00f8tte opp for \u00e5 minnes Tamima Nibras Juhar"},"content":{"rendered":"\n<p class=\"_paragraph_1bvmi_4 _paragraph_xtcu6_10 layout-component text-serif-m layout-normal text-serif-m layout-padded\">\u2013 Drapet p\u00e5 Tamima Nibras Juhar har rystet en hel nasjon, hele Norge, sier statsminister Jonas Gahr St\u00f8re (Ap) fra scenen p\u00e5 Youngstorget s\u00f8ndag. <\/p>\n<p><img alt=\"Foto: Javad Parsa \/ NTB\" class=\"_image_qp4xg_65 layout-component layout-normal\" data-fullscreen- data-track-element-type=\"Article image fullscreen\" data-track-name=\"ImageFullscreen\" decoding=\"async\" loading=\"lazy\" height=\"5760\" itemprop=\"image\"  src=\"https:\/\/www.europesays.com\/no\/wp-content\/uploads\/2025\/08\/a288d1ab-d7ff-470f-9212-7b1319bae072\"  style=\"object-position:0% 0%\" width=\"8640\"\/>Foto: Javad Parsa \/ NTB<\/p>\n<p class=\"_paragraph_1bvmi_4 _paragraph_xtcu6_10 layout-component text-serif-m layout-normal text-serif-m layout-padded\">Flere tusen har m\u00f8tt opp for \u00e5 delta i det gule rosetoget til minne om Juhar, som ble drept p\u00e5 nattevakt for en uke siden. <\/p>\n<p class=\"_paragraph_1bvmi_4 _paragraph_xtcu6_10 layout-component text-serif-m layout-normal text-serif-m layout-padded\">\u2013 Gul var hennes favorittfarge. Et hav av roser er igjen i denne byen. Et rosetog som vi husker etter 22. juli 2011. Det er b\u00e5de et vondt og et godt minne, sier St\u00f8re.<\/p>\n<p class=\"_paragraph_1bvmi_4 _paragraph_xtcu6_10 layout-component text-serif-m layout-normal text-serif-m layout-padded\">\u2013 Vondt fordi hatet igjen har sl\u00e5tt til, tatt liv, skapt frykt. Men ogs\u00e5 godt fordi kj\u00e6rligheten, medmenneskeligheten og samholdet reiser seg, og vi st\u00e5r sammen om at det skal vinne.<\/p>\n<p><img alt=\"Foto: Javad Parsa \/ NTB\" class=\"_image_qp4xg_65 layout-component layout-normal\" data-fullscreen- data-track-element-type=\"Article image fullscreen\" data-track-name=\"ImageFullscreen\" decoding=\"async\" loading=\"lazy\" height=\"5760\" itemprop=\"image\"  src=\"https:\/\/www.europesays.com\/no\/wp-content\/uploads\/2025\/08\/a82fc641-32de-4bd4-99fa-071bccb0052c\"  style=\"object-position:0% 0%\" width=\"8640\"\/>Foto: Javad Parsa \/ NTB<\/p>\n<p class=\"_paragraph_1bvmi_4 _paragraph_xtcu6_10 layout-component text-serif-m layout-normal text-serif-m layout-padded\">\u2013 Vi har igjen i landet v\u00e5rt sett hva h\u00f8yreekstremistisk tankegods kan f\u00f8re til. Og vi m\u00e5 si det h\u00f8yt igjen, selv om det smerter. Dette var et politisk motivert drap, sier han, og fortsetter:<\/p>\n<p class=\"_paragraph_1bvmi_4 _paragraph_xtcu6_10 layout-component text-serif-m layout-normal layout-padded\"><strong class=\"_strong_1bvmi_25\">Les ogs\u00e5:<\/strong> <a href=\"https:\/\/www.vg.no\/i\/PpMavR\" data-track-element-type=\"Link\" data-track-id=\"link:PpMavR\" class=\"_link_1bvmi_39\" rel=\"nofollow noopener\" target=\"_blank\">\u00abVi har mistet en stor stjerne med et stort hjerte\u00bb<\/a><\/p>\n<p class=\"_paragraph_1bvmi_4 _paragraph_xtcu6_10 layout-component text-serif-m layout-normal text-serif-m layout-padded\">\u2013 N\u00e5r ekstreme holdninger leder til ekstreme handlinger, n\u00e5r ytterligg\u00e5ende meninger leder til rasistiske utsagn, n\u00e5r ord og hatprat p\u00e5 nettet leder til bruk av drapsv\u00e5pen og tar liv, da m\u00e5 vi bruke det rette ordet: Da er det terror. <\/p>\n<p><img alt=\"Foto: Javad Parsa \/ NTB\" class=\"_image_qp4xg_65 layout-component layout-normal\" data-fullscreen- data-track-element-type=\"Article image fullscreen\" data-track-name=\"ImageFullscreen\" decoding=\"async\" loading=\"lazy\" height=\"5760\" itemprop=\"image\"  src=\"https:\/\/www.europesays.com\/no\/wp-content\/uploads\/2025\/08\/aa0b8217-33d5-4d0b-83a8-3714931064ce\"  style=\"object-position:0% 0%\" width=\"8640\"\/>Foto: Javad Parsa \/ NTB<\/p>\n<p class=\"_paragraph_1bvmi_4 _paragraph_xtcu6_10 layout-component text-serif-m layout-normal text-serif-m layout-padded\">St\u00f8re gjentar det politiet som etterforsker drapet har sagt \u2013 at den siktede 18-\u00e5ringen har uttrykt et \u00f8nske om \u00e5 skade flere, og spre frykt.<\/p>\n<p class=\"_paragraph_1bvmi_4 _paragraph_xtcu6_10 layout-component text-serif-m layout-normal text-serif-m layout-padded\">18-\u00e5ringen er siktet for drap med terrorhensikt.<\/p>\n<p class=\"_paragraph_1bvmi_4 _paragraph_xtcu6_10 layout-component text-serif-m layout-normal layout-padded\"><strong class=\"_strong_1bvmi_25\">Les ogs\u00e5:<\/strong> <a href=\"https:\/\/www.vg.no\/i\/8qgWvw\" data-track-element-type=\"Link\" data-track-id=\"link:8qgWvw\" class=\"_link_1bvmi_39\" rel=\"nofollow noopener\" target=\"_blank\">Kampen-drapet: Slik har Djordje Wilms forklart seg <\/a><\/p>\n<p class=\"_paragraph_1bvmi_4 _paragraph_xtcu6_10 layout-component text-serif-m layout-normal text-serif-m layout-padded\">\u2013 La oss minne hverandre p\u00e5 at bare gjerningsmannen er ansvarlig for gjerningen, men at tankene og ideene kommer et steds fra. Hatet og aggresjonen har et utspring. Radikalisering og fremmedfrykt begynner et sted. I et m\u00f8rkt, sint fellesskap, hos et menneskesyn som hater, sier St\u00f8re.<\/p>\n<p><img alt=\"Foto: Javad Parsa \/ NTB\" class=\"_image_qp4xg_65 layout-component layout-normal\" data-fullscreen- data-track-element-type=\"Article image fullscreen\" data-track-name=\"ImageFullscreen\" decoding=\"async\" loading=\"lazy\" height=\"5760\" itemprop=\"image\"  src=\"https:\/\/www.europesays.com\/no\/wp-content\/uploads\/2025\/08\/9ec56e09-d2d6-4c5b-8dd3-b010a703d36b\"  style=\"object-position:0% 0%\" width=\"8640\"\/>Foto: Javad Parsa \/ NTBHat har ingen plass<\/p>\n<p class=\"_paragraph_1bvmi_4 _paragraph_xtcu6_10 layout-component text-serif-m layout-normal text-serif-m layout-padded\">\u2013 Hver gang det skjer, sier vi aldri mer. For vi kan ikke si noe annet, vi kan ikke ha noen annen ambisjon, sier Oslos ordf\u00f8rer Anne Lindboe.<\/p>\n<p class=\"_paragraph_1bvmi_4 _paragraph_xtcu6_10 layout-component text-serif-m layout-normal text-serif-m layout-padded\">Hun sier videre at det er minoritets\u00adbefolkning i byen som blir hardest rammet. <\/p>\n<p class=\"_paragraph_1bvmi_4 _paragraph_xtcu6_10 layout-component text-serif-m layout-normal text-serif-m layout-padded\">\u2013 Mange er redde n\u00e5, og det er jeg ogs\u00e5. Jeg er b\u00e5de redd og sint, og derfor vil jeg si tydelig og klart p\u00e5 vegne av hele bystyret i Oslo at rasisme, h\u00f8yreekstremisme og muslimhat har ingen plass i byen v\u00e5r. Gjerningsmannen, han ville spre hat, men han har ingen makt over oss.<\/p>\n<p>Starter blant oss<\/p>\n<p class=\"_paragraph_1bvmi_4 _paragraph_xtcu6_10 layout-component text-serif-m layout-normal text-serif-m layout-padded\">\u2013 Tamima ble drept fordi hun var p\u00e5 jobb. Fordi hun hadde feil hudfarge. Og vi har samlet oss her for \u00e5 minnes henne. Men dere? Vi har samlet oss f\u00f8r.<\/p>\n<p class=\"_paragraph_1bvmi_4 _paragraph_xtcu6_10 layout-component text-serif-m layout-normal text-serif-m layout-padded\">Slik starter Kamzy Gunaratnam sin appell. Hun peker p\u00e5 terrorangrepet 25. juni 2022, drapet p\u00e5 Johanne Zhangjia Ihle-Hansen 10. august 2019, 22. juli 2011, drapet p\u00e5 Benjamin Hermansen i 2001 og Arve Beheim Karlsen <a href=\"https:\/\/www.vg.no\/nyheter\/i\/XwAqXo\/15-aar-siden-arve-beheim-karlsen-17-ble-funnet-doed\" data-track-element-type=\"Link\" data-track-id=\"link:XwAqXo\" class=\"_link_1bvmi_39\" rel=\"nofollow noopener\" target=\"_blank\">som i 1999 ble<\/a> jaget til d\u00f8den.<\/p>\n<p class=\"_paragraph_1bvmi_4 _paragraph_xtcu6_10 layout-component text-serif-m layout-normal text-serif-m layout-padded\">\u2013 Benjamin og Arve var bare guttunger. Johanne ble drept hjemme. Tamima, hun var bare p\u00e5 jobb.<\/p>\n<p class=\"_paragraph_1bvmi_4 _paragraph_xtcu6_10 layout-component text-serif-m layout-normal text-serif-m layout-padded\">\u2013 Det starter ikke med gj\u00f8dsel p\u00e5 Rena. Det starter ikke med botrening p\u00e5 Kampen, og det starter ikke med forakt mot adoptivs\u00f8ster. Det starter blant oss nordmenn som deg og meg, som tillater ord, setninger og formaninger. Fordommer pakket i sp\u00f8rsm\u00e5l og feighet utkledd som modighet. <\/p>\n<p class=\"_paragraph_1bvmi_4 _paragraph_xtcu6_10 layout-component text-serif-m layout-normal text-serif-m layout-padded\">Gunaratnam sier at Tamimas d\u00f8d m\u00e5 svares med handling.<\/p>\n<p class=\"_paragraph_1bvmi_4 _paragraph_xtcu6_10 layout-component text-serif-m layout-normal text-serif-m layout-padded\">\u2013 Hun skal ikke huskes for blodet hun mistet, men for kampen hun tvinger oss til \u00e5 ta. Hun, Tamima, skal v\u00e6re ubehaget som river oss opp. Som minner oss om at trygghet ikke er gratis, rettferdighet kommer ikke av seg selv.<\/p>\n","protected":false},"excerpt":{"rendered":"\u2013 Drapet p\u00e5 Tamima Nibras Juhar har rystet en hel nasjon, hele Norge, sier statsminister Jonas Gahr St\u00f8re&hellip;\n","protected":false},"author":2,"featured_media":23022,"comment_status":"","ping_status":"","sticky":false,"template":"","format":"standard","meta":{"footnotes":""},"categories":[5],"tags":[20,21,3118,24,25,15,19,22,23,17,18,13,30,28,29,14,16,26,27],"class_list":{"0":"post-23021","1":"post","2":"type-post","3":"status-publish","4":"format-standard","5":"has-post-thumbnail","7":"category-overskrifter","8":"tag-breaking-news","9":"tag-breakingnews","10":"tag-drapet-pa-kampen","11":"tag-featured-news","12":"tag-featurednews","13":"tag-headlines","14":"tag-hovedoppslag","15":"tag-latest-news","16":"tag-latestnews","17":"tag-main-news","18":"tag-mainnews","19":"tag-news","20":"tag-no","21":"tag-norge","22":"tag-norway","23":"tag-nyheter","24":"tag-overskrifter","25":"tag-top-stories","26":"tag-topstories"},"share_on_mastodon":{"url":"","error":""},"_links":{"self":[{"href":"https:\/\/www.europesays.com\/no\/wp-json\/wp\/v2\/posts\/23021","targetHints":{"allow":["GET"]}}],"collection":[{"href":"https:\/\/www.europesays.com\/no\/wp-json\/wp\/v2\/posts"}],"about":[{"href":"https:\/\/www.europesays.com\/no\/wp-json\/wp\/v2\/types\/post"}],"author":[{"embeddable":true,"href":"https:\/\/www.europesays.com\/no\/wp-json\/wp\/v2\/users\/2"}],"replies":[{"embeddable":true,"href":"https:\/\/www.europesays.com\/no\/wp-json\/wp\/v2\/comments?post=23021"}],"version-history":[{"count":0,"href":"https:\/\/www.europesays.com\/no\/wp-json\/wp\/v2\/posts\/23021\/revisions"}],"wp:featuredmedia":[{"embeddable":true,"href":"https:\/\/www.europesays.com\/no\/wp-json\/wp\/v2\/media\/23022"}],"wp:attachment":[{"href":"https:\/\/www.europesays.com\/no\/wp-json\/wp\/v2\/media?parent=23021"}],"wp:term":[{"taxonomy":"category","embeddable":true,"href":"https:\/\/www.europesays.com\/no\/wp-json\/wp\/v2\/categories?post=23021"},{"taxonomy":"post_tag","embeddable":true,"href":"https:\/\/www.europesays.com\/no\/wp-json\/wp\/v2\/tags?post=23021"}],"curies":[{"name":"wp","href":"https:\/\/api.w.org\/{rel}","templated":true}]}}