{"id":23030,"date":"2025-08-31T13:07:14","date_gmt":"2025-08-31T13:07:14","guid":{"rendered":"https:\/\/www.europesays.com\/no\/23030\/"},"modified":"2025-08-31T13:07:14","modified_gmt":"2025-08-31T13:07:14","slug":"asen-raset-levanger-politiet-kan-vaere-flere-maneder-til-e6-i-levanger-apner-igjen","status":"publish","type":"post","link":"https:\/\/www.europesays.com\/no\/23030\/","title":{"rendered":"\u00c5sen-raset, Levanger | Politiet: Kan v\u00e6re flere m\u00e5neder til E6 i Levanger \u00e5pner igjen"},"content":{"rendered":"\n<p>Raset som har g\u00e5tt over E6 i Levanger har trolig satt veien ut av spill i flere uker, bekrefter politiet.<\/p>\n<p>\u2013 Det er nok lang tid f\u00f8r det er \u00e5pent igjen her, det kan v\u00e6re m\u00e5neder, sier innsatsleder Torstein Hansen til NTB, men understreker at det er vanskelig \u00e5 si.<\/p>\n<p>Han bekrefter ogs\u00e5 at det er n\u00e5 er sikkert at det var kvikkleire som utl\u00f8ste raset.<\/p>\n<p>Setter opp alternative reiseruter<\/p>\n<p>Raset i Levanger f\u00e5r omfattende konsekvenser for togtrafikken p\u00e5 Tr\u00f8nderbanen og Nordlandsbanen. SJ Norge ber alle reisende beregne ekstra tid og vise t\u00e5lmodighet i en krevende situasjon.<\/p>\n<p>\u2013 I raset l\u00f8rdag morgen, ble ogs\u00e5 jernbanen rammet. Dette betyr at togtrafikken b\u00e5de p\u00e5 Tr\u00f8nderbanen og Nordlandsbanen vil bli p\u00e5virket frem til Bane NOR har f\u00e5tt reparert skadene.<\/p>\n<p>\u2013 Dette er en sv\u00e6rt fortvilet situasjon, og v\u00e5re tanker g\u00e5r f\u00f8rst og fremst til familien til den savnede. V\u00e5rt ansvar n\u00e5 etter raset er \u00e5 s\u00f8rge for best mulige l\u00f8sninger for v\u00e5re kunder som n\u00e5 m\u00e5 belage seg p\u00e5 buss for tog og det som for mange vil bli en krevende reiserute, sier Randi Ness, direkt\u00f8r for kommunikasjon og marked i SJ Norge i en pressemelding.<\/p>\n<p>\u2013 Flere av v\u00e5re tog er nord for bruddet og vedlikeholdsstedet er i Trondheim. Dette har komplisert arbeidet med \u00e5 lage et alternativt opplegg, sier Ness<\/p>\n<p>      Buss for tog over lange strekninger<\/p>\n<p><b>Tr\u00f8nderbanen<\/b><\/p>\n<p>If\u00f8lge Ness vil tog kj\u00f8rer som normalt mellom Trondheim og \u00c5sen. Mellom \u00c5sen og Steinkjer settes det opp buss for tog.<\/p>\n<p><b>Overgangen skjer p\u00e5 \u00c5sen stasjon. <\/b><\/p>\n<p>Vi jobber sammen med vegvesenet for \u00e5 f\u00e5 til en s\u00e5 hensiktsmessig rute for buss for tog som mulig, men vi vil betjene alle stasjoner langs ruta. I tillegg vil noen morgen- og ettermiddagsavganger p\u00e5 Tr\u00f8nderbanen innstilles. Kundene henvises til neste avgang eller til AtB for reiser mellom Trondheim og Stj\u00f8rdal, heter det i pressemeldingen.<\/p>\n<p><b>Nordlandsbanen<\/b><\/p>\n<p>Dagtogene mellom Trondheim og Bod\u00f8, samt togene mellom Mo i Rana og Trondheim innstilles og erstattes med buss for tog hele strekningen. Bussene kj\u00f8rer til avgangstid fra utgangsstasjon, og m\u00e5 kj\u00f8re en alternativ vei ettersom E6 er stengt etter skredet, skriver SJ Norge i pressemeldingen.<\/p>\n<p>Det betyr at overgangene til Dovrebanen eller R\u00f8rosbanen ikke vil opprettholdes.<\/p>\n<p>\u2013 Som togselskap \u00f8nsker vi alltid \u00e5 unng\u00e5 \u00e5 innstille tog, men bruddet p\u00e5 jernbanelinja skaper store utfordringer. Togene m\u00e5 normalt kj\u00f8re helt til Trondheim for \u00e5 f\u00e5 n\u00f8dvendig service og vedlikehold. Uten dette kan vi rett og slett ikke holde togene i drift flere dager p\u00e5 rad. Vi skulle gjerne sett at situasjonen var annerledes, sier Randi Ness, direkt\u00f8r for kommunikasjon og marked i SJ Norge.<\/p>\n<p>Tullverket i Sverige har imidlertid vedtatt midlertidige unntak for grensepassering og forenklede anmelderutiner for gods som m\u00e5 fraktes via Sverige som f\u00f8lge av jordraset. Det meddeler Statens vegvesen i en <a rel=\"noopener nofollow\" href=\"https:\/\/www.vegvesen.no\/om-oss\/presse\/aktuelt\/2025\/08\/unntak-fra-kjore--og-hviletidsreglene\/\" target=\"_blank\">pressemelding<\/a>.<\/p>\n<p>Unntaket gjelder til og med 6. september 2025, eller frem til E6 \u00e5pner for trafikk dersom dette skjer f\u00f8rst.<\/p>\n<p>Transport som blir ber\u00f8rt av omkj\u00f8ringen, har f\u00e5tt dispensesjon fra reglene for kj\u00f8re- og hviletid, opplyser Statens Vegvesen.<\/p>\n<p>  <a href=\"https:\/\/www.t-a.no\/5-116-2211001\" class=\"related-teaser has-image default-story-teaser article--c-eRUmMG article--c-eRUmMG-jKCPdD-design-default\" rel=\"nofollow noopener\" target=\"_blank\"><\/p>\n<p>    <img decoding=\"async\" loading=\"lazy\"  src=\"https:\/\/www.europesays.com\/no\/wp-content\/uploads\/2025\/08\/JAr_stad-raskant01.jpg\" alt=\"\" class=\"brick-c-cFOWSL\" style=\"\"\/><\/p>\n<p>\n            Les ogs\u00e5<\/p>\n<p>              Bekrefter: Jobbet med sikringsarbeid p\u00e5 vegne av Bane NOR\n        <\/p>\n<p>  <\/a><\/p>\n<p>  <a href=\"https:\/\/www.t-a.no\/5-116-2210965\" class=\"related-teaser has-image default-gallery-teaser article--c-eRUmMG article--c-eRUmMG-jKCPdD-design-default\" rel=\"nofollow noopener\" target=\"_blank\"><\/p>\n<p>    <img decoding=\"async\" loading=\"lazy\"  src=\"https:\/\/www.europesays.com\/no\/wp-content\/uploads\/2025\/08\/1756645634_707_JAr_stad-raskant01.jpg\" alt=\"\" class=\"brick-c-cFOWSL\" style=\"\"\/><\/p>\n<p>\n            Bildeserie<\/p>\n<p>              Rasstedet et d\u00f8gn etter dramaet br\u00f8t ut\n        <\/p>\n<p>  <\/a><\/p>\n<p>  <a href=\"https:\/\/www.t-a.no\/5-116-2210909\" class=\"related-teaser has-image default-story-teaser article--c-eRUmMG article--c-eRUmMG-jKCPdD-design-default\" rel=\"nofollow noopener\" target=\"_blank\"><\/p>\n<p>    <img decoding=\"async\" loading=\"lazy\"  src=\"https:\/\/www.europesays.com\/no\/wp-content\/uploads\/2025\/08\/JA109356.jpg\" alt=\"\" class=\"brick-c-cFOWSL\" style=\"\"\/><\/p>\n<p>\n            Les ogs\u00e5<\/p>\n<p>              Bruker kriminals\u00f8kshund i s\u00f8ket\n        <\/p>\n<p>  <\/a><\/p>\n","protected":false},"excerpt":{"rendered":"Raset som har g\u00e5tt over E6 i Levanger har trolig satt veien ut av spill i flere uker,&hellip;\n","protected":false},"author":2,"featured_media":3842,"comment_status":"","ping_status":"","sticky":false,"template":"","format":"standard","meta":{"footnotes":""},"categories":[5],"tags":[36,3782,20,21,24,25,15,19,22,23,492,17,18,13,30,28,29,14,16,1510,26,27,941],"class_list":{"0":"post-23030","1":"post","2":"type-post","3":"status-publish","4":"format-standard","5":"has-post-thumbnail","7":"category-overskrifter","8":"tag-art","9":"tag-asen-raset","10":"tag-breaking-news","11":"tag-breakingnews","12":"tag-featured-news","13":"tag-featurednews","14":"tag-headlines","15":"tag-hovedoppslag","16":"tag-latest-news","17":"tag-latestnews","18":"tag-levanger","19":"tag-main-news","20":"tag-mainnews","21":"tag-news","22":"tag-no","23":"tag-norge","24":"tag-norway","25":"tag-nyheter","26":"tag-overskrifter","27":"tag-story","28":"tag-top-stories","29":"tag-topstories","30":"tag-ulykker-og-hendelser"},"share_on_mastodon":{"url":"","error":""},"_links":{"self":[{"href":"https:\/\/www.europesays.com\/no\/wp-json\/wp\/v2\/posts\/23030","targetHints":{"allow":["GET"]}}],"collection":[{"href":"https:\/\/www.europesays.com\/no\/wp-json\/wp\/v2\/posts"}],"about":[{"href":"https:\/\/www.europesays.com\/no\/wp-json\/wp\/v2\/types\/post"}],"author":[{"embeddable":true,"href":"https:\/\/www.europesays.com\/no\/wp-json\/wp\/v2\/users\/2"}],"replies":[{"embeddable":true,"href":"https:\/\/www.europesays.com\/no\/wp-json\/wp\/v2\/comments?post=23030"}],"version-history":[{"count":0,"href":"https:\/\/www.europesays.com\/no\/wp-json\/wp\/v2\/posts\/23030\/revisions"}],"wp:featuredmedia":[{"embeddable":true,"href":"https:\/\/www.europesays.com\/no\/wp-json\/wp\/v2\/media\/3842"}],"wp:attachment":[{"href":"https:\/\/www.europesays.com\/no\/wp-json\/wp\/v2\/media?parent=23030"}],"wp:term":[{"taxonomy":"category","embeddable":true,"href":"https:\/\/www.europesays.com\/no\/wp-json\/wp\/v2\/categories?post=23030"},{"taxonomy":"post_tag","embeddable":true,"href":"https:\/\/www.europesays.com\/no\/wp-json\/wp\/v2\/tags?post=23030"}],"curies":[{"name":"wp","href":"https:\/\/api.w.org\/{rel}","templated":true}]}}