{"id":23198,"date":"2025-08-31T17:13:09","date_gmt":"2025-08-31T17:13:09","guid":{"rendered":"https:\/\/www.europesays.com\/no\/23198\/"},"modified":"2025-08-31T17:13:09","modified_gmt":"2025-08-31T17:13:09","slug":"ringerike-haugsbygd-kim-wigaard-giftet-seg-i-honefoss","status":"publish","type":"post","link":"https:\/\/www.europesays.com\/no\/23198\/","title":{"rendered":"Ringerike, Haugsbygd | Kim Wigaard giftet seg i H\u00f8nefoss"},"content":{"rendered":"\n<p>Det \u00abferske\u00bb ekteparet ga hverandre sitt ja allerede to m\u00e5neder f\u00f8r det planlagte bryllupet, begge kledd i brudekjole, skriver <a href=\"https:\/\/www.nettavisen.no\" rel=\"Follow nofollow noopener\" target=\"_blank\">Nettavisen<\/a>.<\/p>\n<p>L\u00f8rdag formiddag ble de erkl\u00e6rt rette ektefolk \u00e5 v\u00e6re p\u00e5 en l\u00e5ve utenfor H\u00f8nefoss. Etter det Ringerikes Blad kjenner til ble festen holdt p\u00e5 g\u00e5rden Digra ved Kl\u00e6kken Hotell.<\/p>\n<p>P\u00e5 Instagram har Wigaard og Hagen lagt ut et bilde av fra hotellet med teksten \u00abN\u00e5 er det oss for alltid\u00bb.<\/p>\n<p>\u2013 Den beste f\u00f8lelsen i verden! Endelig g\u00e5r dr\u00f8mmen i oppfyllelse ved \u00e5 gifte meg med livets mann foran alle de vi er glade i, sier Wigaard til <a href=\"https:\/\/www.vg.no\/rampelys\/i\/KM0K4M\/kim-wigaard-gift-igjen\" rel=\"Follow nofollow noopener\" target=\"_blank\">VG.<\/a><\/p>\n<p>To bryllup<\/p>\n<p>Paret, som har v\u00e6rt sammen i sju \u00e5r, har <a href=\"https:\/\/www.nettavisen.no\/kjendis\/kim-wigaard-og-sandra-lyng-samkjorte-bryllupene-sine\/s\/5-95-2553043\" rel=\"Follow nofollow noopener\" target=\"_blank\">tidligere uttalt til Nettavisen<\/a> at de ikke skulle n\u00f8ye seg med \u00e9n feiring. De skal nemlig ha to bryllup.<\/p>\n<p>\u2013 Vi har hver v\u00e5r dragkarakter, Pamela the Pam og Puffy Mantrap. S\u00e5 vi tenkte at de ogs\u00e5 m\u00e5tte f\u00e5 sitt eget bryllup. Hvorfor ikke? spurte han den gang.<\/p>\n<p>Det f\u00f8rste bryllupet skulle v\u00e6re en mer tradisjonell vielse, i human-etisk regi p\u00e5 en l\u00e5ve utenfor H\u00f8nefoss, mens drag-bryllupet blir noe helt annet.<\/p>\n<p>\u2013 Det blir et skikkelig glamshow i fulle brudekjoler, glitter og paljetter. Men det er ogs\u00e5 viktig for oss \u00e5 vise fram begge sider av hvem vi er. B\u00e5de det enkle og det ekstravagante, fortalte Wigaard.<\/p>\n<p>I bryllupet l\u00f8rdag har de samlet 100 gjester til et stort, men intimt bryllup.<\/p>\n<p>Bryllup blir egen TV-serie<\/p>\n<p>Bryllupsforberedelsene har ogs\u00e5 blitt godt dokumentert som skal bli til en egen TV-serie, hvor publikum f\u00e5r f\u00f8lge paret gjennom planlegging og feiring.<\/p>\n<p>\u2013 Jeg har b\u00e5de hender og f\u00f8tter fulle av ting som skal skje, og det er kjempedeilig. Det er viktig \u00e5 klype seg selv litt i armen og nyte det, sa han til Nettavisen.<\/p>\n","protected":false},"excerpt":{"rendered":"Det \u00abferske\u00bb ekteparet ga hverandre sitt ja allerede to m\u00e5neder f\u00f8r det planlagte bryllupet, begge kledd i brudekjole,&hellip;\n","protected":false},"author":2,"featured_media":23199,"comment_status":"","ping_status":"","sticky":false,"template":"","format":"standard","meta":{"footnotes":""},"categories":[58],"tags":[36,71,342,3720,3795,30,28,29,2032,1510,72],"class_list":{"0":"post-23198","1":"post","2":"type-post","3":"status-publish","4":"format-standard","5":"has-post-thumbnail","7":"category-underholdning","8":"tag-art","9":"tag-entertainment","10":"tag-haugsbygd","11":"tag-kim-wigaard","12":"tag-klaekken-hotell","13":"tag-no","14":"tag-norge","15":"tag-norway","16":"tag-ringerike","17":"tag-story","18":"tag-underholdning"},"share_on_mastodon":{"url":"","error":""},"_links":{"self":[{"href":"https:\/\/www.europesays.com\/no\/wp-json\/wp\/v2\/posts\/23198","targetHints":{"allow":["GET"]}}],"collection":[{"href":"https:\/\/www.europesays.com\/no\/wp-json\/wp\/v2\/posts"}],"about":[{"href":"https:\/\/www.europesays.com\/no\/wp-json\/wp\/v2\/types\/post"}],"author":[{"embeddable":true,"href":"https:\/\/www.europesays.com\/no\/wp-json\/wp\/v2\/users\/2"}],"replies":[{"embeddable":true,"href":"https:\/\/www.europesays.com\/no\/wp-json\/wp\/v2\/comments?post=23198"}],"version-history":[{"count":0,"href":"https:\/\/www.europesays.com\/no\/wp-json\/wp\/v2\/posts\/23198\/revisions"}],"wp:featuredmedia":[{"embeddable":true,"href":"https:\/\/www.europesays.com\/no\/wp-json\/wp\/v2\/media\/23199"}],"wp:attachment":[{"href":"https:\/\/www.europesays.com\/no\/wp-json\/wp\/v2\/media?parent=23198"}],"wp:term":[{"taxonomy":"category","embeddable":true,"href":"https:\/\/www.europesays.com\/no\/wp-json\/wp\/v2\/categories?post=23198"},{"taxonomy":"post_tag","embeddable":true,"href":"https:\/\/www.europesays.com\/no\/wp-json\/wp\/v2\/tags?post=23198"}],"curies":[{"name":"wp","href":"https:\/\/api.w.org\/{rel}","templated":true}]}}