{"id":23257,"date":"2025-08-31T18:36:25","date_gmt":"2025-08-31T18:36:25","guid":{"rendered":"https:\/\/www.europesays.com\/no\/23257\/"},"modified":"2025-08-31T18:36:25","modified_gmt":"2025-08-31T18:36:25","slug":"kultur-sokndal-planlegger-storslatt-forpremiere-jeg-lurer-pa-hva-folk-kommer-til-a-synes-om-de-synes-den-er-morsom","status":"publish","type":"post","link":"https:\/\/www.europesays.com\/no\/23257\/","title":{"rendered":"Kultur, Sokndal | Planlegger storsl\u00e5tt f\u00f8rpremiere: \u2013 Jeg lurer p\u00e5 hva folk kommer til \u00e5 synes; om de synes den er morsom"},"content":{"rendered":"\n<p>L\u00f8rdag 6. september blir det f\u00f8rpremiere p\u00e5 familiefilmen \u00abGrevlingene\u00bb i Sogndalstrand Amfi. Det blir ikke hvilken som helst filmvisning, for her spares det ikke p\u00e5 kruttet, kan kulturkoordinator Gro Eia \u00d8stby i Sokndal kommune fortelle.<\/p>\n<p>Regiss\u00f8r Paul Magnus Lund\u00f8 kommer, sammen med produsent David Leader og flere av filmens skuespillere. De \u00f8nskes selvsagt velkommen p\u00e5 r\u00f8d l\u00f8per. Det skal ogs\u00e5 selges popcorn og brus for \u00e5 skape kinof\u00f8lelse \u2013 og ordf\u00f8rer Bj\u00f8rn Inge Mydland (Sp) skal st\u00e5 for h\u00f8ytidelighetene ved \u00e5 \u00e5pne arrangementet.<\/p>\n<p>Det finnes ikke d\u00e5rlig v\u00e6r&#8230;<\/p>\n<p>Kanskje er det litt risikabelt \u00e5 velge \u00e5 satse p\u00e5 et utend\u00f8rsarrangement i september. Men det var gode grunner til d\u00e9t, if\u00f8lge Eia \u00d8stby.<\/p>\n<p>\u2013 Vi \u00f8nsker \u00e5 gj\u00f8re stas p\u00e5 en soknd\u00f8l som b\u00e5de har regien og som har skrevet denne filmen, og gjort mange av opptakene nettopp her, sier hun \u2013 og legger til:<\/p>\n<p>\u2013 Nesten uansett v\u00e6r, kj\u00f8rer vi film. Vi har ingen plan B, for det kommer sannsynligvis flere enn vi vil f\u00e5 inn i kinosalen p\u00e5 Soknatun. Derfor satser vi m\u00e5 at dette g\u00e5r bra, og oppfordrer folk til \u00e5 kle seg i regnt\u00f8y. Men legg paraplyen hjemme, oppfordrer Eia \u00d8stby og begrunner d\u00e9t med b\u00e5de faren for at paraplyene \u00f8delegger utsikten til skjermen og kan by fare for naboens \u00f8yne.<\/p>\n<p>For \u00e5 unng\u00e5 at det hele blir en katastrofe med sterk vind og et sv\u00e6rt lerret, vil ogs\u00e5 filmen bli vist p\u00e5 mer solide LED-skjermer bygget inne i en scene-konstruksjon.<\/p>\n<p>      \u2013 Vil skape leirstemning<\/p>\n<p>Det er jo ogs\u00e5 i speiderens \u00e5nd at arrangementet legges utend\u00f8rs uansett v\u00e6r.<\/p>\n<p>For n\u00e5r \u00abGrevlingene\u00bb skal vises for f\u00f8rste gang p\u00e5 hjemmebane, skal selvsagt speiderne f\u00e5 sette sitt preg p\u00e5 arrangementet. Sokndal KFUK-KFUM-speidere stiller opp.<\/p>\n<p>\u2013 Vi har tenkt til \u00e5 bygge noen elementer slik at det blir litt leirstemning. Vi tar med b\u00e5lpanne, folk skal f\u00e5 grille pinnebr\u00f8d, vi skal l\u00e6re bort knuter og sette opp en samarbeidspost. Vi h\u00e5per vi klarer \u00e5 skape leirstemning, slik at folk f\u00f8ler at de kommer til en liten speiderleir, smiler gruppeleder Irene Immerstein T\u00f8nnesen.<\/p>\n<p>Ei gruppe speidere fra Egersund har ogs\u00e5 f\u00e5tt laget en film som skal vises i loop p\u00e5 storskjermen f\u00f8r hovedfilmen snurres i gang. Kanskje vil arrangementet i amfiet og filmen som s\u00e5dan bidra til rekruttering til speideren. Det h\u00e5per i hvert fall Immerstein T\u00f8nnesen.<\/p>\n<p>\u2013 Uansett hvem du er og hvordan du er, kan du bidra med noe i speideren. Vi ser det bare mer og mer, hvor viktig det er for de som ikke mestrer alle andre omr\u00e5der. Speideren er et sted der alle opplever mestring, sier hun.<\/p>\n<p>   <img decoding=\"async\" width=\"2048\" height=\"1365\" fetchpriority=\"low\"  loading=\"lazy\"  src=\"https:\/\/www.europesays.com\/no\/wp-content\/uploads\/2025\/08\/Grevlingene+3.jpg\" alt=\"\" class=\"brick-c-cFOWSL\" style=\"--brick-image-ratio: 2048 \/ 1365;\"\/><\/p>\n<p>    SPEIDERLEIR MED FILMVISNING: Are Vinterst\u00f8 (i front) er blant de yngste speiderne, men han er ikke redd for \u00e5 ta i et tak. N\u00e5r det l\u00f8rdag blir filmfest p\u00e5 \u00abStranno\u00bb, skal speiderne s\u00f8rge for ekte leirstemning.<br \/>\n    Foto: Ingunn Walderhaug\n  <\/p>\n<p>  \u2013 Fin balanse<\/p>\n<p>Gro Eia \u00d8stby forteller at hun var heldig nok til \u00e5 f\u00e5 se filmen under filmfestivalen i Haugesund.<\/p>\n<p>\u2013 Jeg tror dette blir kjempeg\u00f8y. Filmen var veldig bra, synes hun.<\/p>\n<p>\u00abGrevlingene\u00bb har f\u00e5tt seks \u00e5rs aldersgrense. Det betyr at yngre barn kan se den i f\u00f8lge med en voksen. Men Eia \u00d8stby kan r\u00f8pe at den inneholder noen scener som er ganske spennende, kanskje for spennende for de aller yngste.<\/p>\n<p>\u2013 Jeg synes at Paul har klart \u00e5 finne en fin balanse der dette er en familiefilm som samtidig har noen toner og spark til diverse ting i tiden, som jeg personlig i hvert fall syntes var veldig bra, sier hun.<\/p>\n<p>      Spent, ung skuespiller<\/p>\n<p>Isak O&#8217;Brien er \u00e9n av to unge soknd\u00f8ler som figurerer som speider i \u00abGrevlingene\u00bb. Han gleder seg stort til at filmen omsider skal vises for hjemmepublikummet.<\/p>\n<p>\u2013 Jeg lurer p\u00e5 hva folk kommer til \u00e5 synes; om de synes den er morsom, sier 15-\u00e5ringen.<\/p>\n<p>Selv ville han nok trillet en sekser p\u00e5 terningen, men innr\u00f8mmer at det nok er p\u00e5virket av egen affeksjon.<\/p>\n<p>\u2013 Men jeg f\u00f8ler denne filmen passer for alle, absolutt alle.<\/p>\n<p>Erfaringen har helt klart gitt mersmak. Den store dr\u00f8mmen er \u00e5 drive med koding, men forel\u00f8pig er planen at han kan ha skuespill som en sidegeskjeft ogs\u00e5 som voksen.<\/p>\n<p>   <img decoding=\"async\" width=\"2048\" height=\"1365\" fetchpriority=\"low\"  loading=\"lazy\"  src=\"https:\/\/www.europesays.com\/no\/wp-content\/uploads\/2025\/08\/Grevlingene+1.jpg\" alt=\"\" class=\"brick-c-cFOWSL\" style=\"--brick-image-ratio: 2048 \/ 1365;\"\/><\/p>\n<p>    FILMDEBUT: Isak O&#8217;Brien spiller karakteren \u00abStig\u00bb i familiefilmen \u00abGrevlingene\u00bb. N\u00e5 gleder han seg stort til f\u00f8rpremiere i hjembygda.<br \/>\n    Foto: Ingunn Walderhaug\n  <\/p>\n<p>  <a href=\"https:\/\/www.dalane-tidende.no\/5-101-798508\" class=\"related-teaser has-image default-story-teaser article--c-eRUmMG article--c-eRUmMG-jKCPdD-design-default\" rel=\"nofollow noopener\" target=\"_blank\"><\/p>\n<p>    <img decoding=\"async\" loading=\"lazy\"  src=\"https:\/\/www.europesays.com\/no\/wp-content\/uploads\/2025\/08\/c096240b-9ac1-4b5c-8c0b-d1010d7d7605+%281%29.jpg\" alt=\"\" class=\"brick-c-cFOWSL\" style=\"\"\/><\/p>\n<p>\n            Les ogs\u00e5<\/p>\n<p>              Byr p\u00e5 noe for folk i alle aldre: Stand-up, babyteater, pub-kor og italiensk aften er bare noe av det som skjer\n        <\/p>\n<p>  <\/a><\/p>\n<p>  <a href=\"https:\/\/www.dalane-tidende.no\/5-101-795512\" class=\"related-teaser has-image default-story-teaser article--c-eRUmMG article--c-eRUmMG-jKCPdD-design-default\" rel=\"nofollow noopener\" target=\"_blank\"><\/p>\n<p>    <img decoding=\"async\" loading=\"lazy\"  src=\"https:\/\/www.europesays.com\/no\/wp-content\/uploads\/2025\/08\/IMG_3967+%281%29.jpg\" alt=\"\" class=\"brick-c-cFOWSL\" style=\"\"\/><\/p>\n<p>\n            Les ogs\u00e5<\/p>\n<p>              \u00abGrevlingene\u00bb var \u00e5pningsfilmen p\u00e5 Cinemagi under filmfestivalen i Haugesund: Fullsatt sal gav trampeklapp\n        <\/p>\n<p>  <\/a><\/p>\n<p>  <a href=\"https:\/\/www.dalane-tidende.no\/5-101-787131\" class=\"related-teaser has-image default-story-teaser article--c-eRUmMG article--c-eRUmMG-jKCPdD-design-default\" rel=\"nofollow noopener\" target=\"_blank\"><\/p>\n<p>    <img decoding=\"async\" loading=\"lazy\"  src=\"https:\/\/www.europesays.com\/no\/wp-content\/uploads\/2025\/08\/Paul+Magnus+Lund%C3%B8+Grevlingene+4.JPG\" alt=\"\" class=\"brick-c-cFOWSL\" style=\"\"\/><\/p>\n<p>\n            Les ogs\u00e5<\/p>\n<p>              Avslutter storsl\u00e5tt filmfestival: \u00abGrevlingene\u00bb fra Sokndal til Sveits\n        <\/p>\n<p>  <\/a><\/p>\n","protected":false},"excerpt":{"rendered":"L\u00f8rdag 6. september blir det f\u00f8rpremiere p\u00e5 familiefilmen \u00abGrevlingene\u00bb i Sogndalstrand Amfi. Det blir ikke hvilken som helst&hellip;\n","protected":false},"author":2,"featured_media":23258,"comment_status":"","ping_status":"","sticky":false,"template":"","format":"standard","meta":{"footnotes":""},"categories":[58],"tags":[36,71,3796,3797,410,30,28,29,2363,1510,72],"class_list":{"0":"post-23257","1":"post","2":"type-post","3":"status-publish","4":"format-standard","5":"has-post-thumbnail","7":"category-underholdning","8":"tag-art","9":"tag-entertainment","10":"tag-foreningsliv","11":"tag-friluftsliv","12":"tag-kultur","13":"tag-no","14":"tag-norge","15":"tag-norway","16":"tag-sokndal","17":"tag-story","18":"tag-underholdning"},"share_on_mastodon":{"url":"","error":""},"_links":{"self":[{"href":"https:\/\/www.europesays.com\/no\/wp-json\/wp\/v2\/posts\/23257","targetHints":{"allow":["GET"]}}],"collection":[{"href":"https:\/\/www.europesays.com\/no\/wp-json\/wp\/v2\/posts"}],"about":[{"href":"https:\/\/www.europesays.com\/no\/wp-json\/wp\/v2\/types\/post"}],"author":[{"embeddable":true,"href":"https:\/\/www.europesays.com\/no\/wp-json\/wp\/v2\/users\/2"}],"replies":[{"embeddable":true,"href":"https:\/\/www.europesays.com\/no\/wp-json\/wp\/v2\/comments?post=23257"}],"version-history":[{"count":0,"href":"https:\/\/www.europesays.com\/no\/wp-json\/wp\/v2\/posts\/23257\/revisions"}],"wp:featuredmedia":[{"embeddable":true,"href":"https:\/\/www.europesays.com\/no\/wp-json\/wp\/v2\/media\/23258"}],"wp:attachment":[{"href":"https:\/\/www.europesays.com\/no\/wp-json\/wp\/v2\/media?parent=23257"}],"wp:term":[{"taxonomy":"category","embeddable":true,"href":"https:\/\/www.europesays.com\/no\/wp-json\/wp\/v2\/categories?post=23257"},{"taxonomy":"post_tag","embeddable":true,"href":"https:\/\/www.europesays.com\/no\/wp-json\/wp\/v2\/tags?post=23257"}],"curies":[{"name":"wp","href":"https:\/\/api.w.org\/{rel}","templated":true}]}}