{"id":23289,"date":"2025-08-31T19:21:09","date_gmt":"2025-08-31T19:21:09","guid":{"rendered":"https:\/\/www.europesays.com\/no\/23289\/"},"modified":"2025-08-31T19:21:09","modified_gmt":"2025-08-31T19:21:09","slug":"shazia-majid-om-rosetoget-i-kjolvannet-av-drapet-pa-tamima","status":"publish","type":"post","link":"https:\/\/www.europesays.com\/no\/23289\/","title":{"rendered":"Shazia Majid om rosetoget i kj\u00f8lvannet av drapet p\u00e5 Tamima"},"content":{"rendered":"\n<p class=\"_paragraph_1bvmi_4 _paragraph_xtcu6_10 layout-component text-serif-m layout-normal text-serif-m layout-padded\">Det er s\u00e5 inderlig vakkert, men s\u00e5 inderlig vondt. Jeg ser utover enda <a href=\"https:\/\/www.vg.no\/nyheter\/i\/RzLpa5\/stoere-om-drapet-paa-tamima-nibras-juhar-har-rystet-en-hel-nasjon\" data-track-element-type=\"Link\" data-track-id=\"link:RzLpa5\" class=\"_link_1bvmi_39\" rel=\"nofollow noopener\" target=\"_blank\">et rosetog i Oslo<\/a>. <\/p>\n<p class=\"_paragraph_1bvmi_4 _paragraph_xtcu6_10 layout-component text-serif-m layout-normal text-serif-m layout-padded\">Vi hadde v\u00e5rt f\u00f8rste rosetog 25. juli 2011, tre dager etter terrorangrepet 22. juli. Det burde v\u00e6rt det siste.<\/p>\n<p class=\"_paragraph_1bvmi_4 _paragraph_xtcu6_10 layout-component text-serif-m layout-normal text-serif-m layout-padded\">Men slik ble det ikke. <\/p>\n<p class=\"_paragraph_1bvmi_4 _paragraph_xtcu6_10 layout-component text-serif-m layout-normal text-serif-m layout-padded\">24. august i \u00e5r opplevde vi det politiet betegner som en terrorhandling. Tamima Nibras Juhar (34) ble drept p\u00e5 jobb av en 18-\u00e5ring. <\/p>\n<p class=\"_paragraph_1bvmi_4 _paragraph_xtcu6_10 layout-component text-serif-m layout-normal text-serif-m layout-padded\">Han fortalte politiet at drapet var politisk motivert, at han hadde h\u00f8yreekstremistisk tankegods og at han hadde tenkt \u00e5 angripe en mosk\u00e9 i H\u00f8nefoss. <\/p>\n<p class=\"_paragraph_1bvmi_4 _paragraph_xtcu6_10 layout-component text-serif-m layout-normal text-serif-m layout-padded\">Og her st\u00e5r jeg og tenker, hvor mange flere rosetog skal Oslo t\u00e5le? <\/p>\n<p><img alt=\"Foto: Javad Parsa \/ NTB\" class=\"_image_qp4xg_65 layout-component layout-normal\" data-fullscreen- data-track-element-type=\"Article image fullscreen\" data-track-name=\"ImageFullscreen\" decoding=\"async\" loading=\"lazy\" height=\"5760\" itemprop=\"image\"  src=\"https:\/\/www.europesays.com\/no\/wp-content\/uploads\/2025\/08\/fa096ea6-0232-45ef-83d5-7dd8869f21e7\"  style=\"object-position:0% 0%\" width=\"8640\"\/>Foto: Javad Parsa \/ NTB<\/p>\n<p class=\"_paragraph_1bvmi_4 _paragraph_xtcu6_10 layout-component text-serif-m layout-normal text-serif-m layout-padded\">Youngstorget bader i sol denne s\u00f8ndagen. <\/p>\n<p class=\"_paragraph_1bvmi_4 _paragraph_xtcu6_10 layout-component text-serif-m layout-normal text-serif-m layout-padded\">Alle er her for \u00e5 hedre Tamima. <\/p>\n<p class=\"_paragraph_1bvmi_4 _paragraph_xtcu6_10 layout-component text-serif-m layout-normal text-serif-m layout-padded\">Det gule havet av roser, solsikker, gule slagst\u00f8vler, gule skjorter og sarier og kofter og hijab glitrer i takt med solen. <\/p>\n<p class=\"_paragraph_1bvmi_4 _paragraph_xtcu6_10 layout-component text-serif-m layout-normal text-serif-m layout-padded\">Ved siden av meg st\u00e5r Ole Opsahl fra Skullerud, han er her sammen med barnebarnet. Barnebarnet forteller at det er bestefar som har dratt han med. I h\u00e5nden holder Opsahl en bukett med gule nattlys han har plukket i skogen. <\/p>\n<p class=\"_paragraph_1bvmi_4 _paragraph_xtcu6_10 layout-component text-serif-m layout-normal text-serif-m layout-padded\">Hvorfor er det viktig for deg \u00e5 v\u00e6re her i dag, sp\u00f8r jeg. <\/p>\n<p class=\"_paragraph_1bvmi_4 _paragraph_xtcu6_10 layout-component text-serif-m layout-normal text-serif-m layout-padded\"><strong class=\"_strong_1bvmi_25\">\u00abVi f\u00f8ler en stor sorg, og et stort ansvar\u00bb, sier Opsahl. <\/strong><\/p>\n<p class=\"_paragraph_1bvmi_4 _paragraph_xtcu6_10 layout-component text-serif-m layout-normal text-serif-m layout-padded\">Noen t\u00f8rker t\u00e5rer, andre holder rundt hverandre, noen l\u00f8fter sine gulkledde barn p\u00e5 skuldrene s\u00e5 de kan se opp mot balkongen, hvor appellene skal holdes. <\/p>\n<p class=\"_paragraph_1bvmi_4 _paragraph_xtcu6_10 layout-component text-serif-m layout-normal text-serif-m layout-padded\">Plassen er stappfull av tusener p\u00e5 tusener av nordmenn \u2013 s\u00e6rlig nordmenn med utenlandsk opprinnelse. <\/p>\n<p class=\"_paragraph_1bvmi_4 _paragraph_xtcu6_10 layout-component text-serif-m layout-normal text-serif-m layout-padded\">S\u00e6rlig unge, m\u00f8rkhudede gutter, en med knallgule joggesko, en annen med en gul blomst hvilende opp\u00e5 det ene \u00f8ret. En med en gul sekk. Alle lavm\u00e6lte, respektfulle, ventende.  <\/p>\n<p><img alt=\"Foto: Javad Parsa \/ NTB\" class=\"_image_qp4xg_65 layout-component layout-normal\" data-fullscreen- data-track-element-type=\"Article image fullscreen\" data-track-name=\"ImageFullscreen\" decoding=\"async\" loading=\"lazy\" height=\"5760\" itemprop=\"image\"  src=\"https:\/\/www.europesays.com\/no\/wp-content\/uploads\/2025\/08\/dc070156-b426-423c-a724-37f9f77f39b7\"  style=\"object-position:0% 0%\" width=\"8640\"\/>Foto: Javad Parsa \/ NTB<\/p>\n<p class=\"_paragraph_1bvmi_4 _paragraph_xtcu6_10 layout-component text-serif-m layout-normal text-serif-m layout-padded\">Da betyr det noe at det er landets statsminister Jonas Gahr St\u00f8re som st\u00e5r der. P\u00e5 balkongen, og ser utover folkehavet, og sier: <\/p>\n<p class=\"_paragraph_1bvmi_4 _paragraph_xtcu6_10 layout-component text-serif-m layout-normal text-serif-m layout-padded\">\u00abLa oss minne hverandre p\u00e5 at bare gjerningsmannen er ansvarlig for gjerningen, men at tankene og ideene kommer et steds fra. Hatet og aggresjonen har et utspring. Radikalisering og fremmedfrykt begynner et sted. I et m\u00f8rkt, sint fellesskap, hos et menneskesyn som hater\u00bb. <\/p>\n<p class=\"_paragraph_1bvmi_4 _paragraph_xtcu6_10 layout-component text-serif-m layout-normal text-serif-m layout-padded\">Han er klar, og vi trenger klarhet, om hvordan ting henger sammen. For bare slik kan rasisme og ekstremisme bekjempes. <\/p>\n<p class=\"_paragraph_1bvmi_4 _paragraph_xtcu6_10 layout-component text-serif-m layout-normal text-serif-m layout-padded\">\u00abN\u00e5r ekstreme holdninger leder til ekstreme handlinger, n\u00e5r ytterligg\u00e5ende meninger leder til rasistiske utsagn, n\u00e5r ord og hatprat p\u00e5 nettet leder til bruk av drapsv\u00e5pen og tar liv, da m\u00e5 vi bruke det rette ordet: Da er det terror\u00bb, fortsetter St\u00f8re. <\/p>\n<p class=\"_paragraph_1bvmi_4 _paragraph_xtcu6_10 layout-component text-serif-m layout-normal text-serif-m layout-padded\">Det er sant det han sier. Ord er ikke bare ord. Denne s\u00f8ndagen er en bekreftelse p\u00e5 det. <\/p>\n<p class=\"_paragraph_1bvmi_4 _paragraph_xtcu6_10 layout-component text-serif-m layout-normal text-serif-m layout-padded\">Et rosetog er en bekreftelse p\u00e5 det. <\/p>\n<p class=\"_paragraph_1bvmi_4 _paragraph_xtcu6_10 layout-component text-serif-m layout-normal text-serif-m layout-padded\">Der ord kan skape og fostre hat, som i verste fall kan f\u00f8re til terrorangrep. Kan de rette ordene ogs\u00e5 skape gjenkjennelse og anerkjennelse. <\/p>\n<p class=\"_paragraph_1bvmi_4 _paragraph_xtcu6_10 layout-component text-serif-m layout-normal text-serif-m layout-padded\">Og dermed lindring. <\/p>\n<p class=\"_paragraph_1bvmi_4 _paragraph_xtcu6_10 layout-component text-serif-m layout-normal text-serif-m layout-padded\">Som om noen sier, jeg forst\u00e5r hva du sier, jeg tror p\u00e5 deg, jeg ser det du ser, jeg vet at du er redd. <\/p>\n<p class=\"_paragraph_1bvmi_4 _paragraph_xtcu6_10 layout-component text-serif-m layout-normal text-serif-m layout-padded\">\u00abJeg vet at mange er redde, jeg er ogs\u00e5 redd\u00bb, sier Oslos ordf\u00f8rer Anne Lindboe fra talerstolen. <\/p>\n<p class=\"_paragraph_1bvmi_4 _paragraph_xtcu6_10 layout-component text-serif-m layout-normal text-serif-m layout-padded\">Fremst i folkehavet st\u00e5r landets fremste politikere og lytter, blant annet Erna Solberg og Venstres Abid Raja. <\/p>\n<p><img alt=\"Foto: Javad Parsa \/ NTB\" class=\"_image_qp4xg_65 layout-component layout-normal\" data-fullscreen- data-track-element-type=\"Article image fullscreen\" data-track-name=\"ImageFullscreen\" decoding=\"async\" loading=\"lazy\" height=\"5760\" itemprop=\"image\"  src=\"https:\/\/www.europesays.com\/no\/wp-content\/uploads\/2025\/08\/29ff1724-c67a-4c6c-a633-9b920d984ced\"  style=\"object-position:0% 0%\" width=\"8640\"\/>Foto: Javad Parsa \/ NTB<\/p>\n<p class=\"_paragraph_1bvmi_4 _paragraph_xtcu6_10 layout-component text-serif-m layout-normal text-serif-m layout-padded\">Der St\u00f8re og Lindboe fors\u00f8ker \u00e5 se smerten og lindre den, maner stortingspolitiker og Ut\u00f8ya-overlevende Kamzy Gunaratnam til kamp. <\/p>\n<p class=\"_paragraph_1bvmi_4 _paragraph_xtcu6_10 layout-component text-serif-m layout-normal text-serif-m layout-padded\">\u00abJeg er sint\u00bb, sier hun. Hun er \u00e5penbart ikke alene om det. Hun blir m\u00f8tt med enorm applaus, anerkjennende nikk og h\u00f8ylytte rop. <\/p>\n<p class=\"_paragraph_1bvmi_4 _paragraph_xtcu6_10 layout-component text-serif-m layout-normal text-serif-m layout-padded\"><strong class=\"_strong_1bvmi_25\">For ja, hvor mange flere rosetog skal vi t\u00e5le?<\/strong> <\/p>\n<p class=\"_paragraph_1bvmi_4 _paragraph_xtcu6_10 layout-component text-serif-m layout-normal text-serif-m layout-padded\">Hvor mange flere markeringer, slik som markeringen etter drapet p\u00e5 Benjamin Hermansen og etter terrorangrepet mot skeive 25. juni 2022?<\/p>\n<p class=\"_paragraph_1bvmi_4 _paragraph_xtcu6_10 layout-component text-serif-m layout-normal text-serif-m layout-padded\">Vi har to valg, sier hun, enten \u00e5 ikke gj\u00f8re noe, eller \u00e5 kalle rasisme for rasisme. Og hun avslutter med \u00e5 understreke at trygghet ikke kommer gratis. <\/p>\n<p class=\"_paragraph_1bvmi_4 _paragraph_xtcu6_10 layout-component text-serif-m layout-normal text-serif-m layout-padded\">\u00c5 uttrykke sinne og frustrasjon i et rosetog er nytt, men det er n\u00f8dvendig. <\/p>\n<p class=\"_paragraph_1bvmi_4 _paragraph_xtcu6_10 layout-component text-serif-m layout-normal text-serif-m layout-padded\">Rosetogene vi har hatt har v\u00e6rt begrensende. Hat kan ikke bare overvinnes av kj\u00e6rlighet og roser.<\/p>\n<p class=\"_paragraph_1bvmi_4 _paragraph_xtcu6_10 layout-component text-serif-m layout-normal text-serif-m layout-padded\">Det kreves ogs\u00e5 erkjennelse av de faktiske forholdene. Og det kreves handling.<\/p>\n<p class=\"_paragraph_1bvmi_4 _paragraph_xtcu6_10 layout-component text-serif-m layout-normal text-serif-m layout-padded\">Det betyr \u00e5 ta et oppgj\u00f8r med normaliseringen av hatprat. Alts\u00e5 h\u00f8yreekstreme, rasistiske, islamfiendtlige, homofobe og antisemittiske holdninger. <\/p>\n<p class=\"_paragraph_1bvmi_4 _paragraph_xtcu6_10 layout-component text-serif-m layout-normal text-serif-m layout-padded\">Det oppgj\u00f8ret er det jeg og du som m\u00e5 ta \u2013  der vi jobber og der vi bor. <\/p>\n<p class=\"_paragraph_1bvmi_4 _paragraph_xtcu6_10 layout-component text-serif-m layout-normal text-serif-m layout-padded\">Slik at vi aldri igjen m\u00e5 g\u00e5 i et rosetog i dette landet.<\/p>\n<p>      Dette er en kommentar. Kommentaren gir uttrykk for skribentens holdning. <\/p>\n","protected":false},"excerpt":{"rendered":"Det er s\u00e5 inderlig vakkert, men s\u00e5 inderlig vondt. Jeg ser utover enda et rosetog i Oslo. Vi&hellip;\n","protected":false},"author":2,"featured_media":23290,"comment_status":"","ping_status":"","sticky":false,"template":"","format":"standard","meta":{"footnotes":""},"categories":[5],"tags":[3637,3799,20,21,3118,24,25,15,19,201,3800,22,23,17,18,13,30,28,29,14,16,3686,26,27,103],"class_list":{"0":"post-23289","1":"post","2":"type-post","3":"status-publish","4":"format-standard","5":"has-post-thumbnail","7":"category-overskrifter","8":"tag-22-juli","9":"tag-anne-lindboe","10":"tag-breaking-news","11":"tag-breakingnews","12":"tag-drapet-pa-kampen","13":"tag-featured-news","14":"tag-featurednews","15":"tag-headlines","16":"tag-hovedoppslag","17":"tag-jonas-gahr-store","18":"tag-kamzy-gunaratnam","19":"tag-latest-news","20":"tag-latestnews","21":"tag-main-news","22":"tag-mainnews","23":"tag-news","24":"tag-no","25":"tag-norge","26":"tag-norway","27":"tag-nyheter","28":"tag-overskrifter","29":"tag-terror","30":"tag-top-stories","31":"tag-topstories","32":"tag-vgmeninger"},"share_on_mastodon":{"url":"","error":""},"_links":{"self":[{"href":"https:\/\/www.europesays.com\/no\/wp-json\/wp\/v2\/posts\/23289","targetHints":{"allow":["GET"]}}],"collection":[{"href":"https:\/\/www.europesays.com\/no\/wp-json\/wp\/v2\/posts"}],"about":[{"href":"https:\/\/www.europesays.com\/no\/wp-json\/wp\/v2\/types\/post"}],"author":[{"embeddable":true,"href":"https:\/\/www.europesays.com\/no\/wp-json\/wp\/v2\/users\/2"}],"replies":[{"embeddable":true,"href":"https:\/\/www.europesays.com\/no\/wp-json\/wp\/v2\/comments?post=23289"}],"version-history":[{"count":0,"href":"https:\/\/www.europesays.com\/no\/wp-json\/wp\/v2\/posts\/23289\/revisions"}],"wp:featuredmedia":[{"embeddable":true,"href":"https:\/\/www.europesays.com\/no\/wp-json\/wp\/v2\/media\/23290"}],"wp:attachment":[{"href":"https:\/\/www.europesays.com\/no\/wp-json\/wp\/v2\/media?parent=23289"}],"wp:term":[{"taxonomy":"category","embeddable":true,"href":"https:\/\/www.europesays.com\/no\/wp-json\/wp\/v2\/categories?post=23289"},{"taxonomy":"post_tag","embeddable":true,"href":"https:\/\/www.europesays.com\/no\/wp-json\/wp\/v2\/tags?post=23289"}],"curies":[{"name":"wp","href":"https:\/\/api.w.org\/{rel}","templated":true}]}}