{"id":23298,"date":"2025-08-31T19:29:07","date_gmt":"2025-08-31T19:29:07","guid":{"rendered":"https:\/\/www.europesays.com\/no\/23298\/"},"modified":"2025-08-31T19:29:07","modified_gmt":"2025-08-31T19:29:07","slug":"fellesskap-uten-mestring-fvn-no","status":"publish","type":"post","link":"https:\/\/www.europesays.com\/no\/23298\/","title":{"rendered":"Felles\u00adskap uten mest\u00adring &#8211; fvn.no"},"content":{"rendered":"<p>Barn er ikke like \u2013 verken i idretten eller i skolen. Noen l\u00e6rer raskt, andre trenger mer tid. Noen har talent og motivasjon som driver dem lenger, tidligere. N\u00e5r systemet kun er bygget for \u00abgjennomsnittet\u00bb, er det nettopp de barna med ambisjoner og ferdigheter som risikerer \u00e5 falle utenfor.<\/p>\n<p>Vi hyller \u00abflest mulig, lengst mulig\u00bb. Men i praksis betyr dette at de mest ambisi\u00f8se barna ikke f\u00e5r nok utfordringer, og at vi holder dem tilbake for \u00e5 bevare en illusjon av likhet. Det gj\u00f8r ikke fellesskapet sterkere \u2013 det gj\u00f8r at noen mister lysten. Er det bedre at de slutter, enn at de f\u00e5r utvikle seg i et milj\u00f8 som matcher ambisjonene deres?<\/p>\n<p><a href=\"https:\/\/www.fvn.no\/mening\/debattinnlegg\/i\/QM134R\/nei-det-handler-ikke-om-misunnelse\" rel=\"nofollow noopener\" target=\"_blank\"> <img decoding=\"async\" src=\"data:image\/gif;base64,R0lGODlhEAAJAIAAAP\/\/\/wAAACH5BAEAAAAALAAAAAAQAAkAAAIKhI+py+0Po5yUFQA7\" alt=\"\"\/>   Nei, det handler ikke om misunnelse  <\/a> <\/p>\n<p>\u00c5pen <\/p>\n<p>Forskningen som trekkes fram, er riktig: for tidlig spesialisering kan gi risiko for skader og frafall. Men det betyr ikke at all differensiering er farlig. Det betyr at vi m\u00e5 v\u00e6re kloke \u2013 tilrettelegge treningsmengde, sikre variasjon, og samtidig gi mulighet for \u00e5 satse litt mer, for dem som \u00f8nsker det. \u00c5 nekte 9\u201310-\u00e5ringer \u00e5 trene og konkurrere p\u00e5 et h\u00f8yere niv\u00e5 fordi vi er redde for \u00absplitting\u00bb, kan v\u00e6re like skadelig som \u00e5 presse alle inn i toppsatsing.<\/p>\n<p>Fellesskap er viktig \u2013 men fellesskap uten mestring er tomt. Fellesskap bygges gjennom mestring, ikke ved \u00e5 holde alle p\u00e5 samme niv\u00e5 uansett forutsetninger. N\u00e5r barn som \u00f8nsker \u00e5 satse, blir holdt tilbake for \u00e5 bevare \u00ablaget som helhet\u00bb, l\u00e6rer de raskt at ambisjon er noe negativt. Samtidig sender vi signal til dem som strever mest, om at de aldri skal f\u00e5 tilpasset oppf\u00f8lging fordi det kan skape \u00abskiller\u00bb. Er det virkelig fellesskapets beste vi forsvarer \u2013 eller v\u00e5r egen komfort som voksne?<\/p>\n<p><a href=\"https:\/\/www.fvn.no\/sport\/i\/eM3WBy\/er-det-greit-aa-la-9-aaringer-spille-mot-11-aaringer-vi-tar-debatten\" rel=\"nofollow noopener\" target=\"_blank\"> <img decoding=\"async\" src=\"data:image\/gif;base64,R0lGODlhEAAJAIAAAP\/\/\/wAAACH5BAEAAAAALAAAAAAQAAkAAAIKhI+py+0Po5yUFQA7\" alt=\"\"\/>   Er det greit \u00e5 la 9-\u00e5ringer spille mot 11-\u00e5ringer? Se debatt mellom Mathisen og Bernander.   <\/a> <\/p>\n<p>Klubber som Vig\u00f8r, Vindbjart og Dvergsnes lar de mest motiverte barna hospitere p\u00e5 eldre lag, slik at de kan trene og spille b\u00e5de med sitt eget lag og eldre spillere. Dette gir b\u00e5de utfordring og trygghet. \u00c5 hospitere bryter ikke fellesskapet. Det kan tvert imot motivere, skape mestring og l\u00e6re alle verdien av innsats. Tilpasning etter ferdigheter handler ikke om ekskludering, men om at hvert barn f\u00e5r vokse p\u00e5 sitt niv\u00e5.<\/p>\n<p>Et annet poeng som glemmes i denne debatten, er at konkurranse er en naturlig del av livet \u2013 ogs\u00e5 for barn. I idrett finnes det alltid en vinner og en taper. \u00c5 skjerme barna for dette s\u00e5 lenge som mulig, er ikke \u00e5 gj\u00f8re dem en tjeneste. Tvert imot: de trenger \u00e5 erfare b\u00e5de seire og nederlag tidlig, l\u00e6re \u00e5 h\u00e5ndtere skuffelser og glede seg over mestring. Hvis vi f\u00f8rst m\u00f8ter konkurranse n\u00e5r vi blir ten\u00e5ringer eller voksne, blir terskelen mye h\u00f8yere og opplevelsen langt mer brutal. Barna v\u00e5re t\u00e5ler mer enn vi voksne tror \u2013 og de vokser p\u00e5 \u00e5 l\u00e6re at innsats, trening og utholdenhet faktisk gir resultater.<\/p>\n<p>Denne debatten ligner den vi har om norsk skole. Ogs\u00e5 der skal \u00abfellesskapet\u00bb v\u00e6re viktigere enn tilpasset undervisning og niv\u00e5deling. Resultatet er at for mange g\u00e5r ut av skolen uten grunnleggende ferdigheter, mens andre kjeder seg og mister motivasjonen. I b\u00e5de skole og idrett taper vi p\u00e5 den samme ideologiske tvangen: alle skal med, men ingen skal f\u00e5 mer.<\/p>\n<p>Det viktigste er \u00e5 sette barna f\u00f8rst \u2013 b\u00e5de de som vil spille for moro skyld, og de som vil trene hardt og dr\u00f8mme stort. Det ene utelukker ikke det andre. Men da m\u00e5 vi t\u00f8rre \u00e5 erkjenne at likhet ikke er inkludering. Noen trenger ekstra oppf\u00f8lging, noen trenger ekstra utfordringer. Begge deler er fullt mulig \u00e5 f\u00e5 til, uten \u00e5 rive ned milj\u00f8et.<\/p>\n<p>Hvis vi virkelig \u00f8nsker \u00e5 ha \u00abflest mulig lengst mulig\u00bb, m\u00e5 vi ogs\u00e5 s\u00f8rge for at de mest motiverte f\u00e5r lov til \u00e5 blomstre. For fellesskapet blir ikke sterkere av \u00e5 holde tilbake dem som l\u00f8per raskest.<\/p>\n<p><a href=\"https:\/\/www.fvn.no\/sport\/i\/732GB9\/kristiansand-klubbene-er-uenige-i-barnefotball-debatten-veldig-skeptisk\" rel=\"nofollow noopener\" target=\"_blank\"> <img decoding=\"async\" src=\"data:image\/gif;base64,R0lGODlhEAAJAIAAAP\/\/\/wAAACH5BAEAAAAALAAAAAAQAAkAAAIKhI+py+0Po5yUFQA7\" alt=\"\"\/>   Kris\u00adtian\u00adsand-klub\u00adbene er uenige i barne\u00adfotball-debat\u00adten: \u2013 Veldig skep\u00adtisk  <\/a> <a href=\"https:\/\/www.fvn.no\/sport\/i\/vgLLbX\/mathisen-startet-nytt-lag-for-aa-la-barn-moete-eldre-spillere-vi-har-gjort-det-vi-mener-er-riktig\" rel=\"nofollow noopener\" target=\"_blank\"> <img decoding=\"async\" src=\"data:image\/gif;base64,R0lGODlhEAAJAIAAAP\/\/\/wAAACH5BAEAAAAALAAAAAAQAAkAAAIKhI+py+0Po5yUFQA7\" alt=\"\"\/>   Mathisen startet nytt lag for \u00e5 la barn m\u00f8te eldre spillere: \u2013 Vi har gjort det vi mener er riktig  <\/a> <a href=\"https:\/\/www.fvn.no\/sport\/i\/alArm5\/ordfoereren-kritisk-til-mathisen-grep-jeg-vil-advare-mot-utviklingen\" rel=\"nofollow noopener\" target=\"_blank\"> <img decoding=\"async\" src=\"data:image\/gif;base64,R0lGODlhEAAJAIAAAP\/\/\/wAAACH5BAEAAAAALAAAAAAQAAkAAAIKhI+py+0Po5yUFQA7\" alt=\"\"\/>   Ordf\u00f8\u00adreren kritisk til Mathisen-grep: \u2013 Jeg vil advare mot utvik\u00adlingen  <\/a> <\/p>\n","protected":false},"excerpt":{"rendered":"Barn er ikke like \u2013 verken i idretten eller i skolen. Noen l\u00e6rer raskt, andre trenger mer tid.&hellip;\n","protected":false},"author":2,"featured_media":23299,"comment_status":"","ping_status":"","sticky":false,"template":"","format":"standard","meta":{"footnotes":""},"categories":[59],"tags":[2764,3801,2211,331,30,28,29,83,82],"class_list":{"0":"post-23298","1":"post","2":"type-post","3":"status-publish","4":"format-standard","5":"has-post-thumbnail","7":"category-sport","8":"tag-barnefotball","9":"tag-fellesskap","10":"tag-idrett","11":"tag-kristiansand","12":"tag-no","13":"tag-norge","14":"tag-norway","15":"tag-sport","16":"tag-sports"},"share_on_mastodon":{"url":"","error":""},"_links":{"self":[{"href":"https:\/\/www.europesays.com\/no\/wp-json\/wp\/v2\/posts\/23298","targetHints":{"allow":["GET"]}}],"collection":[{"href":"https:\/\/www.europesays.com\/no\/wp-json\/wp\/v2\/posts"}],"about":[{"href":"https:\/\/www.europesays.com\/no\/wp-json\/wp\/v2\/types\/post"}],"author":[{"embeddable":true,"href":"https:\/\/www.europesays.com\/no\/wp-json\/wp\/v2\/users\/2"}],"replies":[{"embeddable":true,"href":"https:\/\/www.europesays.com\/no\/wp-json\/wp\/v2\/comments?post=23298"}],"version-history":[{"count":0,"href":"https:\/\/www.europesays.com\/no\/wp-json\/wp\/v2\/posts\/23298\/revisions"}],"wp:featuredmedia":[{"embeddable":true,"href":"https:\/\/www.europesays.com\/no\/wp-json\/wp\/v2\/media\/23299"}],"wp:attachment":[{"href":"https:\/\/www.europesays.com\/no\/wp-json\/wp\/v2\/media?parent=23298"}],"wp:term":[{"taxonomy":"category","embeddable":true,"href":"https:\/\/www.europesays.com\/no\/wp-json\/wp\/v2\/categories?post=23298"},{"taxonomy":"post_tag","embeddable":true,"href":"https:\/\/www.europesays.com\/no\/wp-json\/wp\/v2\/tags?post=23298"}],"curies":[{"name":"wp","href":"https:\/\/api.w.org\/{rel}","templated":true}]}}