{"id":23382,"date":"2025-08-31T21:20:13","date_gmt":"2025-08-31T21:20:13","guid":{"rendered":"https:\/\/www.europesays.com\/no\/23382\/"},"modified":"2025-08-31T21:20:13","modified_gmt":"2025-08-31T21:20:13","slug":"martin-odegaard-kom-inn-da-szoboszlai-senket-arsenal-med-drommescoring","status":"publish","type":"post","link":"https:\/\/www.europesays.com\/no\/23382\/","title":{"rendered":"Martin \u00d8degaard kom inn da Szoboszlai senket Arsenal med dr\u00f8mmescoring:"},"content":{"rendered":"\n<p class=\"_paragraph_1bvmi_4 _paragraph_xtcu6_10 layout-component text-serif-m layout-normal text-serif-m layout-padded\">\u2013 Jeg tok en sjanse og traff rimelig bra, sier Szoboszlai til Viaplay og smiler lekent.<\/p>\n<p class=\"_paragraph_1bvmi_4 _paragraph_xtcu6_10 layout-component text-serif-m layout-normal text-serif-m layout-padded\">Han er forn\u00f8yd, ogs\u00e5 med \u00e5 spille h\u00f8yreback. <\/p>\n<p class=\"_paragraph_1bvmi_4 _paragraph_xtcu6_10 layout-component text-serif-m layout-normal text-serif-m layout-padded\">\u2013 Jeg \u00f8ver mye p\u00e5 skudd, selv om jeg ikke har s\u00e5 mye muskler i benene, s\u00e5 har jeg mye teknikk, sier ungareren. <\/p>\n<p class=\"_paragraph_1bvmi_4 _paragraph_xtcu6_10 layout-component text-serif-m layout-normal text-serif-m layout-padded\">\u2013 Den har alt. Verdensklasse!<\/p>\n<p class=\"_paragraph_1bvmi_4 _paragraph_xtcu6_10 layout-component text-serif-m layout-normal text-serif-m layout-padded\">Det sier Sky Sports-ekspert Gary Neville om Szoboszlais dr\u00f8mmescoring mot Arsenal.<\/p>\n<p class=\"_paragraph_1bvmi_4 _paragraph_xtcu6_10 layout-component text-serif-m layout-normal text-serif-m layout-padded\">Etter mildt sagt sjansefattige 83 minutter stilte ungareren seg opp til \u00e5 ta frispark fra 29,5 meter.<\/p>\n<p class=\"_paragraph_1bvmi_4 _paragraph_xtcu6_10 layout-component text-serif-m layout-normal text-serif-m layout-padded\"><strong class=\"_strong_1bvmi_25\">Szoboszlai hamret ballen via stangen og forbi en sjansel\u00f8s David Raya i Arsenal-m\u00e5let.<\/strong><\/p>\n<p class=\"_paragraph_1bvmi_4 _paragraph_xtcu6_10 layout-component text-serif-m layout-normal text-serif-m layout-padded\">\u2013 Det er ikke mulig \u00e5 gj\u00f8re det p\u00e5 en vakrere m\u00e5te, sier Viaplay-ekspert Lars Tj\u00e6rn\u00e5s etter scoringen.<\/p>\n<p class=\"_paragraph_1bvmi_4 _paragraph_xtcu6_10 layout-component text-serif-m layout-normal text-serif-m layout-padded\">Scoringen er m\u00e5let fra lengst hold til n\u00e5 denne sesongen, og ble kampens eneste. Dermed kunne Anfield-publikumet juble over seieren mot tittelrivalen.<\/p>\n<p class=\"_paragraph_1bvmi_4 _paragraph_xtcu6_10 layout-component text-serif-m layout-normal text-serif-m layout-padded\"><strong class=\"_strong_1bvmi_25\">\u2013 Szoboszlai har f\u00e5tt en vitaminpille. Han er absolutt enest\u00e5ende. Det er akkurat som de har funnet en plass for ham n\u00e5 som han spiller h\u00f8yre back, sier Liverpool-legende Jamie Carragher p\u00e5 SkySports og legger til: <\/strong><\/p>\n<p class=\"_paragraph_1bvmi_4 _paragraph_xtcu6_10 layout-component text-serif-m layout-normal text-serif-m layout-padded\">\u2013 Vi har h\u00f8rt mye om langskuddene hans, men vi har ikke sett s\u00e5 mye til dem for Liverpool, f\u00f8r n\u00e5 &#8211; wow, for et m\u00e5l. <\/p>\n<p class=\"_paragraph_1bvmi_4 _paragraph_xtcu6_10 layout-component text-serif-m layout-normal text-serif-m layout-padded\">Det var euforisk stemning blant Viaplays eksperter p\u00e5 Anfield. <\/p>\n<p class=\"_paragraph_1bvmi_4 _paragraph_xtcu6_10 layout-component text-serif-m layout-normal text-serif-m layout-padded\">\u2013 Han f\u00e5r enorm kraft ut av ingenting. Han bare gir ballen et vipp og sender den av g\u00e5rde. For et nydelig frispark, sier tidligere Arsenal-profil Fredrik Ljungberg.<\/p>\n<p class=\"_paragraph_1bvmi_4 _paragraph_xtcu6_10 layout-component text-serif-m layout-normal text-serif-m layout-padded\">Peter Schmeichel tar den enda lenger. <\/p>\n<p class=\"_paragraph_1bvmi_4 _paragraph_xtcu6_10 layout-component text-serif-m layout-normal text-serif-m layout-padded\"><strong class=\"_strong_1bvmi_25\">\u2013 \u00c5rets m\u00e5l! Et frispark fra 30 meter med den kurven. \u00c5 ja, sier Peter Schmeichel. <\/strong><\/p>\n<p class=\"_paragraph_1bvmi_4 _paragraph_xtcu6_10 layout-component text-serif-m layout-normal text-serif-m layout-padded\">Og dette m\u00e5let tok litt fokus vekk fra comebacket til Martin \u00d8degaard, som er tilbake f\u00f8r landskampene mot Finland og Moldova, sistenevnte er VM-kvalifisering. <\/p>\n<p class=\"_paragraph_1bvmi_4 _paragraph_xtcu6_10 layout-component text-serif-m layout-normal text-serif-m layout-padded\">Med Bukayo Saka ute med skade <a href=\"https:\/\/www.vg.no\/sport\/i\/5ExE01\/skadesmell-for-martin-oedegaard\" data-track-element-type=\"Link\" data-track-id=\"link:5ExE01\" class=\"_link_1bvmi_39\" rel=\"nofollow noopener\" target=\"_blank\">etter seieren mot Leeds<\/a>, i tillegg til Martin \u00d8degaard p\u00e5 benken etter en skulderskade i samme kamp, var Arsenal betydelig svekket f\u00f8r s\u00f8ndagens toppkamp.<\/p>\n<p><img alt=\"TILBAKE: Martin \u00d8degaard p\u00e5 Anfield s\u00f8ndag kveld.   Foto: DARREN STAPLES \/ AFP \/ NTB\" class=\"_image_qp4xg_65 layout-component layout-normal\" data-fullscreen- data-track-element-type=\"Article image fullscreen\" data-track-name=\"ImageFullscreen\" decoding=\"async\" loading=\"lazy\" height=\"5464\" itemprop=\"image\"  src=\"https:\/\/www.europesays.com\/no\/wp-content\/uploads\/2025\/08\/65c360f6-dc19-4a45-9377-53bd3838dc8a\"  style=\"object-position:0% 0%\" width=\"8192\"\/>TILBAKE: Martin \u00d8degaard p\u00e5 Anfield s\u00f8ndag kveld.   Foto: DARREN STAPLES \/ AFP \/ NTB<\/p>\n<p class=\"_paragraph_1bvmi_4 _paragraph_xtcu6_10 layout-component text-serif-m layout-normal text-serif-m layout-padded\"><strong class=\"_strong_1bvmi_25\">Og selv om \u00d8degaard kom inn med 20 minutter igjen av kampen, ble vondt til verre da stopperbauta William Saliba m\u00e5tte ut med skade etter kun fem minutter.<\/strong><\/p>\n<p class=\"_paragraph_1bvmi_4 _paragraph_xtcu6_10 layout-component text-serif-m layout-normal text-serif-m layout-padded\">\u2013 Et gigantisk tap for Arsenal, sier BBCs fotballekspert og tidligere Premier League-spiss Dion Dublin om midtstopperens skade.<\/p>\n<p class=\"_paragraph_1bvmi_4 _paragraph_xtcu6_10 layout-component text-serif-m layout-normal text-serif-m layout-padded\">Til tross for at Liverpool knapt skapte noe som helst i 1. omgang, var det gjestene fra London som fikk gjennomg\u00e5 i pausen.<\/p>\n<p class=\"_paragraph_1bvmi_4 _paragraph_xtcu6_10 layout-component text-serif-m layout-normal text-serif-m layout-padded\">\u2013 Det er kun et lag ute p\u00e5 banen som pr\u00f8ver \u00e5 spille fotball der ute, og det er Liverpool. Arsenal dreper tempoet i kampen, sier tidligere Premier League-keeper Peter Schmeichel i Viaplay-studioet i pausen.<\/p>\n<p class=\"_paragraph_1bvmi_4 _paragraph_xtcu6_10 layout-component text-serif-m layout-normal text-serif-m layout-padded\"><strong class=\"_strong_1bvmi_25\">\u2013 Det er s\u00e5 trist \u00e5 se, fortsetter Schmeichel, som f\u00e5r st\u00f8tte fra sin kollega og tidligere Arsenal-spiller Fredrik Ljungberg.<\/strong><\/p>\n<p class=\"_paragraph_1bvmi_4 _paragraph_xtcu6_10 layout-component text-serif-m layout-normal text-serif-m layout-padded\">\u2013 Det er verdens beste liga, og da vil vi se mer underholdning, sier Ljungberg.<\/p>\n<p><img alt=\"Foto: Phil Noble \/ Reuters \/ NTB\" class=\"_image_qp4xg_65 layout-component layout-normal\" data-fullscreen- data-track-element-type=\"Article image fullscreen\" data-track-name=\"ImageFullscreen\" decoding=\"async\" loading=\"lazy\" height=\"1936\" itemprop=\"image\"  src=\"https:\/\/www.europesays.com\/no\/wp-content\/uploads\/2025\/08\/873b068d-56b7-40b9-999e-ec57c87dcddb\"  style=\"object-position:0% 0%\" width=\"2870\"\/>Foto: Phil Noble \/ Reuters \/ NTB<\/p>\n<p class=\"_paragraph_1bvmi_4 _paragraph_xtcu6_10 layout-component text-serif-m layout-normal text-serif-m layout-padded\">Da timen var spilt kom kampens f\u00f8rste interessante situasjon. Wirtz\u2019 skuddfors\u00f8k ble reddet av Raya, som ga retur. Den kom Gakpo p\u00e5, og ble meid ned av Raya, f\u00f8r Ekitike satte ballen i m\u00e5l. <\/p>\n<p class=\"_paragraph_1bvmi_4 _paragraph_xtcu6_10 layout-component text-serif-m layout-normal text-serif-m layout-padded\"><strong class=\"_strong_1bvmi_25\">Dessverre for hjemmelaget var Gakpo i offside da Wirtz fyrte av, og scoringen ble annullert.<\/strong><\/p>\n<p><img alt=\"Foto: Phil Noble \/ Reuters \/ NTB\" class=\"_image_qp4xg_65 layout-component layout-normal\" data-fullscreen- data-track-element-type=\"Article image fullscreen\" data-track-name=\"ImageFullscreen\" decoding=\"async\" loading=\"lazy\" height=\"2276\" itemprop=\"image\"  src=\"https:\/\/www.europesays.com\/no\/wp-content\/uploads\/2025\/08\/c11a469a-2aaa-4ac5-9714-992ee8af361c\"  style=\"object-position:0% 0%\" width=\"3336\"\/>Foto: Phil Noble \/ Reuters \/ NTB<\/p>\n<p class=\"_paragraph_1bvmi_4 _paragraph_xtcu6_10 layout-component text-serif-m layout-normal text-serif-m layout-padded\">Szoboszlai ble kampavgj\u00f8rende, og Arsenal klarte ikke \u00e5 respondere p\u00e5 ledelsesm\u00e5let, til tross for massivt press i sluttminuttene. <\/p>\n<p class=\"_paragraph_1bvmi_4 _paragraph_xtcu6_10 layout-component text-serif-m layout-normal text-serif-m layout-padded\">Dermed tok Liverpool sin tredje strake seier, og leder Premier League etter sesongens tre f\u00f8rste kamper.<\/p>\n","protected":false},"excerpt":{"rendered":"\u2013 Jeg tok en sjanse og traff rimelig bra, sier Szoboszlai til Viaplay og smiler lekent. Han er&hellip;\n","protected":false},"author":2,"featured_media":23383,"comment_status":"","ping_status":"","sticky":false,"template":"","format":"standard","meta":{"footnotes":""},"categories":[5],"tags":[328,20,21,24,25,15,19,22,23,114,17,18,13,30,28,29,14,16,161,26,27],"class_list":{"0":"post-23382","1":"post","2":"type-post","3":"status-publish","4":"format-standard","5":"has-post-thumbnail","7":"category-overskrifter","8":"tag-arsenal","9":"tag-breaking-news","10":"tag-breakingnews","11":"tag-featured-news","12":"tag-featurednews","13":"tag-headlines","14":"tag-hovedoppslag","15":"tag-latest-news","16":"tag-latestnews","17":"tag-liverpool-fc","18":"tag-main-news","19":"tag-mainnews","20":"tag-news","21":"tag-no","22":"tag-norge","23":"tag-norway","24":"tag-nyheter","25":"tag-overskrifter","26":"tag-premier-league","27":"tag-top-stories","28":"tag-topstories"},"share_on_mastodon":{"url":"","error":""},"_links":{"self":[{"href":"https:\/\/www.europesays.com\/no\/wp-json\/wp\/v2\/posts\/23382","targetHints":{"allow":["GET"]}}],"collection":[{"href":"https:\/\/www.europesays.com\/no\/wp-json\/wp\/v2\/posts"}],"about":[{"href":"https:\/\/www.europesays.com\/no\/wp-json\/wp\/v2\/types\/post"}],"author":[{"embeddable":true,"href":"https:\/\/www.europesays.com\/no\/wp-json\/wp\/v2\/users\/2"}],"replies":[{"embeddable":true,"href":"https:\/\/www.europesays.com\/no\/wp-json\/wp\/v2\/comments?post=23382"}],"version-history":[{"count":0,"href":"https:\/\/www.europesays.com\/no\/wp-json\/wp\/v2\/posts\/23382\/revisions"}],"wp:featuredmedia":[{"embeddable":true,"href":"https:\/\/www.europesays.com\/no\/wp-json\/wp\/v2\/media\/23383"}],"wp:attachment":[{"href":"https:\/\/www.europesays.com\/no\/wp-json\/wp\/v2\/media?parent=23382"}],"wp:term":[{"taxonomy":"category","embeddable":true,"href":"https:\/\/www.europesays.com\/no\/wp-json\/wp\/v2\/categories?post=23382"},{"taxonomy":"post_tag","embeddable":true,"href":"https:\/\/www.europesays.com\/no\/wp-json\/wp\/v2\/tags?post=23382"}],"curies":[{"name":"wp","href":"https:\/\/api.w.org\/{rel}","templated":true}]}}