{"id":23438,"date":"2025-08-31T23:02:11","date_gmt":"2025-08-31T23:02:11","guid":{"rendered":"https:\/\/www.europesays.com\/no\/23438\/"},"modified":"2025-08-31T23:02:11","modified_gmt":"2025-08-31T23:02:11","slug":"jakob-ingebrigtsen-jann-post-nrk-profil-jann-post-med-klar-ingebrigtsen-melding-2","status":"publish","type":"post","link":"https:\/\/www.europesays.com\/no\/23438\/","title":{"rendered":"Jakob Ingebrigtsen, Jann Post | NRK-profil Jann Post med klar Ingebrigtsen-melding"},"content":{"rendered":"<p> (<a href=\"https:\/\/www.nettavisen.no\" rel=\"nofollow noopener\" target=\"_blank\">Nettavisen<\/a>) <\/p>\n<p>Fredag morgen kom nyheten om at <a href=\"https:\/\/www.nettavisen.no\/sport\/jakob-ingebrigtsen-bekrefter-vm-deltagelse\/s\/5-95-2591038\" rel=\"Follow nofollow noopener\" target=\"_blank\">Jakob Ingebrigtsen stiller til start under VM i Tokyo.<\/a> Det etter et lengre skadeavbrekk og p\u00e5f\u00f8lgende opptrening.<\/p>\n<p>NRK-kommentator Jann Post beskriver nyheten som \u00abutrolig gledelig\u00bb, men har klare tanker om hva som g\u00e5r gjennom l\u00f8pestjernens hode om dagen.<\/p>\n<p>Eksperten tror nemlig ikke at Ingebrigtsen drar til den japanske hovedstaden uten h\u00e5p om medalje.<\/p>\n<p>\u2013 Han har kjempet hardt for \u00e5 rekke dette. Det er fortsatt et par uker igjen og dette viser at han har kontroll p\u00e5 situasjonen, sier Post til Nettavisen.<\/p>\n<p><b>Les ogs\u00e5: <a href=\"https:\/\/www.nettavisen.no\/sport\/elden-reagerer-pa-gjert-nyheten-lite-smart\/s\/5-95-2593713\" rel=\"Follow nofollow noopener\" target=\"_blank\">Elden reagerer p\u00e5 Gjert-avgj\u00f8relse<\/a><\/b><\/p>\n<p>\u2013 Blir avgj\u00f8rende<\/p>\n<p>Ingebrigtsen har ikke l\u00f8pt en konkurranse siden i vinter og det er dermed knyttet stor usikkerhet til hva han kan levere i Tokyo.<\/p>\n<p>\u2013 Jeg er ikke s\u00e5 bekymret for at han mangler konkurranser, men det blir avgj\u00f8rende hvor mye spesifikt han har f\u00e5tt gjort p\u00e5 trening. Det er det bare Jakob og teamet rundt han som vet.<\/p>\n<p>Etter alt \u00e5 d\u00f8mme skal Ingebrigtsen stille til start p\u00e5 b\u00e5de 1500 og 5000 meter. F\u00f8rstnevnte distanse g\u00e5r 17. september. Dermed har han fortsatt litt tid f\u00f8r han skal i aksjon.<\/p>\n<p>\u2013 Jeg tror treningen som gjenst\u00e5r blir utrolig viktig, at han f\u00e5r noen \u00f8kter i konkurranse-spesifikk fart.<\/p>\n<p><b>Les ogs\u00e5: <a href=\"https:\/\/www.nettavisen.no\/sport\/jos-mourinho-har-fatt-sparken-i-fenerbache\/s\/5-95-2591096\" rel=\"Follow nofollow noopener\" target=\"_blank\">Jos\u00e9 Mourinho har f\u00e5tt sparken i Fenerbache<\/a><\/b><\/p>\n<p>\u2013 Har v\u00e6rt bekm\u00f8rkt<\/p>\n<p>VM-nyheten om Ingebrigtsen kom fra presser\u00e5dgiver Espen Skoland fredag morgen. I pressemeldingen var Ingebrigtsen tydelig p\u00e5 at det har v\u00e6rt et langt skadeavbrekk, men at han ikke drar til Tokyo bare for \u00e5 delta.<\/p>\n<p>\u2013 Jeg har tatt turen ned i skadekjelleren flere ganger denne v\u00e5ren. Der har det v\u00e6rt bekm\u00f8rkt, beskriver Ingebrigtsen og fortsetter:<\/p>\n<p>\u2013 Jeg har heldigvis f\u00e5tt veldig god hjelp fra Henrik, Filip og veldig mange gode fysioterapeuter, lagkamerater og folk i st\u00f8tteapparatet til landslaget. Den hjelpen er jeg veldig takknemlig for, og jeg er ikke sikker p\u00e5 om jeg hadde rukket dette mesterskapet uten dem.<\/p>\n<p>Jakob Ingebrigtsen ble innmeldt som norsk deltaker i VM av Norges Friidrettsforbund innen fristen 28. august, og tirsdag 1. september blir den norske troppen til mesterskapsdagene offentliggjort.<\/p>\n<p>Jakob Ingebrigtsen skal ikke v\u00e6re en del av Norges precamp i Fukuoka.<\/p>\n<p>I vinter tok Jakob Ingebrigtsen gull b\u00e5de p\u00e5 1500- og 3000 meter i innend\u00f8rs-VM i kinesiske Nanjing.<\/p>\n<p>Jakob Ingebrigtsen har vunnet de to siste VM-gullene p\u00e5 5000 meter, men \u00e5 bli verdensmester p\u00e5 1500 meter gjenst\u00e5r etter to strake s\u00f8lvmedaljer i Eugene, Oregon i USA i 2022 og i Budapest i Ungarn i 2023.<\/p>\n","protected":false},"excerpt":{"rendered":"(Nettavisen) Fredag morgen kom nyheten om at Jakob Ingebrigtsen stiller til start under VM i Tokyo. Det etter&hellip;\n","protected":false},"author":2,"featured_media":23319,"comment_status":"","ping_status":"","sticky":false,"template":"","format":"standard","meta":{"footnotes":""},"categories":[59],"tags":[36,423,422,3816,30,28,29,83,82,1510],"class_list":{"0":"post-23438","1":"post","2":"type-post","3":"status-publish","4":"format-standard","5":"has-post-thumbnail","7":"category-sport","8":"tag-art","9":"tag-friidrett","10":"tag-jakob-ingebrigtsen","11":"tag-jann-post","12":"tag-no","13":"tag-norge","14":"tag-norway","15":"tag-sport","16":"tag-sports","17":"tag-story"},"share_on_mastodon":{"url":"","error":""},"_links":{"self":[{"href":"https:\/\/www.europesays.com\/no\/wp-json\/wp\/v2\/posts\/23438","targetHints":{"allow":["GET"]}}],"collection":[{"href":"https:\/\/www.europesays.com\/no\/wp-json\/wp\/v2\/posts"}],"about":[{"href":"https:\/\/www.europesays.com\/no\/wp-json\/wp\/v2\/types\/post"}],"author":[{"embeddable":true,"href":"https:\/\/www.europesays.com\/no\/wp-json\/wp\/v2\/users\/2"}],"replies":[{"embeddable":true,"href":"https:\/\/www.europesays.com\/no\/wp-json\/wp\/v2\/comments?post=23438"}],"version-history":[{"count":0,"href":"https:\/\/www.europesays.com\/no\/wp-json\/wp\/v2\/posts\/23438\/revisions"}],"wp:featuredmedia":[{"embeddable":true,"href":"https:\/\/www.europesays.com\/no\/wp-json\/wp\/v2\/media\/23319"}],"wp:attachment":[{"href":"https:\/\/www.europesays.com\/no\/wp-json\/wp\/v2\/media?parent=23438"}],"wp:term":[{"taxonomy":"category","embeddable":true,"href":"https:\/\/www.europesays.com\/no\/wp-json\/wp\/v2\/categories?post=23438"},{"taxonomy":"post_tag","embeddable":true,"href":"https:\/\/www.europesays.com\/no\/wp-json\/wp\/v2\/tags?post=23438"}],"curies":[{"name":"wp","href":"https:\/\/api.w.org\/{rel}","templated":true}]}}