{"id":234687,"date":"2026-05-11T05:15:14","date_gmt":"2026-05-11T05:15:14","guid":{"rendered":"https:\/\/www.europesays.com\/no\/234687\/"},"modified":"2026-05-11T05:15:14","modified_gmt":"2026-05-11T05:15:14","slug":"tenaring-slatt-og-sparket-under-ran-i-fredrikstad","status":"publish","type":"post","link":"https:\/\/www.europesays.com\/no\/234687\/","title":{"rendered":"Ten\u00e5ring sl\u00e5tt og sparket under ran i Fredrikstad"},"content":{"rendered":"\n<p class=\"_lead_145nj_2 _lead_6fko5_53 layout-component text-serif-m layout-normal text-serif-l layout-component layout-wide layout-padded _wide_17hqh_1 layout-padded\">En gutt i ten\u00e5rene er tatt med til legevakt etter at han skal ha blitt sl\u00e5tt og sparket under et ran i Fredrikstad. Ranerne tok en telefon og \u00f8repropper.<\/p>\n<ul aria-hidden=\"true\" class=\"_images_ntbth_112\">\n<li><a class=\"_link_ntbth_117\" href=\"https:\/\/www.vg.no\/forfatter\/ntb\" style=\"z-index:1\" title=\"NTB\" rel=\"nofollow noopener\" target=\"_blank\"><img alt=\"Bilde av NTB\" class=\"_image_ntbth_93\" fetchpriority=\"low\" loading=\"lazy\" decoding=\"async\" itemprop=\"image\"  src=\"https:\/\/www.europesays.com\/no\/wp-content\/uploads\/2026\/05\/1778476514_9_c33980b0-5d07-4027-84a1-813f90a7c8d6.jpeg\"  width=\"480\"\/><\/a><\/li>\n<\/ul>\n<p> Oppdatert mandag 11. mai kl. 04:33     <\/p>\n<p class=\"_paragraph_145nj_4 _paragraph_6fko5_10 layout-component text-serif-m layout-normal text-serif-m layout-padded\">\u00d8st politidistrikt fikk melding om saken klokka 1.20 natt til mandag.<\/p>\n<p class=\"_paragraph_145nj_4 _paragraph_6fko5_10 layout-component text-serif-m layout-normal text-serif-m layout-padded\">\u2013 Patruljen oppretter sak og kj\u00f8rer forn\u00e6rmede til legevakt for sjekk. Ikke alvorlig skadet. Skal ha blitt utslag for slag og spark fra flere gjerningspersoner, opplyser operasjonsleder Gisle Lindheim Sveen.<\/p>\n<p class=\"_paragraph_145nj_4 _paragraph_6fko5_10 layout-component text-serif-m layout-normal text-serif-m layout-padded\">Til pressen opplyser politiet at gjerningspersonene, trolig fire stykker, har kommet med bil. <\/p>\n","protected":false},"excerpt":{"rendered":"En gutt i ten\u00e5rene er tatt med til legevakt etter at han skal ha blitt sl\u00e5tt og sparket&hellip;\n","protected":false},"author":2,"featured_media":234688,"comment_status":"","ping_status":"","sticky":false,"template":"","format":"standard","meta":{"footnotes":"","_share_on_mastodon":"0"},"categories":[10],"tags":[20,21,24,25,757,15,22,23,13,30,28,29,14,16,415,3878,26,27],"class_list":["post-234687","post","type-post","status-publish","format-standard","has-post-thumbnail","category-norge","tag-breaking-news","tag-breakingnews","tag-featured-news","tag-featurednews","tag-fredrikstad","tag-headlines","tag-latest-news","tag-latestnews","tag-news","tag-no","tag-norge","tag-norway","tag-nyheter","tag-overskrifter","tag-ost-politidistrikt","tag-ran","tag-top-stories","tag-topstories"],"share_on_mastodon":{"url":"https:\/\/pubeurope.com\/@no\/116554244207077321","error":""},"_links":{"self":[{"href":"https:\/\/www.europesays.com\/no\/wp-json\/wp\/v2\/posts\/234687","targetHints":{"allow":["GET"]}}],"collection":[{"href":"https:\/\/www.europesays.com\/no\/wp-json\/wp\/v2\/posts"}],"about":[{"href":"https:\/\/www.europesays.com\/no\/wp-json\/wp\/v2\/types\/post"}],"author":[{"embeddable":true,"href":"https:\/\/www.europesays.com\/no\/wp-json\/wp\/v2\/users\/2"}],"replies":[{"embeddable":true,"href":"https:\/\/www.europesays.com\/no\/wp-json\/wp\/v2\/comments?post=234687"}],"version-history":[{"count":0,"href":"https:\/\/www.europesays.com\/no\/wp-json\/wp\/v2\/posts\/234687\/revisions"}],"wp:featuredmedia":[{"embeddable":true,"href":"https:\/\/www.europesays.com\/no\/wp-json\/wp\/v2\/media\/234688"}],"wp:attachment":[{"href":"https:\/\/www.europesays.com\/no\/wp-json\/wp\/v2\/media?parent=234687"}],"wp:term":[{"taxonomy":"category","embeddable":true,"href":"https:\/\/www.europesays.com\/no\/wp-json\/wp\/v2\/categories?post=234687"},{"taxonomy":"post_tag","embeddable":true,"href":"https:\/\/www.europesays.com\/no\/wp-json\/wp\/v2\/tags?post=234687"}],"curies":[{"name":"wp","href":"https:\/\/api.w.org\/{rel}","templated":true}]}}