{"id":23483,"date":"2025-09-01T00:43:09","date_gmt":"2025-09-01T00:43:09","guid":{"rendered":"https:\/\/www.europesays.com\/no\/23483\/"},"modified":"2025-09-01T00:43:09","modified_gmt":"2025-09-01T00:43:09","slug":"sportssjefen-gar-travelt-dogn-i-mote-ting-kommer-til-a-leve-itromso-no","status":"publish","type":"post","link":"https:\/\/www.europesays.com\/no\/23483\/","title":{"rendered":"(+) Sportssjefen g\u00e5r travelt d\u00f8gn i m\u00f8te: \u2013 Ting kommer til \u00e5 leve &#8211; itromso.no"},"content":{"rendered":"<ol>\n<li><a href=\"https:\/\/news.google.com\/rss\/articles\/CBMiqAFBVV95cUxQZlVyS0dxSmxuUldzOTBBTFIwVkpTeFBfMHl1RHhOS3N5NVY3VXY1Rk9xM2x5dVZwcHMwY1h2aUFzRXNMNFhCM25zbWV4VlNLWERiWl9ISzR0UzI2RHNvMjJzZ2gtN0hMZHFNUjZKeXhieGEwdUstSndLS3h2LUxpX0l3OFc4NGk0XzBCMzlCdmNWcTBDdElCRmNHY0xuWlNqMWZBV2lGVkY?oc=5\" target=\"_blank\" rel=\"nofollow noopener\">(+) Sportssjefen g\u00e5r travelt d\u00f8gn i m\u00f8te: \u2013 Ting kommer til \u00e5 leve<\/a>&nbsp;&nbsp;itromso.no<\/li>\n<li><a href=\"https:\/\/news.google.com\/rss\/articles\/CBMinwFBVV95cUxNMmJ6S1VvNko3QWJQT2ZXV0tKaTJvOWFRbHJXYm5aeUVzckpuejZuRzJOSE5oZGdlY2tLMkVOYUYxOFM4V2ZfVm5sUHR2dnk3dmlJa3NMVGdCNThOT1FKNjRKM29RdnplNS1jS0d6MnNuV1I0bW1VdFk0amJxN2djbjdFNmpTQjlEbXdvT1UtTnJLYlB1OUI4ZTZtOGc2VHc?oc=5\" target=\"_blank\" rel=\"nofollow noopener\">(+) Start har aksep\u00adtert bud p\u00e5 n\u00f8kkel\u00adspil\u00adler<\/a>&nbsp;&nbsp;fvn.no<\/li>\n<li><a href=\"https:\/\/news.google.com\/rss\/articles\/CBMiiwFBVV95cUxOR1dnNGFmYWtUZVJSVlNRbThvalNTalNMeFRFUlowdkdBSGFIbnlveFNLVHI4Ynh5LVd5Rk1nUzV4dFZ0dUZmamZHTFZPQXZNVEVCR3NwR2g1LW9QS0FYUzcycHVXZl9JQ29BN2dFMnc2U2dMZ0pkMTNXcFZ6SExCcktZUjlFUXYxNHhR?oc=5\" target=\"_blank\" rel=\"nofollow noopener\">Bud p\u00e5 flere millioner for Start-midstopper<\/a>&nbsp;&nbsp;NRK<\/li>\n<li><a href=\"https:\/\/news.google.com\/rss\/articles\/CBMie0FVX3lxTFBJS0g1MWZ4Y3dnWWhpU0Y1N1Q0Mk93bU5OTGJ6dExiWHZUMnV1YkYwWjJFRHpPY2tqN2tJa2xlSlpIWFl2WEkwZmtsaGFhTnRQRXhKNjVKR0VQSXpIRUZuOVBYNkJDZGV5b2txclVsRUJfQ2tYZEJRT3NZTQ?oc=5\" target=\"_blank\" rel=\"nofollow noopener\">Sport, Fotball | P\u00e5 vei til TIL: \u2013 Sv\u00e6rt n\u00e6rt enighet<\/a>&nbsp;&nbsp;Nordlys<\/li>\n<li><a href=\"https:\/\/news.google.com\/rss\/articles\/CBMiugFBVV95cUxOVEJ1REZ4SW9adkM0US1NQmNneTNyN09ia0ROVkxMV0dMb2R5ajdfWjFuYzBwenJ5MVB2WkIyNlY0S3M1dm9oRV8wclFVc2ZOR3JydXF5V1Fuc3BDWDR4WDBSbkUxQkVqQTlXd3picUJIbDhCck45WTBfeHN3T0prWE1lWmFXblJ0eHZGS2R1RWNsNFlvTWlxYjJFMlVYQVBESkp0ZmFOTHFhcE1GY2xkeklOUFJvVUxCenc?oc=5\" target=\"_blank\" rel=\"nofollow noopener\">Fotball, Sivert Sira Hansen | Eliteserieklubb har lagt inn bud p\u00e5 ca. \u00e5tte millioner for flekkefj\u00e6ringen<\/a>&nbsp;&nbsp;Avisen Agder<\/li>\n<\/ol>\n","protected":false},"excerpt":{"rendered":"(+) Sportssjefen g\u00e5r travelt d\u00f8gn i m\u00f8te: \u2013 Ting kommer til \u00e5 leve&nbsp;&nbsp;itromso.no (+) Start har aksep\u00adtert bud&hellip;\n","protected":false},"author":2,"featured_media":23484,"comment_status":"","ping_status":"","sticky":false,"template":"","format":"standard","meta":{"footnotes":""},"categories":[59],"tags":[30,28,29,83,82,471],"class_list":{"0":"post-23483","1":"post","2":"type-post","3":"status-publish","4":"format-standard","5":"has-post-thumbnail","7":"category-sport","8":"tag-no","9":"tag-norge","10":"tag-norway","11":"tag-sport","12":"tag-sports","13":"tag-til"},"share_on_mastodon":{"url":"","error":""},"_links":{"self":[{"href":"https:\/\/www.europesays.com\/no\/wp-json\/wp\/v2\/posts\/23483","targetHints":{"allow":["GET"]}}],"collection":[{"href":"https:\/\/www.europesays.com\/no\/wp-json\/wp\/v2\/posts"}],"about":[{"href":"https:\/\/www.europesays.com\/no\/wp-json\/wp\/v2\/types\/post"}],"author":[{"embeddable":true,"href":"https:\/\/www.europesays.com\/no\/wp-json\/wp\/v2\/users\/2"}],"replies":[{"embeddable":true,"href":"https:\/\/www.europesays.com\/no\/wp-json\/wp\/v2\/comments?post=23483"}],"version-history":[{"count":0,"href":"https:\/\/www.europesays.com\/no\/wp-json\/wp\/v2\/posts\/23483\/revisions"}],"wp:featuredmedia":[{"embeddable":true,"href":"https:\/\/www.europesays.com\/no\/wp-json\/wp\/v2\/media\/23484"}],"wp:attachment":[{"href":"https:\/\/www.europesays.com\/no\/wp-json\/wp\/v2\/media?parent=23483"}],"wp:term":[{"taxonomy":"category","embeddable":true,"href":"https:\/\/www.europesays.com\/no\/wp-json\/wp\/v2\/categories?post=23483"},{"taxonomy":"post_tag","embeddable":true,"href":"https:\/\/www.europesays.com\/no\/wp-json\/wp\/v2\/tags?post=23483"}],"curies":[{"name":"wp","href":"https:\/\/api.w.org\/{rel}","templated":true}]}}