{"id":235088,"date":"2026-05-11T14:18:16","date_gmt":"2026-05-11T14:18:16","guid":{"rendered":"https:\/\/www.europesays.com\/no\/235088\/"},"modified":"2026-05-11T14:18:16","modified_gmt":"2026-05-11T14:18:16","slug":"stromsgodset-fotball-tortur-tre-poeng-og-keepertrobbel-ma-tale-noen-darlige-dager-drammens-tidende","status":"publish","type":"post","link":"https:\/\/www.europesays.com\/no\/235088\/","title":{"rendered":"Str\u00f8msgodset, Fotball | Tortur, tre poeng \u2013 og keepertr\u00f8bbel? \u2013 M\u00e5 t\u00e5le noen d\u00e5rlige dager &#8211; Drammens Tidende"},"content":{"rendered":"<ol>\n<li><a href=\"https:\/\/news.google.com\/rss\/articles\/CBMimAFBVV95cUxNUGozTnd3OF9kYkhOSzRWQ2VjVTd1ajQ5Q0ctRzBBalpzV3k1LUVIWktTMk9JUWE3LXpsSmJpWlljc3Q0S1VJTFJxSjdhNG9ScF9CRm4zYkZ2SkY2aGpwUFRuY0duYlI0aExzd2Q5RU0zakNJdnRHWjQ1VU9QRUVMWExrYXB1cVEwNmtoNnlGY3ZadTlNeVhOZw?oc=5\" target=\"_blank\" rel=\"nofollow noopener\">Str\u00f8msgodset, Fotball | Tortur, tre poeng \u2013 og keepertr\u00f8bbel? \u2013 M\u00e5 t\u00e5le noen d\u00e5rlige dager<\/a>&nbsp;&nbsp;Drammens Tidende<\/li>\n<li><a href=\"https:\/\/news.google.com\/rss\/articles\/CBMihwFBVV95cUxQVTdWdjFKUDFVejBvMjVQX0ZPMHMyMUR6dmtXYnplTjZMbzM2SHppQUJycko4aFJDckRnelVzYzdNaXNtbVlUTzdIMHM4UjBkdjl5bU1SMGhsX1YzS0J2UXZHamVzSTA5dldVT3pCdFMwWkQtYU11cEV1aDc1SnRUVF9HRXV3YU0?oc=5\" target=\"_blank\" rel=\"nofollow noopener\">Str\u00f8msgodset med borteseier over \u00c5sane<\/a>&nbsp;&nbsp;Bergens Tidende<\/li>\n<li><a href=\"https:\/\/news.google.com\/rss\/articles\/CBMimAFBVV95cUxQRVdvNEhEZHk2U3BRTWNNWTMxU25BU3llcVpjS201Umh6ZXVGc1VNUkJzVG9MbnFlSHI2QW12Y3ZCcmZBbDFxSS1MYnFrYTRITUhSM0c3R05MZXhQY0l6WGgwQzN5MXAyUnVKODlBOC1aMnhKSmhVU3hZbER2TzdQbG5odE5wQzJPN3VmOE1KaGlZZnA2SFNocA?oc=5\" target=\"_blank\" rel=\"nofollow noopener\">Godset slet mot \u00c5sane &#8211; s\u00e5 kom tre m\u00e5l p\u00e5 syv minutter<\/a>&nbsp;&nbsp;DRM24.no<\/li>\n<li><a href=\"https:\/\/news.google.com\/rss\/articles\/CBMiWEFVX3lxTE80SlFORWNGR2xWMlJyQkJEQkx6V2Q0d1BkcTVHMkpHZlVIVGtrQUpKVmhWSWFsbWtrR05fRHpMcHk5bFRqODB2TWNENTU2UktmY3NNY3FyZUg?oc=5\" target=\"_blank\" rel=\"nofollow noopener\">\u00c5sane p\u00e5 s\u00f8ndag<\/a>&nbsp;&nbsp;Str\u00f8msgodset<\/li>\n<li><a href=\"https:\/\/news.google.com\/rss\/articles\/CBMiZkFVX3lxTFBtaXdVX3IxdHp2MlRiZ0Y3bzFSd19yMmg0U0tUSkpkX0FtS2VPN25FbG4wQ19NUDV6VldmVS00cXZQNHVfYnRPWnNCUGQ4YnpEMG9zendHYWRVZ3I5NktzclFIZ1JIZw?oc=5\" target=\"_blank\" rel=\"nofollow noopener\">\u00c5sane-krisen fortsetter<\/a>&nbsp;&nbsp;Bergensavisen<\/li>\n<\/ol>\n","protected":false},"excerpt":{"rendered":"Str\u00f8msgodset, Fotball | Tortur, tre poeng \u2013 og keepertr\u00f8bbel? \u2013 M\u00e5 t\u00e5le noen d\u00e5rlige dager&nbsp;&nbsp;Drammens Tidende Str\u00f8msgodset med&hellip;\n","protected":false},"author":2,"featured_media":235089,"comment_status":"","ping_status":"","sticky":false,"template":"","format":"standard","meta":{"footnotes":"","_share_on_mastodon":"0"},"categories":[59],"tags":[36,92,30,28,29,1270,83,82,1510,3325],"class_list":["post-235088","post","type-post","status-publish","format-standard","has-post-thumbnail","category-sport","tag-art","tag-fotball","tag-no","tag-norge","tag-norway","tag-podkast","tag-sport","tag-sports","tag-story","tag-stromsgodset"],"share_on_mastodon":{"url":"https:\/\/pubeurope.com\/@no\/116556379403911231","error":""},"_links":{"self":[{"href":"https:\/\/www.europesays.com\/no\/wp-json\/wp\/v2\/posts\/235088","targetHints":{"allow":["GET"]}}],"collection":[{"href":"https:\/\/www.europesays.com\/no\/wp-json\/wp\/v2\/posts"}],"about":[{"href":"https:\/\/www.europesays.com\/no\/wp-json\/wp\/v2\/types\/post"}],"author":[{"embeddable":true,"href":"https:\/\/www.europesays.com\/no\/wp-json\/wp\/v2\/users\/2"}],"replies":[{"embeddable":true,"href":"https:\/\/www.europesays.com\/no\/wp-json\/wp\/v2\/comments?post=235088"}],"version-history":[{"count":0,"href":"https:\/\/www.europesays.com\/no\/wp-json\/wp\/v2\/posts\/235088\/revisions"}],"wp:featuredmedia":[{"embeddable":true,"href":"https:\/\/www.europesays.com\/no\/wp-json\/wp\/v2\/media\/235089"}],"wp:attachment":[{"href":"https:\/\/www.europesays.com\/no\/wp-json\/wp\/v2\/media?parent=235088"}],"wp:term":[{"taxonomy":"category","embeddable":true,"href":"https:\/\/www.europesays.com\/no\/wp-json\/wp\/v2\/categories?post=235088"},{"taxonomy":"post_tag","embeddable":true,"href":"https:\/\/www.europesays.com\/no\/wp-json\/wp\/v2\/tags?post=235088"}],"curies":[{"name":"wp","href":"https:\/\/api.w.org\/{rel}","templated":true}]}}