{"id":235314,"date":"2026-05-11T18:16:14","date_gmt":"2026-05-11T18:16:14","guid":{"rendered":"https:\/\/www.europesays.com\/no\/235314\/"},"modified":"2026-05-11T18:16:14","modified_gmt":"2026-05-11T18:16:14","slug":"fotball-hamkam-hamkam-spilleren-vm-aktuell-hadde-jo-toppet-alt","status":"publish","type":"post","link":"https:\/\/www.europesays.com\/no\/235314\/","title":{"rendered":"Fotball, HamKam | HamKam-spilleren VM-aktuell: \u2013 Hadde jo toppet alt"},"content":{"rendered":"\n<p>Det er usikkerhet rundt om keeper Nikita Haikin kan tas ut i en norsk VM-tropp, fordi han mangler Fifa-godkjenning.<\/p>\n<p>Men HamKams Marcus Sandberg har alle papirer p\u00e5 plass.<\/p>\n<p>35-\u00e5ringen har bodd i Norge siden han byttet ut G\u00f6teborg med Oslo i 2016. <\/p>\n<p>Siden har det blitt bryllup og familie, der \u00e9n av to barn er f\u00f8dt i Norge og stort sett har levd hele livet der.<\/p>\n<p>De tre siste \u00e5rene har flokken tilbrakt p\u00e5 Hamar.<\/p>\n<p>I februar s\u00f8kte han om, og fikk godkjent, delt statsborgerskap.<\/p>\n<p><b>Derfor kan han seile opp som en real VM-joker.<\/b><\/p>\n<p>F\u00f8lges av Grod\u00e5s<\/p>\n<p><a href=\"https:\/\/www.vg.no\/sport\/i\/Pd5nP7\/marcus-sandberg-kan-bli-vm-joker-for-norge\" rel=\"Follow nofollow noopener\" target=\"_blank\">VG<\/a> skriver mandag kveld at de er kjent med at landslagets keepertrener Frode Grod\u00e5s har sett Sandberg for HamKam i flere av de siste kampene.<\/p>\n<p>Grod\u00e5s skriver f\u00f8lgende om Sandbergs VM-sjanser i en sms til VG:<\/p>\n<p>\u2013 Etter at han ble norsk s\u00e5 er det min plikt \u00e5 se n\u00e6rmere p\u00e5 en keeper som har spilt godt og v\u00e6rt viktig for laget sitt. Noe annet har jeg dessverre ikke \u00e5 fortelle deg.<\/p>\n<p>\u2013 En av de beste<\/p>\n<p>Marcus Sandberg selv sier at det ville v\u00e6rt en guttedr\u00f8m i oppfyllelse \u00e5 f\u00e5 spille VM, men at han ikke har snakket med Grod\u00e5s.<\/p>\n<p>\u2013 Det er vel en del som skal klaffe for at det skal bli s\u00e5nn. Samtidig er det ikke en overflod av norske m\u00e5lvakter sammenlignet med hva man har av utespillere. Men det f\u00e5r v\u00e6re opp til andre om jeg er god nok, sier Sandberg.<\/p>\n<p>HamKams sportssjef J\u00f8rgen Bj\u00f8rn sier dette:<\/p>\n<p>\u2013 Han er en av v\u00e5re aller viktigste spillere b\u00e5de p\u00e5 og utenfor banen. Selv synes jeg han har v\u00e6rt en av de beste eliteseriekeeperne gjennom flere \u00e5r. Han er ekstremt viktig for oss og det hadde jo toppet alt om han ble med til VM, sier J\u00f8rgen Bj\u00f8rn.<\/p>\n<p>Saken oppdateres.<\/p>\n","protected":false},"excerpt":{"rendered":"Det er usikkerhet rundt om keeper Nikita Haikin kan tas ut i en norsk VM-tropp, fordi han mangler&hellip;\n","protected":false},"author":2,"featured_media":235315,"comment_status":"","ping_status":"","sticky":false,"template":"","format":"standard","meta":{"footnotes":"","_share_on_mastodon":"0"},"categories":[59],"tags":[36,92,870,30,28,29,83,82,1510],"class_list":["post-235314","post","type-post","status-publish","format-standard","has-post-thumbnail","category-sport","tag-art","tag-fotball","tag-hamkam","tag-no","tag-norge","tag-norway","tag-sport","tag-sports","tag-story"],"share_on_mastodon":{"url":"https:\/\/pubeurope.com\/@no\/116557315184064798","error":""},"_links":{"self":[{"href":"https:\/\/www.europesays.com\/no\/wp-json\/wp\/v2\/posts\/235314","targetHints":{"allow":["GET"]}}],"collection":[{"href":"https:\/\/www.europesays.com\/no\/wp-json\/wp\/v2\/posts"}],"about":[{"href":"https:\/\/www.europesays.com\/no\/wp-json\/wp\/v2\/types\/post"}],"author":[{"embeddable":true,"href":"https:\/\/www.europesays.com\/no\/wp-json\/wp\/v2\/users\/2"}],"replies":[{"embeddable":true,"href":"https:\/\/www.europesays.com\/no\/wp-json\/wp\/v2\/comments?post=235314"}],"version-history":[{"count":0,"href":"https:\/\/www.europesays.com\/no\/wp-json\/wp\/v2\/posts\/235314\/revisions"}],"wp:featuredmedia":[{"embeddable":true,"href":"https:\/\/www.europesays.com\/no\/wp-json\/wp\/v2\/media\/235315"}],"wp:attachment":[{"href":"https:\/\/www.europesays.com\/no\/wp-json\/wp\/v2\/media?parent=235314"}],"wp:term":[{"taxonomy":"category","embeddable":true,"href":"https:\/\/www.europesays.com\/no\/wp-json\/wp\/v2\/categories?post=235314"},{"taxonomy":"post_tag","embeddable":true,"href":"https:\/\/www.europesays.com\/no\/wp-json\/wp\/v2\/tags?post=235314"}],"curies":[{"name":"wp","href":"https:\/\/api.w.org\/{rel}","templated":true}]}}