{"id":23572,"date":"2025-09-01T06:31:13","date_gmt":"2025-09-01T06:31:13","guid":{"rendered":"https:\/\/www.europesays.com\/no\/23572\/"},"modified":"2025-09-01T06:31:13","modified_gmt":"2025-09-01T06:31:13","slug":"hver-dag-flytter-et-barn-fra-norge-mens-familien-undersokes-av-barnevernet","status":"publish","type":"post","link":"https:\/\/www.europesays.com\/no\/23572\/","title":{"rendered":"Hver dag flytter et barn fra Norge mens familien unders\u00f8kes av barnevernet"},"content":{"rendered":"\n<p class=\"_paragraph_1bvmi_4 _paragraph_xtcu6_10 layout-component text-serif-m layout-normal text-serif-m layout-padded\">N\u00e5 kan VG avsl\u00f8re omfanget:<\/p>\n<p class=\"_paragraph_1bvmi_4 _paragraph_xtcu6_10 layout-component text-serif-m layout-normal text-serif-m layout-padded\"><strong class=\"_strong_1bvmi_25\">De tre siste \u00e5rene flyttet mer enn 828 barn fra Norge mens familien deres ble unders\u00f8kt av <a href=\"https:\/\/www.vg.no\/tag\/barnevernet?utm_source=vg-article&amp;utm_medium=auto-tagger&amp;utm_campaign=bmA68A\" class=\"_link_1bvmi_39\" rel=\"nofollow noopener\" target=\"_blank\">barnevernet<\/a>.<\/strong><\/p>\n<p class=\"_paragraph_1bvmi_4 _paragraph_xtcu6_10 layout-component text-serif-m layout-normal text-serif-m layout-padded\">Svaret er basert p\u00e5 tall VG har hentet inn fra 161 barnevernstjenester over hele landet. <\/p>\n<ul class=\"_list_1bvmi_3 _list_xtcu6_9 _unordered_1bvmi_99 layout-component text-serif-m layout-normal text-serif-m layout-padded\">\n<li class=\"_item_1bvmi_30\">De tre siste \u00e5rene har norsk barnevern unders\u00f8kt 120.000 saker. <\/li>\n<li class=\"_item_1bvmi_30\">Av disse er 3830 saker henlagt fordi familien flyttet vekk fra kommunen.<\/li>\n<li class=\"_item_1bvmi_30\">VGs unders\u00f8kelse viser at 29 prosent av slike saker blir avsluttet fordi familien flytter til et annet land. <\/li>\n<li class=\"_item_1bvmi_30\">Dette utgj\u00f8r rundt 370 saker hvert \u00e5r.<\/li>\n<\/ul>\n<p class=\"_paragraph_1bvmi_4 _paragraph_xtcu6_10 layout-component text-serif-m layout-normal text-serif-m layout-padded\"><strong class=\"_strong_1bvmi_25\">Det betyr at det i snitt flytter ett barn fra landet hver eneste dag.<\/strong><\/p>\n<p class=\"_paragraph_1bvmi_4 _paragraph_xtcu6_10 layout-component text-serif-m layout-normal text-serif-m layout-padded\">L\u00f8rdag fortalte VG om hvordan <a href=\"https:\/\/www.vg.no\/spesial\/2025\/robins-historie\/\" class=\"_link_1bvmi_39\" rel=\"nofollow noopener\" target=\"_blank\">moren til Robin tok med seg barna til Polen<\/a> da hun mistet omsorgen for dem. Det tok fem og et halvt \u00e5r f\u00f8r barna kom hjem til Norge i 2023. <\/p>\n<p class=\"_paragraph_1bvmi_4 _paragraph_xtcu6_10 layout-component text-serif-m layout-normal text-serif-m layout-padded\">I februar fortalte VG om <a href=\"https:\/\/www.vg.no\/nyheter\/i\/B0eJOE\/katrine-34-drepte-sin-ektemann-det-var-mitt-eller-hans-liv\" data-track-element-type=\"Link\" data-track-id=\"link:B0eJOE\" class=\"_link_1bvmi_39\" rel=\"nofollow noopener\" target=\"_blank\">Katrine som flyttet frem og tilbake mellom Norge og Spania<\/a> med familien for \u00e5 stanse barnevernets unders\u00f8kelser. Katrine ble i 2024 siktet for \u00e5 ha drept ektemannen sin.<\/p>\n<p class=\"_paragraph_1bvmi_4 _paragraph_xtcu6_10 layout-component text-serif-m layout-normal text-serif-m layout-padded\"><strong class=\"_strong_1bvmi_25\">Hvor mange barn opplever \u00e5 f\u00e5 livet og hverdagen sin rykket opp fordi foreldrene fors\u00f8ker \u00e5 unnslippe barnevernets unders\u00f8kelser?<\/strong><\/p>\n<p class=\"_paragraph_1bvmi_4 _paragraph_xtcu6_10 layout-component text-serif-m layout-normal text-serif-m layout-padded\">\u2013 Vi har ikke tall p\u00e5 hvor ofte det skjer. Det f\u00f8res ikke noen statistikk over det, s\u00e5 vi kan ikke si noe om hvor stor den utfordringen er, sier divisjonsdirekt\u00f8r Anders Henriksen i BufdirBufdirBarne-, ungdoms- og familiedirektoratet er fagetat med ansvar for \u00e5 f\u00f8lge opp barnevern, familievern og likestilling..<\/p>\n<p class=\"_paragraph_1bvmi_4 _paragraph_xtcu6_10 layout-component text-serif-m layout-normal text-serif-m layout-padded\">\u2013 Det vi kan si er at problemstillingen er kjent for oss.<\/p>\n<p><img decoding=\"async\" alt=\"Bilde av Anders Henriksen\" class=\"_image_ygndg_42\" height=\"60\" itemprop=\"image\" loading=\"lazy\"  src=\"https:\/\/www.europesays.com\/no\/wp-content\/uploads\/2025\/09\/6847de0a-e674-4297-bf27-d08c2f649a0a\"  width=\"40\"\/><strong class=\"_name_ygndg_51 title-serif-xs\">Anders Henriksen<\/strong><\/p>\n<p class=\"_paragraph_1bvmi_4 text-sans-m _description_ygndg_56\">Divisjonsdirekt\u00f8r i Bufdir<\/p>\n<p class=\"_paragraph_1bvmi_4 _paragraph_xtcu6_10 layout-component text-serif-m layout-normal text-serif-m layout-padded\">Henriksen p\u00e5peker at alle familier st\u00e5r fritt til \u00e5 flytte dit de vil. Den retten forsvinner ikke selv om barnevernet har \u00e5pnet en unders\u00f8kelse av barnets behov.<\/p>\n<p class=\"_paragraph_1bvmi_4 _paragraph_xtcu6_10 layout-component text-serif-m layout-normal text-serif-m layout-padded\">Barnevernet kartlegger heller ikke hva som er motivasjonen n\u00e5r en familie forlater Norge. Kanskje har en av foreldrene f\u00e5tt jobb eller studieplass utenlands, kanskje reiser familien tilbake til hjemlandet.<\/p>\n<p class=\"_paragraph_1bvmi_4 _paragraph_xtcu6_10 layout-component text-serif-m layout-normal text-serif-m layout-padded\">\u2013 I noen av sakene er det indikasjoner p\u00e5 at familien flyttet p\u00e5 grunn av kontakten med barnevernstjenesten, men i de fleste sakene vi h\u00e5ndterer s\u00e5 fremst\u00e5r det som familiene har andre og gode grunner til \u00e5 flytte, sier Bente Therese Bekkhus.<\/p>\n<p><img decoding=\"async\" alt=\"Bilde av Bente Therese Bekkhus\" class=\"_image_ygndg_42\" height=\"60\" itemprop=\"image\" loading=\"lazy\"  src=\"https:\/\/www.europesays.com\/no\/wp-content\/uploads\/2025\/09\/acd9025c-0d3e-4d1d-a45e-90cbe6334196\"  width=\"40\"\/><strong class=\"_name_ygndg_51 title-serif-xs\">Bente Therese Bekkhus<\/strong><\/p>\n<p class=\"_paragraph_1bvmi_4 text-sans-m _description_ygndg_56\">Fungerende avdelingsleder i Bufdir.<\/p>\n<p class=\"_paragraph_1bvmi_4 _paragraph_xtcu6_10 layout-component text-serif-m layout-normal text-serif-m layout-padded\">Bufdir har statistikk p\u00e5 hvor mange unders\u00f8kelsessaker som avsluttes p\u00e5 grunn av flytting, men tallene viser ikke om de har flyttet til en ny kommune eller et nytt land.<\/p>\n<p class=\"_paragraph_1bvmi_4 _paragraph_xtcu6_10 layout-component text-serif-m layout-normal text-serif-m layout-padded\">\u2013 Hadde det ikke v\u00e6rt interessant \u00e5 ha nasjonal statistikk p\u00e5 dette?<\/p>\n<p class=\"_paragraph_1bvmi_4 _paragraph_xtcu6_10 layout-component text-serif-m layout-normal text-serif-m layout-padded\">\u2013 Det er veldig mye det kunne v\u00e6rt interessant \u00e5 ha statistikk p\u00e5. Vi f\u00f8lger jo med p\u00e5 hele sektoren, p\u00e5 alle temaer i bredden av barnevernet, s\u00e5 det er hele tiden en vurdering av hva vi skal p\u00e5legge kommunene \u00e5 rapportere p\u00e5, sier Henriksen.<\/p>\n<p class=\"_paragraph_1bvmi_4 _paragraph_xtcu6_10 layout-component text-serif-m layout-normal text-serif-m layout-padded\">\u2013 Forel\u00f8pig har vi ikke vurdert at det er viktig \u00e5 skille mellom hvor man flytter.<\/p>\n<p class=\"_paragraph_1bvmi_4 _paragraph_xtcu6_10 layout-component text-serif-m layout-normal text-serif-m layout-padded\">\u2013 Hvorfor er ikke det viktig?<\/p>\n<p class=\"_paragraph_1bvmi_4 _paragraph_xtcu6_10 layout-component text-serif-m layout-normal text-serif-m layout-padded\">\u2013 Det handler om den totale belastningen p\u00e5 kommunene som skal rapportere. Det er mye man kan argumentere veldig godt for at det kunne v\u00e6rt interessant \u00e5 ha opplysninger om, men vi har forel\u00f8pig ikke vurdert at det er en viktig indikator.<\/p>\n<p class=\"_paragraph_1bvmi_4 _paragraph_xtcu6_10 layout-component text-serif-m layout-normal text-serif-m layout-padded\">VG har v\u00e6rt i kontakt med barnevernstjenester over hele Norge.<\/p>\n<p class=\"_paragraph_1bvmi_4 _paragraph_xtcu6_10 layout-component text-serif-m layout-normal text-serif-m layout-padded\">116 av tjenestene svarer at de har grunn til \u00e5 tro at enkelte familier har flyttet fra kommunen fordi de \u00f8nsket \u00e5 unndra seg barnevernets unders\u00f8kelser. <\/p>\n<p class=\"_paragraph_1bvmi_4 _paragraph_xtcu6_10 layout-component text-serif-m layout-normal text-serif-m layout-padded\">Mange barnevernsledere opplyser at dette ogs\u00e5 gjelder familier som har forlatt Norge:<\/p>\n<blockquote class=\"_quote_1bvmi_6 _quote_xtcu6_53 layout-component text-serif-m layout-normal text-serif-m layout-padded\"><p>\u201cTre som vi antar handler om \u00e5 komme seg bort fra barnevern. \u00c9n til utland. To vet ikke, men sannsynligvis utland.\u201d<\/p><\/blockquote>\n<blockquote class=\"_quote_1bvmi_6 _quote_xtcu6_53 layout-component text-serif-m layout-normal text-serif-m layout-padded\"><p>\u201cDet er ukjent hvilket land de reiste til eller hvor de er n\u00e5.\u201d<\/p><\/blockquote>\n<blockquote class=\"_quote_1bvmi_6 _quote_xtcu6_53 layout-component text-serif-m layout-normal text-serif-m layout-padded\"><p>\u201cGanske mange av de som har flyttet utenlands, har vi grunn til \u00e5 tro har dratt for \u00e5 unng\u00e5 kontakt med barnevernet.\u201d<\/p><\/blockquote>\n<p class=\"_paragraph_1bvmi_4 _paragraph_xtcu6_10 layout-component text-serif-m layout-normal text-serif-m layout-padded\">Anders Henriksen i Bufdir p\u00e5peker at det er usikkerhet knyttet til VGs tall.<\/p>\n<p class=\"_paragraph_1bvmi_4 _paragraph_xtcu6_10 layout-component text-serif-m layout-normal text-serif-m layout-padded\">\u2013 Svarene som VG presenterer, er ansattes oppfatning av hvorfor en familie flytter, og det er ikke gitt noen svar p\u00e5 hvor mange ganger dette har skjedd, skriver han i en e-post.<\/p>\n<p>\u2013 Gjenspeiler virkeligheten<\/p>\n<p class=\"_paragraph_1bvmi_4 _paragraph_xtcu6_10 layout-component text-serif-m layout-normal text-serif-m layout-padded\">I Ullensaker kommune sitter barnevernsleder Kjersti Lindseth. Hun mener VGs tall gjenspeiler den virkeligheten hun kjenner igjen.<\/p>\n<p class=\"_paragraph_1bvmi_4 _paragraph_xtcu6_10 layout-component text-serif-m layout-normal text-serif-m layout-padded\">\u2013 Vi opplever at en del familier reiser ut av landet mens vi unders\u00f8ker sakene. Mange har en ubegrunnet frykt for hva det betyr at barnevernet gj\u00f8r unders\u00f8kelser rundt et barn, sier hun.<\/p>\n<p><img alt=\"Barnevernsleder Kjersti Lindseth i Ullensaker kommune.  Foto: Mona Grivi Norman \/ VG\" class=\"_image_qp4xg_65 layout-component layout-normal\" data-fullscreen- data-track-element-type=\"Article image fullscreen\" data-track-name=\"ImageFullscreen\" decoding=\"async\" loading=\"lazy\" height=\"3456\" itemprop=\"image\"  src=\"https:\/\/www.europesays.com\/no\/wp-content\/uploads\/2025\/09\/59f69518-a03a-4b76-89eb-c19cde237343\"  style=\"object-position:0% 0%\" width=\"4608\"\/>Barnevernsleder Kjersti Lindseth i Ullensaker kommune.  Foto: Mona Grivi Norman \/ VG<\/p>\n<p class=\"_paragraph_1bvmi_4 _paragraph_xtcu6_10 layout-component text-serif-m layout-normal text-serif-m layout-padded\">\u2013 Vi som sitter nede p\u00e5 bakkeniv\u00e5, ser nok disse endringene f\u00f8r de fanges opp i direktoratet og departementet. S\u00e5nn sett er det fint at VG f\u00e5r fram disse tallene n\u00e5.<\/p>\n<p>Varslingsplikt<\/p>\n<p class=\"_paragraph_1bvmi_4 _paragraph_xtcu6_10 layout-component text-serif-m layout-normal text-serif-m layout-padded\">Dersom barnevernstjenesten mener barnet kan v\u00e6re i fare, skal de kontakte utenlandske barnevernsmyndigheter. I all hovedsak skjer dette gjennom avdeling for Internasjonal rettavdeling for Internasjonal rettEn avdeling i Bufdir som h\u00e5ndterer saker som involverer barn som har flyttet til utlandet, og samarbeider med utenlandske myndigheter. hos Bufdir.<\/p>\n<p class=\"_paragraph_1bvmi_4 _paragraph_xtcu6_10 layout-component text-serif-m layout-normal text-serif-m layout-padded\">\u2013 I alvorlige saker s\u00e5 har barnevernstjenestene en plikt til \u00e5 varsle. Det gjelder enten familien flytter til en ny kommune eller et nytt land, sier Anders Henriksen i Bufdir.<\/p>\n<p class=\"_paragraph_1bvmi_4 _paragraph_xtcu6_10 layout-component text-serif-m layout-normal text-serif-m layout-padded\">De tre siste \u00e5rene har Bufdir varslet myndighetene i andre land om 511 norske saker. Hver sak kan inneholde ett eller flere barn.<\/p>\n<p class=\"_paragraph_1bvmi_4 _paragraph_xtcu6_10 layout-component text-serif-m layout-normal text-serif-m layout-padded\">\u2013 Har ikke norske myndigheter et ansvar for norske barn i utlandet?<\/p>\n<p class=\"_paragraph_1bvmi_4 _paragraph_xtcu6_10 layout-component text-serif-m layout-normal text-serif-m layout-padded\">\u2013 Flytter familien til et annet land, er det d\u00e9t landet som har ansvaret. Det viktigste for oss er \u00e5 sikre at informasjonen kommer frem til de som skal ha den, sier Henriksen.<\/p>\n<p class=\"_paragraph_1bvmi_4 _paragraph_xtcu6_10 layout-component text-serif-m layout-normal text-serif-m layout-padded\">Landene det er blitt sendt flest varsler til i denne perioden, er Sverige, Polen og Ukraina. Dette er land som har skrevet under Haag-konvensjonen 96Haag-konvensjonen 96En internasjonal avtale som regulerer samarbeid mellom land for \u00e5 beskytte barn og sikre deres rettigheter. \u2013 et internasjonalt samarbeid om beskyttelse av barn.<\/p>\n<p class=\"_paragraph_1bvmi_4 _paragraph_xtcu6_10 layout-component text-serif-m layout-normal text-serif-m layout-padded\">\u2013 Vi har tillit til at myndigheter i andre land gj\u00f8r den oppf\u00f8lgingen p\u00e5 en god m\u00e5te.<\/p>\n","protected":false},"excerpt":{"rendered":"N\u00e5 kan VG avsl\u00f8re omfanget: De tre siste \u00e5rene flyttet mer enn 828 barn fra Norge mens familien&hellip;\n","protected":false},"author":2,"featured_media":23573,"comment_status":"","ping_status":"","sticky":false,"template":"","format":"standard","meta":{"footnotes":""},"categories":[10],"tags":[1301,3540,3730,20,21,24,25,15,22,23,13,30,28,29,14,16,26,27],"class_list":{"0":"post-23572","1":"post","2":"type-post","3":"status-publish","4":"format-standard","5":"has-post-thumbnail","7":"category-norge","8":"tag-barn","9":"tag-barnevern","10":"tag-barnevernet","11":"tag-breaking-news","12":"tag-breakingnews","13":"tag-featured-news","14":"tag-featurednews","15":"tag-headlines","16":"tag-latest-news","17":"tag-latestnews","18":"tag-news","19":"tag-no","20":"tag-norge","21":"tag-norway","22":"tag-nyheter","23":"tag-overskrifter","24":"tag-top-stories","25":"tag-topstories"},"share_on_mastodon":{"url":"","error":""},"_links":{"self":[{"href":"https:\/\/www.europesays.com\/no\/wp-json\/wp\/v2\/posts\/23572","targetHints":{"allow":["GET"]}}],"collection":[{"href":"https:\/\/www.europesays.com\/no\/wp-json\/wp\/v2\/posts"}],"about":[{"href":"https:\/\/www.europesays.com\/no\/wp-json\/wp\/v2\/types\/post"}],"author":[{"embeddable":true,"href":"https:\/\/www.europesays.com\/no\/wp-json\/wp\/v2\/users\/2"}],"replies":[{"embeddable":true,"href":"https:\/\/www.europesays.com\/no\/wp-json\/wp\/v2\/comments?post=23572"}],"version-history":[{"count":0,"href":"https:\/\/www.europesays.com\/no\/wp-json\/wp\/v2\/posts\/23572\/revisions"}],"wp:featuredmedia":[{"embeddable":true,"href":"https:\/\/www.europesays.com\/no\/wp-json\/wp\/v2\/media\/23573"}],"wp:attachment":[{"href":"https:\/\/www.europesays.com\/no\/wp-json\/wp\/v2\/media?parent=23572"}],"wp:term":[{"taxonomy":"category","embeddable":true,"href":"https:\/\/www.europesays.com\/no\/wp-json\/wp\/v2\/categories?post=23572"},{"taxonomy":"post_tag","embeddable":true,"href":"https:\/\/www.europesays.com\/no\/wp-json\/wp\/v2\/tags?post=23572"}],"curies":[{"name":"wp","href":"https:\/\/api.w.org\/{rel}","templated":true}]}}