{"id":235887,"date":"2026-05-12T11:22:13","date_gmt":"2026-05-12T11:22:13","guid":{"rendered":"https:\/\/www.europesays.com\/no\/235887\/"},"modified":"2026-05-12T11:22:13","modified_gmt":"2026-05-12T11:22:13","slug":"arsenal-profil-gir-seg-pa-landslaget-hyller-avdode-hareide","status":"publish","type":"post","link":"https:\/\/www.europesays.com\/no\/235887\/","title":{"rendered":"Arsenal-profil gir seg p\u00e5 landslaget \u2013 hyller avd\u00f8de Hareide"},"content":{"rendered":"\n<p class=\"_lead_145nj_2 _lead_6fko5_53 layout-component text-serif-m layout-normal text-serif-l layout-component layout-wide layout-padded _wide_17hqh_1 layout-padded\">Christian N\u00f8rgaard (32) har spilt sin siste kamp for Danmark. Arsenals midtbanemann gir \u00c5ge Hareide \u00e6ren for \u00e5 bygd fundamentet laget fortsatt st\u00e5r p\u00e5.<\/p>\n<p><img alt=\"GIR SEG: Christian N\u00f8rgaard og Danmark m\u00e5tte innse at VM-plassen r\u00f8k i kamp mot Tsjekkia i mars. Foto: Petr David Josek \/ AP \/ NTB\" class=\"_image_jw3bv_65 layout-component layout-wide\" data-fullscreen- data-track-element-type=\"Article image fullscreen\" data-track-name=\"ImageFullscreen\" fetchpriority=\"high\" decoding=\"sync\" loading=\"eager\" height=\"2592\" itemprop=\"image\"  src=\"https:\/\/www.europesays.com\/no\/wp-content\/uploads\/2026\/05\/6aaf8b65-aadc-3afd-89a1-7fb0fada5bc7.jpeg\"  style=\"object-position:0% 0%\" width=\"3888\"\/>GIR SEG: Christian N\u00f8rgaard og Danmark m\u00e5tte innse at VM-plassen r\u00f8k i kamp mot Tsjekkia i mars. Foto: Petr David Josek \/ AP \/ NTB<\/p>\n<ul aria-hidden=\"true\" class=\"_images_ntbth_112\">\n<li><a class=\"_link_ntbth_117\" href=\"https:\/\/www.vg.no\/forfatter\/ntb\" style=\"z-index:1\" title=\"NTB\" rel=\"nofollow noopener\" target=\"_blank\"><img alt=\"Bilde av NTB\" class=\"_image_ntbth_93\" fetchpriority=\"low\" loading=\"lazy\" decoding=\"async\" itemprop=\"image\"  src=\"https:\/\/www.europesays.com\/no\/wp-content\/uploads\/2026\/05\/1778584933_115_c33980b0-5d07-4027-84a1-813f90a7c8d6.jpeg\"  width=\"480\"\/><\/a><\/li>\n<\/ul>\n<p> Oppdatert tirsdag 12. mai kl. 12:18     <\/p>\n<p class=\"_paragraph_145nj_4 _paragraph_6fko5_10 layout-component text-serif-m layout-normal text-serif-m layout-padded\">N\u00f8rgaard skriver p\u00e5 <a href=\"https:\/\/www.instagram.com\/p\/DYO9yNsDFoL\/?img_index=1\" class=\"_link_145nj_39\" rel=\"nofollow noopener\" target=\"_blank\">Instagram<\/a> at beslutningen om \u00e5 si nei til flere Danmark-kamper kommer fordi han \u00f8nsker mer tid med familien.<\/p>\n<p class=\"_paragraph_145nj_4 _paragraph_6fko5_10 layout-component text-serif-m layout-normal text-serif-m layout-padded\">\u2013 Og med den tapte VM-kvalifiseringen f\u00f8les det ogs\u00e5 naturlig \u00e5 gi plass til de dyktige og ambisi\u00f8se talentene som Danmark heldigvis fortsatt er rik p\u00e5, skriver 32-\u00e5ringen.<\/p>\n<p class=\"_paragraph_145nj_4 _paragraph_6fko5_10 layout-component text-serif-m layout-normal text-serif-m layout-padded\">N\u00f8rgaard fikk debuten p\u00e5 landslaget i 2020 av Kasper Hjulmand, som tok over jobben som landslagssjef etter avd\u00f8de \u00c5ge Hareide. N\u00f8rgaard bruker plass til \u00e5 hylle Hareide, som d\u00f8de 18. desember i fjor.<\/p>\n<p class=\"_paragraph_145nj_4 _paragraph_6fko5_10 layout-component text-serif-m layout-normal text-serif-m layout-padded\">Hareide ledet Danmark fra 2015 til 2020.<\/p>\n<p class=\"_paragraph_145nj_4 _paragraph_6fko5_10 layout-component text-serif-m layout-normal text-serif-m layout-padded\">\u2013 Det var \u00c5ge Hareide som f\u00f8rst tok meg ut p\u00e5 landslaget, men selv om han aldri ga meg spilletid, opplevde jeg hvordan han skapte rom for at kulturb\u00e6rere som Simon (Kj\u00e6r), (Kasper) Schmeichel, Christian (Eriksen) og (Thomas) Delaney kunne utvikle det samholdet som laget etter min overbevisning lever videre p\u00e5 i dag, skriver han.<\/p>\n<p class=\"_paragraph_145nj_4 _paragraph_6fko5_10 layout-component text-serif-m layout-normal text-serif-m layout-padded\">N\u00f8rgaard noterte seg for 41 kamper for Danmark og scoret to m\u00e5l. I tillegg har han spilt langt over 50 aldersbestemte landskamper.<\/p>\n<p class=\"_paragraph_145nj_4 _paragraph_6fko5_10 layout-component text-serif-m layout-normal text-serif-m layout-padded\">Midtbanespilleren meldte overgang til Arsenal fra Brentford i fjor sommer. Siden har han slitt med \u00e5 spille seg til en fast plass p\u00e5 det stjernespekkede laget som ledes av kaptein Martin \u00d8degaard.<\/p>\n<p>    <script async src=\"\/\/www.instagram.com\/embed.js\"><\/script><\/p>\n","protected":false},"excerpt":{"rendered":"Christian N\u00f8rgaard (32) har spilt sin siste kamp for Danmark. Arsenals midtbanemann gir \u00c5ge Hareide \u00e6ren for \u00e5&hellip;\n","protected":false},"author":2,"featured_media":235888,"comment_status":"","ping_status":"","sticky":false,"template":"","format":"standard","meta":{"footnotes":"","_share_on_mastodon":"0"},"categories":[59],"tags":[11648,8525,21402,30,28,29,83,82],"class_list":["post-235887","post","type-post","status-publish","format-standard","has-post-thumbnail","category-sport","tag-age-hareide","tag-danmarks-herrelandslag-fotball","tag-internasjonal-fotball","tag-no","tag-norge","tag-norway","tag-sport","tag-sports"],"share_on_mastodon":{"url":"https:\/\/pubeurope.com\/@no\/116561349635765763","error":""},"_links":{"self":[{"href":"https:\/\/www.europesays.com\/no\/wp-json\/wp\/v2\/posts\/235887","targetHints":{"allow":["GET"]}}],"collection":[{"href":"https:\/\/www.europesays.com\/no\/wp-json\/wp\/v2\/posts"}],"about":[{"href":"https:\/\/www.europesays.com\/no\/wp-json\/wp\/v2\/types\/post"}],"author":[{"embeddable":true,"href":"https:\/\/www.europesays.com\/no\/wp-json\/wp\/v2\/users\/2"}],"replies":[{"embeddable":true,"href":"https:\/\/www.europesays.com\/no\/wp-json\/wp\/v2\/comments?post=235887"}],"version-history":[{"count":0,"href":"https:\/\/www.europesays.com\/no\/wp-json\/wp\/v2\/posts\/235887\/revisions"}],"wp:featuredmedia":[{"embeddable":true,"href":"https:\/\/www.europesays.com\/no\/wp-json\/wp\/v2\/media\/235888"}],"wp:attachment":[{"href":"https:\/\/www.europesays.com\/no\/wp-json\/wp\/v2\/media?parent=235887"}],"wp:term":[{"taxonomy":"category","embeddable":true,"href":"https:\/\/www.europesays.com\/no\/wp-json\/wp\/v2\/categories?post=235887"},{"taxonomy":"post_tag","embeddable":true,"href":"https:\/\/www.europesays.com\/no\/wp-json\/wp\/v2\/tags?post=235887"}],"curies":[{"name":"wp","href":"https:\/\/api.w.org\/{rel}","templated":true}]}}