{"id":236385,"date":"2026-05-12T21:02:28","date_gmt":"2026-05-12T21:02:28","guid":{"rendered":"https:\/\/www.europesays.com\/no\/236385\/"},"modified":"2026-05-12T21:02:28","modified_gmt":"2026-05-12T21:02:28","slug":"ffk-fotball-ffk-og-problemet-med-a-spare-seg-til-fant","status":"publish","type":"post","link":"https:\/\/www.europesays.com\/no\/236385\/","title":{"rendered":"FFK, Fotball | FFK og problemet med \u00e5 \u00abspare seg til fant\u00bb"},"content":{"rendered":"\n<p>Mange har sikkert h\u00f8rt uttrykket \u00ab\u00e5 spare seg til fant\u00bb.<\/p>\n<p>   <img decoding=\"async\" width=\"1086\" height=\"1448\" fetchpriority=\"low\"  loading=\"lazy\"  src=\"https:\/\/www.europesays.com\/no\/wp-content\/uploads\/2026\/05\/b667f796-2e14-4952-91b5-ac017f5e98b9.bin.jpeg\" alt=\"\" class=\"brick-c-cFOWSL\" style=\"--brick-image-ratio: 1086 \/ 1448;\"\/><\/p>\n<p>      Hvor mye av problemet ligger egentlig hos treneren, sp\u00f8r Morten Nilsen.<br \/>\n      Foto: Karolina Nilsen\n    <\/p>\n<p>Det brukes ofte om privat\u00f8konomi. Men jeg tror uttrykket ogs\u00e5 beskriver noe som kan skje i organisasjoner, prestasjonsmilj\u00f8er og idrett.<\/p>\n<p>Bare s\u00e5 det er sagt, jeg har ingen kompetanse til \u00e5 mene veldig mye om fotballfaget i seg selv, selv om jeg over tid har jobbet tett p\u00e5 b\u00e5de fotballmilj\u00f8er og andre prestasjonsmilj\u00f8er.<\/p>\n<p>Det jeg derimot har mye erfaring med, er organisasjon, ledelse og hvordan komplekse systemer fungerer over tid.<\/p>\n<p>Og kanskje er det derfor jeg synes situasjoner som denne er interessante (ikke bare denne).<\/p>\n<p>Flere medier tror n\u00e5 at FFK kommer til \u00e5 m\u00e5tte bytte trener etter en svak periode med flere tap.<\/p>\n<p>Kanskje er det riktig. Kanskje ikke.<\/p>\n<p>Men slike situasjoner er sjelden s\u00e5 enkle som de ofte fremstilles av enkelte.<\/p>\n<p>For samtidig som resultatene har blitt svakere, har kanskje klubben over tid ogs\u00e5:<\/p>\n<ul>\n<li>solgt n\u00f8kkelspillere<\/li>\n<li>mistet kontinuitet<\/li>\n<li>redusert erfaring og relasjoner i laget<\/li>\n<li>tatt ut kapasitet uten n\u00f8dvendigvis \u00e5 erstatte den fullt ut<\/li>\n<\/ul>\n<p>Og da oppst\u00e5r det et interessant sp\u00f8rsm\u00e5l:<\/p>\n<p>Hvor mye av problemet ligger egentlig hos treneren?<\/p>\n<p>Og hvor mye ligger i summen av beslutninger som er tatt over tid?<\/p>\n<p>For i mange organisasjoner kommer ikke problemer plutselig.<\/p>\n<p>De kommer gradvis.<\/p>\n<p>Sm\u00e5 justeringer. Sm\u00e5 kompromisser. Sm\u00e5 tap av kapasitet.<\/p>\n<p>Helt til systemet begynner \u00e5 miste b\u00e6reevne.<\/p>\n<p>Det interessante er at dette ofte skjer mens tallene p\u00e5 kort sikt kan se gode ut.<\/p>\n<p>Spillersalg kan gi:<\/p>\n<ul>\n<li>bedre \u00f8konomi<\/li>\n<li>sterkere regnskap<\/li>\n<li>kortsiktig trygghet<\/li>\n<\/ul>\n<p>Men samtidig kan det gradvis svekke:<\/p>\n<ul>\n<li>robustheten<\/li>\n<li>relasjonene<\/li>\n<li>samhandlingen<\/li>\n<li>kontinuiteten<\/li>\n<li>og kapasiteten som faktisk skaper resultater over tid<\/li>\n<\/ul>\n<p>Og det er kanskje her uttrykket \u00ab\u00e5 spare seg til fant\u00bb blir relevant.<\/p>\n<p>  <a href=\"https:\/\/www.f-b.no\/5-59-3904322\" class=\"related-teaser has-image article--c-MkAkR\" rel=\"nofollow noopener\" target=\"_blank\"><\/p>\n<p>    <img decoding=\"async\" width=\"155\"  loading=\"lazy\"  src=\"https:\/\/www.europesays.com\/no\/wp-content\/uploads\/2026\/05\/1778619747_626_cueres_scp-mangler_navn_if15mBF2XOQ.jpg\" alt=\"\" class=\"brick-c-cFOWSL\" style=\"\"\/><\/p>\n<p>\n            Les ogs\u00e5<\/p>\n<p>            Andreas Hagen (40) kan f\u00e5 sparken i l\u00f8pet av f\u00e5 dager\n        <\/p>\n<p>  <\/a><\/p>\n<p>For noen ganger blir effektivisering s\u00e5 sterk at man gradvis begynner \u00e5 spise av det som faktisk gj\u00f8r systemet b\u00e6rekraftig.<\/p>\n<p>Det gjelder s\u00e5ledes ikke bare fotball.<\/p>\n<p>Det gjelder ogs\u00e5:<\/p>\n<ul>\n<li>n\u00e6ringsliv<\/li>\n<li>ledelse<\/li>\n<li>organisasjoner<\/li>\n<li>kultur<\/li>\n<li>prestasjonsmilj\u00f8er<\/li>\n<\/ul>\n<p>For komplekse systemer svekkes sjelden av \u00e9n enkelt beslutning alene.<\/p>\n<p>De svekkes ofte gradvis.<\/p>\n<p>Det skjer mens hverdagen g\u00e5r videre.<br \/>Mens tallene fortsatt kan se akseptable ut.<br \/>Mens mange opplever at de fortsatt har kontroll.<\/p>\n<p>Helt til systemet plutselig ikke lenger t\u00e5ler belastningen.<\/p>\n<p>  <a href=\"https:\/\/www.f-b.no\/5-59-3903557\" class=\"related-teaser has-image article--c-MkAkR\" rel=\"nofollow noopener\" target=\"_blank\"><\/p>\n<p>    <img decoding=\"async\" width=\"155\"  loading=\"lazy\"  src=\"https:\/\/www.europesays.com\/no\/wp-content\/uploads\/2026\/05\/wHuURwBJ_go.jpg\" alt=\"\" class=\"brick-c-cFOWSL\" style=\"\"\/><\/p>\n<p>\n            Les ogs\u00e5<\/p>\n<p>            Det er provoserende. Hvis FFK har ambisjoner, s\u00e5 gj\u00f8r man en endring n\u00e5\n        <\/p>\n<p>  <\/a><\/p>\n<p>Og kanskje er noe av det mest krevende i slike situasjoner dette:<\/p>\n<p>De som i st\u00f8rst grad har v\u00e6rt med p\u00e5 \u00e5 forme systemet og beslutningene som har ledet frem til situasjonen, er ofte ogs\u00e5 de som til slutt m\u00e5 finne en synlig forklaring p\u00e5 problemet.<\/p>\n<p>Da blir treneren ofte den mest synlige representanten for et problem som i realiteten kan v\u00e6re langt mer sammensatt.<\/p>\n<p>Store endringer kommer sjelden plutselig.<\/p>\n<p>De kommer ofte snikende p\u00e5 sm\u00e5 kattepoter, og noen ganger i ekspressfart.<\/p>\n","protected":false},"excerpt":{"rendered":"Mange har sikkert h\u00f8rt uttrykket \u00ab\u00e5 spare seg til fant\u00bb. Hvor mye av problemet ligger egentlig hos treneren,&hellip;\n","protected":false},"author":2,"featured_media":235432,"comment_status":"","ping_status":"","sticky":false,"template":"","format":"standard","meta":{"footnotes":"","_share_on_mastodon":"0"},"categories":[59],"tags":[36,37,513,92,30,28,29,1533,83,82],"class_list":["post-236385","post","type-post","status-publish","format-standard","has-post-thumbnail","category-sport","tag-art","tag-debatt","tag-ffk","tag-fotball","tag-no","tag-norge","tag-norway","tag-opinion","tag-sport","tag-sports"],"share_on_mastodon":{"url":"https:\/\/pubeurope.com\/@no\/116563630244126681","error":""},"_links":{"self":[{"href":"https:\/\/www.europesays.com\/no\/wp-json\/wp\/v2\/posts\/236385","targetHints":{"allow":["GET"]}}],"collection":[{"href":"https:\/\/www.europesays.com\/no\/wp-json\/wp\/v2\/posts"}],"about":[{"href":"https:\/\/www.europesays.com\/no\/wp-json\/wp\/v2\/types\/post"}],"author":[{"embeddable":true,"href":"https:\/\/www.europesays.com\/no\/wp-json\/wp\/v2\/users\/2"}],"replies":[{"embeddable":true,"href":"https:\/\/www.europesays.com\/no\/wp-json\/wp\/v2\/comments?post=236385"}],"version-history":[{"count":0,"href":"https:\/\/www.europesays.com\/no\/wp-json\/wp\/v2\/posts\/236385\/revisions"}],"wp:featuredmedia":[{"embeddable":true,"href":"https:\/\/www.europesays.com\/no\/wp-json\/wp\/v2\/media\/235432"}],"wp:attachment":[{"href":"https:\/\/www.europesays.com\/no\/wp-json\/wp\/v2\/media?parent=236385"}],"wp:term":[{"taxonomy":"category","embeddable":true,"href":"https:\/\/www.europesays.com\/no\/wp-json\/wp\/v2\/categories?post=236385"},{"taxonomy":"post_tag","embeddable":true,"href":"https:\/\/www.europesays.com\/no\/wp-json\/wp\/v2\/tags?post=236385"}],"curies":[{"name":"wp","href":"https:\/\/api.w.org\/{rel}","templated":true}]}}