{"id":236932,"date":"2026-05-13T12:09:20","date_gmt":"2026-05-13T12:09:20","guid":{"rendered":"https:\/\/www.europesays.com\/no\/236932\/"},"modified":"2026-05-13T12:09:20","modified_gmt":"2026-05-13T12:09:20","slug":"hyller-age-hareide","status":"publish","type":"post","link":"https:\/\/www.europesays.com\/no\/236932\/","title":{"rendered":"Hyller \u00c5ge Hareide"},"content":{"rendered":"<p>    Christian N\u00f8rgaard (32) har spilt sin siste kamp for Danmark. Arsenals midtbanemann gir \u00c5ge Hareide \u00e6ren for \u00e5 bygd fundamentet laget fortsatt st\u00e5r p\u00e5.<\/p>\n<p>\n    FIKK ALDRI SJANSEN: N\u00f8rgaard kom aldri p\u00e5 banen under Hareide. Foto: Ulrik Pedersen\/ZUMA Press Wire\/Shutterstock\n  <\/p>\n<p>N\u00f8rgaard skriver p\u00e5\u00a0<a href=\"https:\/\/www.instagram.com\/p\/DYO9yNsDFoL\/?img_index=1\" target=\"_blank\" rel=\"nofollow noopener\">Instagram<\/a>\u00a0at beslutningen om \u00e5 si nei til flere Danmark-kamper kommer fordi han \u00f8nsker mer tid med familien.<\/p>\n<p>&#8211; Og med den tapte VM-kvalifiseringen f\u00f8les det ogs\u00e5 naturlig \u00e5 gi plass til de dyktige og ambisi\u00f8se talentene som Danmark heldigvis fortsatt er rik p\u00e5, skriver 32-\u00e5ringen.<\/p>\n<p>N\u00f8rgaard fikk debuten p\u00e5 landslaget i 2020 av Kasper Hjulmand, som tok over jobben som landslagssjef etter avd\u00f8de \u00c5ge Hareide. N\u00f8rgaard bruker plass til \u00e5 hylle Hareide.<\/p>\n<p>        <img loading=\"lazy\" decoding=\"async\" src=\"https:\/\/www.europesays.com\/no\/wp-content\/uploads\/2026\/05\/84613235.webp.webp\" width=\"980\" height=\"559\" alt=\"\" class=\"\" style=\"--aspect-ratio-image: 1.75; \"\/><\/p>\n<p>\n        GIKK BORT: \u00c5ge Hareide gikk bort 18. desember i fjor. Foto: Hans Arne Vedlog\/Dagbladet\n    <\/p>\n<p>Nordmannen ledet Danmark fra 2015 til 2020.<\/p>\n<p>&#8211; Det var \u00c5ge Hareide som f\u00f8rst tok meg ut p\u00e5 landslaget, men selv om han aldri ga meg spilletid, opplevde jeg hvordan han skapte rom for at kulturb\u00e6rere som Simon (Kj\u00e6r), (Kasper) Schmeichel, Christian (Eriksen) og (Thomas) Delaney kunne utvikle det samholdet som laget etter min overbevisning lever videre p\u00e5 i dag, skriver han.<\/p>\n<p>        LEGENDE: \u00c5ge Hareide vil huskes som en legende i norsk fotball. Video: Ljosland, Dagbladet TV-sporten<\/p>\n<p>N\u00f8rgaard noterte seg for 41 kamper for Danmark og scoret to m\u00e5l. I tillegg har han spilt langt over 50 aldersbestemte landskamper.<\/p>\n<p>Midtbanespilleren meldte overgang til Arsenal fra Brentfjord i fjor sommer. Siden har han slitt med \u00e5 spille seg til en fast plass p\u00e5 det stjernespekkede laget som ledes av kaptein Martin \u00d8degaard.<\/p>\n<p>        <a class=\"db-sport-bottom-banner\" href=\"https:\/\/www.dagbladet.no\/pluss\/pluss-sport?utm_tags=ext-camp&amp;utm_source=dbpl&amp;utm_medium=web&amp;utm_campaign=default-paywall-link&amp;utm_content=paywall-link-2\" rel=\"nofollow noopener\" target=\"_blank\"><\/p>\n<p>\n    99kr<br \/>\n    INTROTILBUD\n  <\/p>\n<p>  <img decoding=\"async\" class=\"db-sport-banner__player db-sport-banner__player--left\" src=\"https:\/\/www.europesays.com\/no\/wp-content\/uploads\/2026\/05\/sorloth.png\" alt=\"S\u00f8rloth\"\/><br \/>\n  <img decoding=\"async\" class=\"db-sport-banner__player db-sport-banner__player--right\" src=\"https:\/\/www.europesays.com\/no\/wp-content\/uploads\/2026\/05\/nusa.png\" alt=\"Nusa\"\/><\/p>\n<p>      Se S\u00f8rloth og<br \/>Nusa fram mot VM<\/p>\n<p><\/a><\/p>\n<p>      <script async src=\"\/\/www.instagram.com\/embed.js\"><\/script><\/p>\n","protected":false},"excerpt":{"rendered":"Christian N\u00f8rgaard (32) har spilt sin siste kamp for Danmark. Arsenals midtbanemann gir \u00c5ge Hareide \u00e6ren for \u00e5&hellip;\n","protected":false},"author":2,"featured_media":236933,"comment_status":"","ping_status":"","sticky":false,"template":"","format":"standard","meta":{"footnotes":"","_share_on_mastodon":"0"},"categories":[59],"tags":[11648,92,30,28,29,83,82],"class_list":["post-236932","post","type-post","status-publish","format-standard","has-post-thumbnail","category-sport","tag-age-hareide","tag-fotball","tag-no","tag-norge","tag-norway","tag-sport","tag-sports"],"share_on_mastodon":{"url":"https:\/\/pubeurope.com\/@no\/116567196913223543","error":""},"_links":{"self":[{"href":"https:\/\/www.europesays.com\/no\/wp-json\/wp\/v2\/posts\/236932","targetHints":{"allow":["GET"]}}],"collection":[{"href":"https:\/\/www.europesays.com\/no\/wp-json\/wp\/v2\/posts"}],"about":[{"href":"https:\/\/www.europesays.com\/no\/wp-json\/wp\/v2\/types\/post"}],"author":[{"embeddable":true,"href":"https:\/\/www.europesays.com\/no\/wp-json\/wp\/v2\/users\/2"}],"replies":[{"embeddable":true,"href":"https:\/\/www.europesays.com\/no\/wp-json\/wp\/v2\/comments?post=236932"}],"version-history":[{"count":0,"href":"https:\/\/www.europesays.com\/no\/wp-json\/wp\/v2\/posts\/236932\/revisions"}],"wp:featuredmedia":[{"embeddable":true,"href":"https:\/\/www.europesays.com\/no\/wp-json\/wp\/v2\/media\/236933"}],"wp:attachment":[{"href":"https:\/\/www.europesays.com\/no\/wp-json\/wp\/v2\/media?parent=236932"}],"wp:term":[{"taxonomy":"category","embeddable":true,"href":"https:\/\/www.europesays.com\/no\/wp-json\/wp\/v2\/categories?post=236932"},{"taxonomy":"post_tag","embeddable":true,"href":"https:\/\/www.europesays.com\/no\/wp-json\/wp\/v2\/tags?post=236932"}],"curies":[{"name":"wp","href":"https:\/\/api.w.org\/{rel}","templated":true}]}}