{"id":236949,"date":"2026-05-13T12:30:11","date_gmt":"2026-05-13T12:30:11","guid":{"rendered":"https:\/\/www.europesays.com\/no\/236949\/"},"modified":"2026-05-13T12:30:11","modified_gmt":"2026-05-13T12:30:11","slug":"fredrik-greve-monsen-ik-start-snart-forlater-fredrik-33-ffk","status":"publish","type":"post","link":"https:\/\/www.europesays.com\/no\/236949\/","title":{"rendered":"Fredrik Greve Monsen, IK Start | Snart forlater Fredrik (33) FFK"},"content":{"rendered":"\n<p>Rolf Daniel Vikst\u00f8l, Frank Strandli og Bernt Birkeland har trukket seg fra sine verv i Starts styre med umiddelbar virkning. <a href=\"https:\/\/www.ikstart.no\/nyheter\/tre-styremedlemmer-trekker-seg-fra-ik-start-styret\" rel=\"Follow nofollow noopener\" target=\"_blank\">Det bekrefter Start p\u00e5 sine hjemmesider tirsdag.<\/a><\/p>\n<p>\u2013 Vi kan bekrefte at vi trakk oss fra styret i g\u00e5r den 11. mai. Begrunnelsen er gitt skriftlig til styret og kontrollkomiteen, valgkomiteen er ogs\u00e5 informert, og av respekt for klubbens interne prosesser \u00f8nsker vi ikke \u00e5 kommentere saken ytterligere n\u00e5, skriver Frank Strandli, Rolf Daniel Vikst\u00f8l, Bernt Christian Birkeland i en uttalelse til KRS (Avisen Kristiansand).<\/p>\n<p>Slutter snart i FFK<\/p>\n<p>For en uke siden kunne<a href=\"https:\/\/www.f-b.no\/bekreftet-fredrik-33-forlater-ffk\/s\/5-59-3900718\" rel=\"Follow nofollow noopener\" target=\"_blank\"> Fredriksstad Blad<\/a> melde at Fredrik Greve Monsen tid i FFK snart er over.<\/p>\n<p><a href=\"https:\/\/www.ikstart.no\/nyheter\/fredrik-greve-monsen-blir-ny-sportssjef-i-ik-start\" rel=\"Follow nofollow noopener\" target=\"_blank\">Til Starts hjemmeside<\/a> uttalte Greve Monsen at han var utrolig stolt og ydmyk over muligheten til \u00e5 bli Starts neste sportssjef.<\/p>\n<p>\u2013 Sammen med resten av klubbens ansatte og st\u00f8ttespillere skal vi gj\u00f8re v\u00e5rt ytterste for \u00e5 bidra til \u00e5 realisere klubbens m\u00e5lsettinger og ambisjoner p\u00e5 kort og lang sikt, sier han.<\/p>\n<p>   <img decoding=\"async\" width=\"3665\" height=\"2749\" fetchpriority=\"low\"  loading=\"lazy\"  src=\"https:\/\/www.europesays.com\/no\/wp-content\/uploads\/2026\/05\/Sr+arena+sndag.bin.jpeg\" alt=\"\" class=\"brick-c-cFOWSL\" style=\"--brick-image-ratio: 3665 \/ 2749;\"\/><\/p>\n<p>      Uenigheter skaper styre-tr\u00f8bbel i Start.<br \/>\n      Foto: Tor Erik Schr\u00f8der\n    <\/p>\n<p>  Interne uenigheter<\/p>\n<p>N\u00e5 kan derimot Start opplyse at bakgrunnen for beslutningen at tre i Starts styre n\u00e5 trekker seg skyldes uenigheter knyttet til klubbens strategiske valg, samarbeidsformer og veien videre.<\/p>\n<p><b>KRS vet at det har v\u00e6rt uenigheter innad i styret i forbindelse med ansettelsen av ny sportssjef Fredrik Greve Monsen.<\/b><\/p>\n<p>Varamedlemmene Ingrid Stenersen og Kai Rune Karlsen trer inn i styret. Begge kjenner klubben godt, og vil bidra som medlemmer i det videre arbeidet til styret, skriver klubben.<\/p>\n","protected":false},"excerpt":{"rendered":"Rolf Daniel Vikst\u00f8l, Frank Strandli og Bernt Birkeland har trukket seg fra sine verv i Starts styre med&hellip;\n","protected":false},"author":2,"featured_media":236950,"comment_status":"","ping_status":"","sticky":false,"template":"","format":"standard","meta":{"footnotes":"","_share_on_mastodon":"0"},"categories":[59],"tags":[36,513,21753,303,30,28,29,83,82,1510],"class_list":["post-236949","post","type-post","status-publish","format-standard","has-post-thumbnail","category-sport","tag-art","tag-ffk","tag-fredrik-greve-monsen","tag-ik-start","tag-no","tag-norge","tag-norway","tag-sport","tag-sports","tag-story"],"share_on_mastodon":{"url":"https:\/\/pubeurope.com\/@no\/116567279345131494","error":""},"_links":{"self":[{"href":"https:\/\/www.europesays.com\/no\/wp-json\/wp\/v2\/posts\/236949","targetHints":{"allow":["GET"]}}],"collection":[{"href":"https:\/\/www.europesays.com\/no\/wp-json\/wp\/v2\/posts"}],"about":[{"href":"https:\/\/www.europesays.com\/no\/wp-json\/wp\/v2\/types\/post"}],"author":[{"embeddable":true,"href":"https:\/\/www.europesays.com\/no\/wp-json\/wp\/v2\/users\/2"}],"replies":[{"embeddable":true,"href":"https:\/\/www.europesays.com\/no\/wp-json\/wp\/v2\/comments?post=236949"}],"version-history":[{"count":0,"href":"https:\/\/www.europesays.com\/no\/wp-json\/wp\/v2\/posts\/236949\/revisions"}],"wp:featuredmedia":[{"embeddable":true,"href":"https:\/\/www.europesays.com\/no\/wp-json\/wp\/v2\/media\/236950"}],"wp:attachment":[{"href":"https:\/\/www.europesays.com\/no\/wp-json\/wp\/v2\/media?parent=236949"}],"wp:term":[{"taxonomy":"category","embeddable":true,"href":"https:\/\/www.europesays.com\/no\/wp-json\/wp\/v2\/categories?post=236949"},{"taxonomy":"post_tag","embeddable":true,"href":"https:\/\/www.europesays.com\/no\/wp-json\/wp\/v2\/tags?post=236949"}],"curies":[{"name":"wp","href":"https:\/\/api.w.org\/{rel}","templated":true}]}}