{"id":237845,"date":"2026-05-14T14:31:20","date_gmt":"2026-05-14T14:31:20","guid":{"rendered":"https:\/\/www.europesays.com\/no\/237845\/"},"modified":"2026-05-14T14:31:20","modified_gmt":"2026-05-14T14:31:20","slug":"vesteralskraft-utbytte-okte-overskuddet-i-fjor-dette-far-eierne-i-utbytte","status":"publish","type":"post","link":"https:\/\/www.europesays.com\/no\/237845\/","title":{"rendered":"Vester\u00e5lskraft, Utbytte | \u00d8kte overskuddet i fjor: Dette f\u00e5r eierne i utbytte"},"content":{"rendered":"\n<p>Konsernet Vester\u00e5lskraft hadde ei omsetning i 2025 p\u00e5 232 millioner kroner. Dette er 7 millioner kroner mindre enn i 2024, opplyser Vester\u00e5lskraft i ei pressemelding onsdag.<\/p>\n<p>Konsernet forteller om god drift i samtlige virksomhetsomr\u00e5der i 2025, med unntak av kraftproduksjonen hvor resultatet er sterkt preget av historisk lave kraftpriser i Nord-Norge.<\/p>\n<p>\u2013 Konsernet fikk et overskudd etter skatt p\u00e5 46 millioner kroner i 2025, mot et overskudd p\u00e5 26,6 millioner kroner i 2024, st\u00e5r det i meldinga.<\/p>\n<p><b>Resultatendringen i konsernet i 2025 skyldes i hovedsak lave kraftpriser og lavere inntektsramme i nettselskapet, kombinert med engangseffekten ved salget av datterselskapet Vester\u00e5lskraft Varme AS.<\/b><\/p>\n<p>Flere store investeringer<\/p>\n<p>Konsernet har ogs\u00e5 i 2025 hatt et h\u00f8yt aktivitetsniv\u00e5 og har totalt investert 142,7 millioner kroner.<\/p>\n<p>\u2013 Det er investert 36,7 millioner kroner i nytt ledningsnett og oppgradering av trafostasjoner. Videre er det investert 80,6 millioner kroner i Tverrelva kraftstasjon som ble offisielt \u00e5pnet i mai 2025. Det er ogs\u00e5 blitt investert 24,6 millioner kroner i utbygging av h\u00f8yhastighets fiberbredb\u00e5nd og 0,7 millioner kroner i \u00f8vrige virksomheter.<\/p>\n<p>  <a href=\"https:\/\/www.blv.no\/5-9-842687\" class=\"related-teaser has-image article--c-MkAkR\" rel=\"nofollow noopener\" target=\"_blank\"><\/p>\n<p>    <img decoding=\"async\" width=\"155\"  loading=\"lazy\"  src=\"https:\/\/www.europesays.com\/no\/wp-content\/uploads\/2026\/05\/PXL_20250514_104909633.jpg\" alt=\"\" class=\"brick-c-cFOWSL\" style=\"\"\/><\/p>\n<p>\n            Les ogs\u00e5<\/p>\n<p>            Kraftverket er i gang, men arbeidet er ikke over: \u2013 Det blir dyrere enn ventet\n        <\/p>\n<p>  <\/a><\/p>\n<p><b>Morselskapet har et overskudd etter skatt p\u00e5 22,3 millioner kroner i 2025, mot et overskudd p\u00e5 0,01 millioner kroner i 2024.<\/b><\/p>\n<p>Nettvirksomheten har et overskudd etter skatt p\u00e5 17,9 millioner kroner i 2025, mot et overskudd p\u00e5 17,4 millioner kroner i 2024.<\/p>\n<p>Produksjonsselskapet har et \u00e5rsunderskudd etter skatt p\u00e5 7,3 millioner kroner i 2025, mot et underskudd p\u00e5 1,2 millioner kroner i 2024. Bredb\u00e5nds-selskapet har et overskudd etter skatt p\u00e5 12,3 millioner kroner i 2025, mot et overskudd p\u00e5 11,5 millioner kroner i 2024.<\/p>\n<p>Utbytte p\u00e5 24 millioner<\/p>\n<p>Konsernets bokf\u00f8rte totalkapital var per 31. desember 2025 p\u00e5 944,5 millioner kroner med en egenkapitalandel p\u00e5 34,5 prosent, if\u00f8lge pressemeldinga.<\/p>\n<p>\u2013 Generalforsamlingen vedtok et utbytte p\u00e5 24 millioner kroner, som er i henhold til konsernstyrets innstilling. Det medf\u00f8rer f\u00f8lgende utbytte til v\u00e5re eiere:<\/p>\n<p><b>\u2022 Vester\u00e5len Energi AS 12,9 mill. kroner<\/b><\/p>\n<p><b>\u2022 Lofotkraft AS 11,1 mill. kroner<\/b><\/p>\n<p>Vester\u00e5lskraft er et konsern med Vester\u00e5lskraft AS som morselskap. Aksjene i Vester\u00e5lskraft AS eies av Vester\u00e5len Energi AS (53,8 prosent) og Lofotkraft Holding AS (46,2 prosent).<\/p>\n<p>De respektive virksomhetsomr\u00e5der er organisert i datterselskaper som er 100 prosent eid av Vester\u00e5lskraft AS.<\/p>\n<p>  <a href=\"https:\/\/www.blv.no\/5-9-924687\" class=\"related-teaser has-image article--c-MkAkR\" rel=\"nofollow noopener\" target=\"_blank\"><\/p>\n<p>    <img decoding=\"async\" width=\"155\"  loading=\"lazy\"  src=\"https:\/\/www.europesays.com\/no\/wp-content\/uploads\/2026\/05\/MixCollage-19-Mar-2026-03-56-PM-2143.jpg\" alt=\"\" class=\"brick-c-cFOWSL\" style=\"\"\/><\/p>\n<p>\n            Les ogs\u00e5<\/p>\n<p>            \u2013\u00a0Vi har ikke gitt gr\u00f8nt lys for salg\n        <\/p>\n<p>  <\/a><\/p>\n<p>  <a href=\"https:\/\/www.blv.no\/5-9-923160\" class=\"related-teaser has-image article--c-MkAkR\" rel=\"nofollow noopener\" target=\"_blank\"><\/p>\n<p>    <img decoding=\"async\" width=\"155\"  loading=\"lazy\"  src=\"https:\/\/www.europesays.com\/no\/wp-content\/uploads\/2026\/05\/Ingebrigtsen-1514.jpg\" alt=\"\" class=\"brick-c-cFOWSL\" style=\"\"\/><\/p>\n<p>\n            Les ogs\u00e5<\/p>\n<p>            Kj\u00f8per ut to vester\u00e5lskommuner for en halv milliard\n        <\/p>\n<p>  <\/a><\/p>\n<p>  <a href=\"https:\/\/www.blv.no\/5-9-920855\" class=\"related-teaser has-image article--c-MkAkR\" rel=\"nofollow noopener\" target=\"_blank\"><\/p>\n<p>    <img decoding=\"async\" width=\"155\"  loading=\"lazy\"  src=\"https:\/\/www.europesays.com\/no\/wp-content\/uploads\/2026\/05\/0-3.jpg\" alt=\"\" class=\"brick-c-cFOWSL\" style=\"\"\/><\/p>\n<p>\n            Les ogs\u00e5<\/p>\n<p>            N\u00e5 f\u00e5r de betalt for kraftverkene: Slik blir inntekten\n        <\/p>\n<p>  <\/a><\/p>\n","protected":false},"excerpt":{"rendered":"Konsernet Vester\u00e5lskraft hadde ei omsetning i 2025 p\u00e5 232 millioner kroner. Dette er 7 millioner kroner mindre enn&hellip;\n","protected":false},"author":2,"featured_media":237846,"comment_status":"","ping_status":"","sticky":false,"template":"","format":"standard","meta":{"footnotes":"","_share_on_mastodon":"0"},"categories":[56],"tags":[36,60,61,21800,62,30,28,29,14,1510,6948,14661],"class_list":["post-237845","post","type-post","status-publish","format-standard","has-post-thumbnail","category-naeringsliv","tag-art","tag-business","tag-economy","tag-kraftselskap","tag-naeringsliv","tag-no","tag-norge","tag-norway","tag-nyheter","tag-story","tag-utbytte","tag-vesteralskraft"],"share_on_mastodon":{"url":"https:\/\/pubeurope.com\/@no\/116573417722687494","error":""},"_links":{"self":[{"href":"https:\/\/www.europesays.com\/no\/wp-json\/wp\/v2\/posts\/237845","targetHints":{"allow":["GET"]}}],"collection":[{"href":"https:\/\/www.europesays.com\/no\/wp-json\/wp\/v2\/posts"}],"about":[{"href":"https:\/\/www.europesays.com\/no\/wp-json\/wp\/v2\/types\/post"}],"author":[{"embeddable":true,"href":"https:\/\/www.europesays.com\/no\/wp-json\/wp\/v2\/users\/2"}],"replies":[{"embeddable":true,"href":"https:\/\/www.europesays.com\/no\/wp-json\/wp\/v2\/comments?post=237845"}],"version-history":[{"count":0,"href":"https:\/\/www.europesays.com\/no\/wp-json\/wp\/v2\/posts\/237845\/revisions"}],"wp:featuredmedia":[{"embeddable":true,"href":"https:\/\/www.europesays.com\/no\/wp-json\/wp\/v2\/media\/237846"}],"wp:attachment":[{"href":"https:\/\/www.europesays.com\/no\/wp-json\/wp\/v2\/media?parent=237845"}],"wp:term":[{"taxonomy":"category","embeddable":true,"href":"https:\/\/www.europesays.com\/no\/wp-json\/wp\/v2\/categories?post=237845"},{"taxonomy":"post_tag","embeddable":true,"href":"https:\/\/www.europesays.com\/no\/wp-json\/wp\/v2\/tags?post=237845"}],"curies":[{"name":"wp","href":"https:\/\/api.w.org\/{rel}","templated":true}]}}