{"id":23805,"date":"2025-09-01T10:49:24","date_gmt":"2025-09-01T10:49:24","guid":{"rendered":"https:\/\/www.europesays.com\/no\/23805\/"},"modified":"2025-09-01T10:49:24","modified_gmt":"2025-09-01T10:49:24","slug":"langrenn-ski-amedia-har-sikret-seg-rettighetene-til-en-rekke-skirenn","status":"publish","type":"post","link":"https:\/\/www.europesays.com\/no\/23805\/","title":{"rendered":"Langrenn, Ski | Amedia har sikret seg rettighetene til en rekke skirenn"},"content":{"rendered":"\n<p>\u2013 Her f\u00e5r vi vist fram de beste blant de yngste, v\u00e5re kommende stjerner og dagens landslagsl\u00f8pere. Ski-Norge p\u00e5 sitt beste, sier langrennssjef i Norges Skiforbund, Cathrine Insteb\u00f8.<\/p>\n<p>Den nye medieavtalen mellom Norges Skiforbund og Amedia er den mest omfattende de to hittil har inng\u00e5tt.<\/p>\n<p>I tillegg til fire SPAR norgescuphelger i langrenn, skal Amedia ogs\u00e5 produsere og sende junior-NM og Hovedlandsrennet de neste to sesongene.<\/p>\n<p>Sammen med NM er SPAR Norgescup det h\u00f8yeste niv\u00e5et for nasjonale langrennskonkurranser i Norge og er godkjent som FIS-renn.<\/p>\n<p>Det inneb\u00e6rer at det i tillegg til de norske l\u00f8perne, som regel kommer ut\u00f8vere p\u00e5 h\u00f8yt niv\u00e5 fra andre nasjoner.<\/p>\n<p>Storsatsing<\/p>\n<p>For hver av de tre rennhelgene i SPAR Norgescup stiller opp mot 350 l\u00f8pere til start. I junior-NM regner arrang\u00f8rene med 800 deltakere. Like mange antas \u00e5 komme til Hovedlandsrennet.<\/p>\n<p>\u2013 Vi har skil\u00f8pere fra hele Norge, og derfor er vi veldig glade for at Amedia, som dekker store deler av lokalavismarkedet, vil bidra til at rennene n\u00e5r ut i hele landet. Det vil gj\u00f8re folk stolte over sine lokale skihelter og l\u00f8fte interessen for langrenn over hele Norge, sier Insteb\u00f8.<\/p>\n<p>\u2013 Langrenn er Norges viktigste vinteridrett, m\u00e5lt i publikumsinteresse. SPAR Norgescup, junior-NM og Hovedlandsrennet samler b\u00e5de noen av landets beste ut\u00f8vere og kommende stjerner, samt en stor bredde av l\u00f8pere fra hele landet, sier Helge Birkelund, direkt\u00f8r for sportsutvikling i Amedia.<\/p>\n<p>For oss, som er den st\u00f8rste utgiveren av aviser i Norge med over hundre egne titler og 20 partneraviser fra nord til s\u00f8r, inneb\u00e6rer avtalen at vi n\u00e5 kan tilby enda mer godt og spennende sportsinnhold til v\u00e5re abonnenter.<\/p>\n<p>            Skirenn Amedia skal produsere og distribuere kommende vinter:<\/p>\n<p><b>Langrenn:<\/b><\/p>\n<ul>\n<li>4 l\u00f8pshelger SPAR Norgescup langrenn (28.-30. november G\u00e5l\u00e5, 30.-01. januar\/februar By\u00e5sen\/Gran\u00e5sen, 20.-22. februar \u00c5sen Nannestad og 6.-8. mars Skeikampen)<\/li>\n<li>NM Junior (13.-15. mars G\u00e5l\u00e5)<\/li>\n<li>Hovedlandsrennet (28-01 februar\/mars Tynset\/Tolga)<\/li>\n<\/ul>\n<p><b> Hopp:<\/b><\/p>\n<ul>\n<li> NM normalbakke (10.-12. oktober Midtstubakken)<\/li>\n<\/ul>\n<p>  Satser p\u00e5 hopp<\/p>\n<p>Amedia skal for andre \u00e5ret p\u00e5 rad sende NM hopp normalbakke i Midtstubakken 10.\u201312. oktober.<\/p>\n<p>\u2013 Det er en sterk tradisjon og interesse for skihopp i Norge. Med deltakere fra hele landet ser vi fram til \u00e5 sende NM Hopp normalbakke igjen, sier Birkelund.<\/p>\n<p>\u2013 Det er veldig bra for hopp at vi igjen f\u00e5r vist NM gjennom Amedias distribusjonsnettverk, sier hoppsjef Jan-Erik Aalbu.<\/p>\n<p>I tillegg \u00e5pner avtalen for at Amedia kan distribuere skirenn som er produsert av Norges Skiforbund. Amedia har ogs\u00e5 de siste \u00e5rene sikret seg flere nye skirettigheter, og med denne avtalen kan det ogs\u00e5 \u00e5pne opp for nye TV-sendinger i Norges Skiforbunds sju grener.<\/p>\n<p>Les mer om: artikkelemnene<\/p>\n","protected":false},"excerpt":{"rendered":"\u2013 Her f\u00e5r vi vist fram de beste blant de yngste, v\u00e5re kommende stjerner og dagens landslagsl\u00f8pere. Ski-Norge&hellip;\n","protected":false},"author":2,"featured_media":23806,"comment_status":"","ping_status":"","sticky":false,"template":"","format":"standard","meta":{"footnotes":""},"categories":[59],"tags":[36,398,30,28,29,3650,83,82,1510],"class_list":{"0":"post-23805","1":"post","2":"type-post","3":"status-publish","4":"format-standard","5":"has-post-thumbnail","7":"category-sport","8":"tag-art","9":"tag-langrenn","10":"tag-no","11":"tag-norge","12":"tag-norway","13":"tag-ski","14":"tag-sport","15":"tag-sports","16":"tag-story"},"share_on_mastodon":{"url":"","error":""},"_links":{"self":[{"href":"https:\/\/www.europesays.com\/no\/wp-json\/wp\/v2\/posts\/23805","targetHints":{"allow":["GET"]}}],"collection":[{"href":"https:\/\/www.europesays.com\/no\/wp-json\/wp\/v2\/posts"}],"about":[{"href":"https:\/\/www.europesays.com\/no\/wp-json\/wp\/v2\/types\/post"}],"author":[{"embeddable":true,"href":"https:\/\/www.europesays.com\/no\/wp-json\/wp\/v2\/users\/2"}],"replies":[{"embeddable":true,"href":"https:\/\/www.europesays.com\/no\/wp-json\/wp\/v2\/comments?post=23805"}],"version-history":[{"count":0,"href":"https:\/\/www.europesays.com\/no\/wp-json\/wp\/v2\/posts\/23805\/revisions"}],"wp:featuredmedia":[{"embeddable":true,"href":"https:\/\/www.europesays.com\/no\/wp-json\/wp\/v2\/media\/23806"}],"wp:attachment":[{"href":"https:\/\/www.europesays.com\/no\/wp-json\/wp\/v2\/media?parent=23805"}],"wp:term":[{"taxonomy":"category","embeddable":true,"href":"https:\/\/www.europesays.com\/no\/wp-json\/wp\/v2\/categories?post=23805"},{"taxonomy":"post_tag","embeddable":true,"href":"https:\/\/www.europesays.com\/no\/wp-json\/wp\/v2\/tags?post=23805"}],"curies":[{"name":"wp","href":"https:\/\/api.w.org\/{rel}","templated":true}]}}