{"id":238937,"date":"2026-05-15T19:23:14","date_gmt":"2026-05-15T19:23:14","guid":{"rendered":"https:\/\/www.europesays.com\/no\/238937\/"},"modified":"2026-05-15T19:23:14","modified_gmt":"2026-05-15T19:23:14","slug":"roros-naeringsliv-astrid-anita-kjetil-og-aud-ble-hedret-for-lang-og-tro-tjeneste","status":"publish","type":"post","link":"https:\/\/www.europesays.com\/no\/238937\/","title":{"rendered":"R\u00f8ros, N\u00e6ringsliv | Astrid, Anita, Kjetil og Aud ble hedret for lang og tro tjeneste"},"content":{"rendered":"\n<p>Anita Heksem Sandnes fra Coop Mega R\u00f8ros, Aud Bukkvoll fra Coop Marked Brekken og lokalmatansvarlig Kjetil Kvarteig ble alle hedret med Norges Vel medalje for sine 30 \u00e5r i bedriften.<\/p>\n<p>Astrid V. Mortensen fra Coop Marked Gl\u00e5mos mottok Coop sitt erkjentlighetsmerke for 25 \u00e5r som ansatt.<\/p>\n<p>  <a href=\"https:\/\/www.retten.no\/5-44-700018\" class=\"related-teaser has-image article--c-MkAkR\" rel=\"nofollow noopener\" target=\"_blank\"><\/p>\n<p>    <img decoding=\"async\" width=\"155\"  loading=\"lazy\"  src=\"https:\/\/www.europesays.com\/no\/wp-content\/uploads\/2026\/05\/FORSIDE.JPG\" alt=\"\" class=\"brick-c-cFOWSL\" style=\"\"\/><\/p>\n<p>\n            Les ogs\u00e5<\/p>\n<p>            Ingunn, Astrid, Siri og Rita: \u2013 Vi har det trivelig sammen p\u00e5 jobb, er som en kameratgjeng\n        <\/p>\n<p>  <\/a><\/p>\n<p>\u2013 Det er viktig b\u00e5de for bedriften og arbeidstakerne at vi markerer slike merkedager. Vi setter stor pris p\u00e5 den innsatsen de har lagt ned gjennom alle disse \u00e5rene. De representerer en enorm mengde erfaring og kompetanse som kommer b\u00e5de bedriften og kundene til gode, sier Torbj\u00f8rn Skei, administrerende direkt\u00f8r i Coop Midt-Norge.<\/p>\n<p>  <a href=\"https:\/\/www.retten.no\/5-44-934607\" class=\"related-teaser has-image article--c-MkAkR\" rel=\"nofollow noopener\" target=\"_blank\"><\/p>\n<p>    <img decoding=\"async\" width=\"155\"  loading=\"lazy\"  src=\"https:\/\/www.europesays.com\/no\/wp-content\/uploads\/2026\/05\/Ingunn+Nilsg%C3%A5rd.jpg\" alt=\"\" class=\"brick-c-cFOWSL\" style=\"\"\/><\/p>\n<p>\n            Les ogs\u00e5<\/p>\n<p>            Ingunn har de mest forn\u00f8yde kundene i Midt-Norge\n        <\/p>\n<p>  <\/a><\/p>\n<p>  <a href=\"https:\/\/www.retten.no\/5-44-1062321\" class=\"related-teaser has-image article--c-MkAkR\" rel=\"nofollow noopener\" target=\"_blank\"><\/p>\n<p>    <img decoding=\"async\" width=\"155\"  loading=\"lazy\"  src=\"https:\/\/www.europesays.com\/no\/wp-content\/uploads\/2026\/05\/20220324-DSC_0326.jpg\" alt=\"\" class=\"brick-c-cFOWSL\" style=\"\"\/><\/p>\n<p>\n            Les ogs\u00e5<\/p>\n<p>            Feirer n\u00e6rbutikkens dag: \u2013 Vi er mer enn bare varer p\u00e5 en hylle\n        <\/p>\n<p>  <\/a><\/p>\n<p>  <a href=\"https:\/\/www.retten.no\/5-44-708035\" class=\"related-teaser has-image article--c-MkAkR\" rel=\"nofollow noopener\" target=\"_blank\"><\/p>\n<p>    <img decoding=\"async\" width=\"155\"  loading=\"lazy\"  src=\"https:\/\/www.europesays.com\/no\/wp-content\/uploads\/2026\/05\/Fra+venstre%2C+Toril+Valla%2C+styreleder%2C+Mette+Kverneng+Sandnes%2C+Anita+Heksem+Sandnes%2C+Aud+Bu.jpeg\" alt=\"\" class=\"brick-c-cFOWSL\" style=\"\"\/><\/p>\n<p>\n            Les ogs\u00e5<\/p>\n<p>            Ansatte p\u00e5 R\u00f8ros hedret for lang og tro tjeneste\n        <\/p>\n<p>  <\/a><\/p>\n<p>  <a href=\"https:\/\/www.retten.no\/5-44-518550\" class=\"related-teaser has-image article--c-MkAkR\" rel=\"nofollow noopener\" target=\"_blank\"><\/p>\n<p>    <img decoding=\"async\" width=\"155\"  loading=\"lazy\"  src=\"https:\/\/www.europesays.com\/no\/wp-content\/uploads\/2026\/05\/IMG_1772.jpg\" alt=\"\" class=\"brick-c-cFOWSL\" style=\"\"\/><\/p>\n<p>\n            Les ogs\u00e5<\/p>\n<p>            Anita og Kjetil metter 317 munner med \u00abpannekakestunt\u00bb\n        <\/p>\n<p>  <\/a><\/p>\n<p>  <a href=\"https:\/\/www.retten.no\/5-44-874793\" class=\"related-teaser has-image article--c-MkAkR\" rel=\"nofollow noopener\" target=\"_blank\"><\/p>\n<p>    <img decoding=\"async\" width=\"155\"  loading=\"lazy\"  src=\"https:\/\/www.europesays.com\/no\/wp-content\/uploads\/2026\/05\/82593fdc-cf32-44f2-b8db-e2601d3ea471.bin.jpeg\" alt=\"\" class=\"brick-c-cFOWSL\" style=\"\"\/><\/p>\n<p>\n            Les ogs\u00e5<\/p>\n<p>            Ni prosent av omsetningen kommer i p\u00e5sken: \u2013 Dette er \u00e5rets h\u00f8ydepunkt for oss\n        <\/p>\n<p>  <\/a><\/p>\n","protected":false},"excerpt":{"rendered":"Anita Heksem Sandnes fra Coop Mega R\u00f8ros, Aud Bukkvoll fra Coop Marked Brekken og lokalmatansvarlig Kjetil Kvarteig ble&hellip;\n","protected":false},"author":2,"featured_media":238938,"comment_status":"","ping_status":"","sticky":false,"template":"","format":"standard","meta":{"footnotes":"","_share_on_mastodon":"0"},"categories":[56],"tags":[465,36,60,14009,61,21868,62,30,28,29,3847,1510],"class_list":["post-238937","post","type-post","status-publish","format-standard","has-post-thumbnail","category-naeringsliv","tag-arbeidsliv","tag-art","tag-business","tag-coop-midt-norge","tag-economy","tag-lang-og-tro-tjeneste","tag-naeringsliv","tag-no","tag-norge","tag-norway","tag-roros","tag-story"],"share_on_mastodon":{"url":"https:\/\/pubeurope.com\/@no\/116580228171044777","error":""},"_links":{"self":[{"href":"https:\/\/www.europesays.com\/no\/wp-json\/wp\/v2\/posts\/238937","targetHints":{"allow":["GET"]}}],"collection":[{"href":"https:\/\/www.europesays.com\/no\/wp-json\/wp\/v2\/posts"}],"about":[{"href":"https:\/\/www.europesays.com\/no\/wp-json\/wp\/v2\/types\/post"}],"author":[{"embeddable":true,"href":"https:\/\/www.europesays.com\/no\/wp-json\/wp\/v2\/users\/2"}],"replies":[{"embeddable":true,"href":"https:\/\/www.europesays.com\/no\/wp-json\/wp\/v2\/comments?post=238937"}],"version-history":[{"count":0,"href":"https:\/\/www.europesays.com\/no\/wp-json\/wp\/v2\/posts\/238937\/revisions"}],"wp:featuredmedia":[{"embeddable":true,"href":"https:\/\/www.europesays.com\/no\/wp-json\/wp\/v2\/media\/238938"}],"wp:attachment":[{"href":"https:\/\/www.europesays.com\/no\/wp-json\/wp\/v2\/media?parent=238937"}],"wp:term":[{"taxonomy":"category","embeddable":true,"href":"https:\/\/www.europesays.com\/no\/wp-json\/wp\/v2\/categories?post=238937"},{"taxonomy":"post_tag","embeddable":true,"href":"https:\/\/www.europesays.com\/no\/wp-json\/wp\/v2\/tags?post=238937"}],"curies":[{"name":"wp","href":"https:\/\/api.w.org\/{rel}","templated":true}]}}