{"id":239161,"date":"2026-05-16T04:09:12","date_gmt":"2026-05-16T04:09:12","guid":{"rendered":"https:\/\/www.europesays.com\/no\/239161\/"},"modified":"2026-05-16T04:09:12","modified_gmt":"2026-05-16T04:09:12","slug":"isis-nestkommanderende-drept-i-militaeroperasjon","status":"publish","type":"post","link":"https:\/\/www.europesays.com\/no\/239161\/","title":{"rendered":"ISIS&#8217; nestkommanderende drept i milit\u00e6roperasjon"},"content":{"rendered":"\n<p class=\"_lead_145nj_2 _lead_6fko5_53 layout-component text-serif-m layout-normal text-serif-l layout-component layout-wide layout-padded _wide_17hqh_1 layout-padded\">Skal ha blitt tatt ut i en felles aksjon mellom amerikanske og nigerianske styrker.<\/p>\n<p><img alt=\" Foto: Eric Lee \/ POOL \/ EPA \/ NTB\" class=\"_image_jw3bv_65 layout-component layout-wide\" data-fullscreen- data-track-element-type=\"Article image fullscreen\" data-track-name=\"ImageFullscreen\" fetchpriority=\"high\" decoding=\"sync\" loading=\"eager\" height=\"2667\" itemprop=\"image\"  src=\"https:\/\/www.europesays.com\/no\/wp-content\/uploads\/2026\/05\/24698c36-4aab-38da-b3ec-a1c2491db868.jpeg\"  style=\"object-position:0% 0%\" width=\"4000\"\/> Foto: Eric Lee \/ POOL \/ EPA \/ NTB<\/p>\n<ul aria-hidden=\"true\" class=\"_images_ntbth_112\">\n<li><a class=\"_link_ntbth_117\" href=\"https:\/\/www.vg.no\/forfatter\/kari-aarstad-aase\" style=\"z-index:1\" title=\"Kari Aarstad Aase\" rel=\"nofollow noopener\" target=\"_blank\"><img alt=\"Bilde av Kari Aarstad Aase\" class=\"_image_ntbth_93\" fetchpriority=\"low\" loading=\"lazy\" decoding=\"async\" itemprop=\"image\"  src=\"https:\/\/www.europesays.com\/no\/wp-content\/uploads\/2026\/05\/1778904552_442_0dbde33e-6d8e-4680-8e4f-e2a64281e2b8.jpeg\"  width=\"480\"\/><\/a><\/li>\n<\/ul>\n<p> Oppdatert l\u00f8rdag 16. mai kl. 06:07     <\/p>\n<p class=\"_paragraph_145nj_4 _paragraph_6fko5_10 layout-component text-serif-m layout-normal text-serif-m layout-padded\">USAs president <a href=\"https:\/\/www.vg.no\/tag\/donald-trump-2?utm_source=vg-article&amp;utm_medium=auto-tagger&amp;utm_campaign=n1Gj2B\" class=\"_link_145nj_39\" rel=\"nofollow noopener\" target=\"_blank\">Donald Trump<\/a> opplyste fredag at Abu-Bilal al-Minuki, som han omtaler som IS nestkommanderende p\u00e5 globalt niv\u00e5, er blitt eliminert.<\/p>\n<p class=\"_paragraph_145nj_4 _paragraph_6fko5_10 layout-component text-serif-m layout-normal text-serif-m layout-padded\">Det melder nyhetsbyr\u00e5et <a href=\"https:\/\/www.reutersconnect.com\/detail?id=tag%3Areuters.com%2C2026%3Anewsml_FWN41T02T%3A1982433835\" class=\"_link_145nj_39\" rel=\"nofollow noopener\" target=\"_blank\">Reuters<\/a>.<\/p>\n<p class=\"_paragraph_145nj_4 _paragraph_6fko5_10 layout-component text-serif-m layout-normal text-serif-m layout-padded\">If\u00f8lge Trump ble han drept i en operasjon utf\u00f8rt av amerikanske og nigerianske styrker. Presidenten ga ikke flere detaljer om hvor eller n\u00e5r aksjonen fant sted.<\/p>\n<p class=\"_paragraph_145nj_4 _paragraph_6fko5_10 layout-component text-serif-m layout-normal text-serif-m layout-padded\">Trump takket Nigerias regjering for samarbeidet og sier drapet p\u00e5 al-Minukis svekker IS betraktelig.<\/p>\n<p class=\"_paragraph_145nj_4 _paragraph_6fko5_10 layout-component text-serif-m layout-normal text-serif-m layout-padded\">Reuters har forel\u00f8pig ikke publisert  bekreftelse fra nigerianske myndigheter.<\/p>\n","protected":false},"excerpt":{"rendered":"Skal ha blitt tatt ut i en felles aksjon mellom amerikanske og nigerianske styrker. Foto: Eric Lee \/&hellip;\n","protected":false},"author":2,"featured_media":239162,"comment_status":"","ping_status":"","sticky":false,"template":"","format":"standard","meta":{"footnotes":"","_share_on_mastodon":"0"},"categories":[5],"tags":[20,21,55,24,25,15,19,14468,22,23,17,18,13,30,28,29,14,16,26,27,46],"class_list":["post-239161","post","type-post","status-publish","format-standard","has-post-thumbnail","category-overskrifter","tag-breaking-news","tag-breakingnews","tag-donald-trump","tag-featured-news","tag-featurednews","tag-headlines","tag-hovedoppslag","tag-isis","tag-latest-news","tag-latestnews","tag-main-news","tag-mainnews","tag-news","tag-no","tag-norge","tag-norway","tag-nyheter","tag-overskrifter","tag-top-stories","tag-topstories","tag-vgai"],"share_on_mastodon":{"url":"https:\/\/pubeurope.com\/@no\/116582296502930203","error":""},"_links":{"self":[{"href":"https:\/\/www.europesays.com\/no\/wp-json\/wp\/v2\/posts\/239161","targetHints":{"allow":["GET"]}}],"collection":[{"href":"https:\/\/www.europesays.com\/no\/wp-json\/wp\/v2\/posts"}],"about":[{"href":"https:\/\/www.europesays.com\/no\/wp-json\/wp\/v2\/types\/post"}],"author":[{"embeddable":true,"href":"https:\/\/www.europesays.com\/no\/wp-json\/wp\/v2\/users\/2"}],"replies":[{"embeddable":true,"href":"https:\/\/www.europesays.com\/no\/wp-json\/wp\/v2\/comments?post=239161"}],"version-history":[{"count":0,"href":"https:\/\/www.europesays.com\/no\/wp-json\/wp\/v2\/posts\/239161\/revisions"}],"wp:featuredmedia":[{"embeddable":true,"href":"https:\/\/www.europesays.com\/no\/wp-json\/wp\/v2\/media\/239162"}],"wp:attachment":[{"href":"https:\/\/www.europesays.com\/no\/wp-json\/wp\/v2\/media?parent=239161"}],"wp:term":[{"taxonomy":"category","embeddable":true,"href":"https:\/\/www.europesays.com\/no\/wp-json\/wp\/v2\/categories?post=239161"},{"taxonomy":"post_tag","embeddable":true,"href":"https:\/\/www.europesays.com\/no\/wp-json\/wp\/v2\/tags?post=239161"}],"curies":[{"name":"wp","href":"https:\/\/api.w.org\/{rel}","templated":true}]}}