{"id":239613,"date":"2026-05-16T16:49:23","date_gmt":"2026-05-16T16:49:23","guid":{"rendered":"https:\/\/www.europesays.com\/no\/239613\/"},"modified":"2026-05-16T16:49:23","modified_gmt":"2026-05-16T16:49:23","slug":"sport-sander-tangvik-en-uke-til-vm-uttak-debuterte-i-bundesligaen","status":"publish","type":"post","link":"https:\/\/www.europesays.com\/no\/239613\/","title":{"rendered":"Sport, Sander Tangvik | En uke til VM-uttak: Debuterte i Bundesligaen"},"content":{"rendered":"\n<p>I vinter forlot Sander Tangvik Rosenborg til fordel for Bundesliga-klubben Hamburger SV, og l\u00f8rdag ettermiddag fikk 23-\u00e5ringen sin debut i en av Europas beste ligaer.<\/p>\n<p><b>23-\u00e5ringen startet kampen mot storklubben Bayer Leverkusen, og ikke nok med det. Etter 26 minutter reddet ogs\u00e5 Tangvik straffe fra Patrik Schick.<\/b><\/p>\n<p>Det s\u00e5 lyst ut for en meget sterk borteseier da Fabio Vieira sendte gjestene i ledelsen etter timen, men til slutt m\u00e5tte Tangvik se seg overlistet da Nicolai Remberg satte ballen i eget m\u00e5l.<\/p>\n<p>Ett poeng mot Bayer Leverkusen er likevel sterkt for Tangvik og Hamburger SV som ligger p\u00e5 en 13.-plass i Bundesliga.<\/p>\n<p>Tilliten er ogs\u00e5 sv\u00e6rt godt nytt for keeperen en m\u00e5ned f\u00f8r Norge spiller sin f\u00f8rste VM-kamp siden 1998. VM-troppen offentliggj\u00f8res om en uker &#8211; n\u00e6rmere bestemt 21. mai.<\/p>\n<p>Tangvik har blitt nevnt som en kandidat Solbakkens VM-tropp etter han ble hentet inn i troppen i forkant av skjebnekampene mot Estland og Italia i fjor h\u00f8st. N\u00e5 har han alts\u00e5 f\u00e5tt sin f\u00f8rste startplass i Bundesliga, s\u00e5 gjenst\u00e5r det \u00e5 se om det kan p\u00e5virke uttaket.<\/p>\n<p>  <a href=\"https:\/\/www.nidaros.no\/5-113-806720\" class=\"related-teaser has-image article--c-MkAkR\" rel=\"nofollow noopener\" target=\"_blank\"><\/p>\n<p>    <img decoding=\"async\" width=\"155\"  loading=\"lazy\"  src=\"https:\/\/www.europesays.com\/no\/wp-content\/uploads\/2026\/01\/JArbk-fred-ark62.jpg\" alt=\"\" class=\"brick-c-cFOWSL\" style=\"\"\/><\/p>\n<p>\n            Les ogs\u00e5<\/p>\n<p>            RBK bekrefter: \u2013 Det var trist \u00e5 ta farvel med alle\n        <\/p>\n<p>  <\/a><\/p>\n","protected":false},"excerpt":{"rendered":"I vinter forlot Sander Tangvik Rosenborg til fordel for Bundesliga-klubben Hamburger SV, og l\u00f8rdag ettermiddag fikk 23-\u00e5ringen sin&hellip;\n","protected":false},"author":2,"featured_media":239614,"comment_status":"","ping_status":"","sticky":false,"template":"","format":"standard","meta":{"footnotes":"","_share_on_mastodon":"0"},"categories":[59],"tags":[36,92,30,28,29,1889,83,82,1387,1510,1871],"class_list":["post-239613","post","type-post","status-publish","format-standard","has-post-thumbnail","category-sport","tag-art","tag-fotball","tag-no","tag-norge","tag-norway","tag-sander-tangvik","tag-sport","tag-sports","tag-stale-solbakken","tag-story","tag-vm"],"share_on_mastodon":{"url":"https:\/\/pubeurope.com\/@no\/116585284599161886","error":""},"_links":{"self":[{"href":"https:\/\/www.europesays.com\/no\/wp-json\/wp\/v2\/posts\/239613","targetHints":{"allow":["GET"]}}],"collection":[{"href":"https:\/\/www.europesays.com\/no\/wp-json\/wp\/v2\/posts"}],"about":[{"href":"https:\/\/www.europesays.com\/no\/wp-json\/wp\/v2\/types\/post"}],"author":[{"embeddable":true,"href":"https:\/\/www.europesays.com\/no\/wp-json\/wp\/v2\/users\/2"}],"replies":[{"embeddable":true,"href":"https:\/\/www.europesays.com\/no\/wp-json\/wp\/v2\/comments?post=239613"}],"version-history":[{"count":0,"href":"https:\/\/www.europesays.com\/no\/wp-json\/wp\/v2\/posts\/239613\/revisions"}],"wp:featuredmedia":[{"embeddable":true,"href":"https:\/\/www.europesays.com\/no\/wp-json\/wp\/v2\/media\/239614"}],"wp:attachment":[{"href":"https:\/\/www.europesays.com\/no\/wp-json\/wp\/v2\/media?parent=239613"}],"wp:term":[{"taxonomy":"category","embeddable":true,"href":"https:\/\/www.europesays.com\/no\/wp-json\/wp\/v2\/categories?post=239613"},{"taxonomy":"post_tag","embeddable":true,"href":"https:\/\/www.europesays.com\/no\/wp-json\/wp\/v2\/tags?post=239613"}],"curies":[{"name":"wp","href":"https:\/\/api.w.org\/{rel}","templated":true}]}}