{"id":239681,"date":"2026-05-16T18:23:17","date_gmt":"2026-05-16T18:23:17","guid":{"rendered":"https:\/\/www.europesays.com\/no\/239681\/"},"modified":"2026-05-16T18:23:17","modified_gmt":"2026-05-16T18:23:17","slug":"bordpakker-rives-vekk-mye-penger","status":"publish","type":"post","link":"https:\/\/www.europesays.com\/no\/239681\/","title":{"rendered":"Bordpakker rives vekk: &#8211; Mye penger"},"content":{"rendered":"<p>Mens barnetogene snirkler seg gjennom Oslos gater p\u00e5 17. mai og \u00abhipp, hipp hurra\u00bb-ropene gjaller fra kvartal til kvartal, blir kanskje mer \u00abvip, vip hurra\u00bb for Oslos festarrang\u00f8rer.<\/p>\n<p>For i \u00e5r, som tidligere \u00e5r, er det tilsynelatende stor rift om de mest eksklusive bordpakkene til 17. mai-feiringen.<\/p>\n<p>    <a itemprop=\"url\" href=\"https:\/\/www.dagbladet.no\/nyheter\/ingen-far-det\/84628277\" rel=\"nofollow noopener\" target=\"_blank\"><\/p>\n<p>        <img loading=\"lazy\" decoding=\"async\" src=\"https:\/\/www.europesays.com\/no\/wp-content\/uploads\/2026\/05\/1778955792_618_84629013.webp.webp\" width=\"980\" height=\"441\" alt=\"\" class=\"lazyload\" style=\"--aspect-ratio-image: 2.22; \"\/><\/p>\n<p>        &#8211; Ingen f\u00e5r det<\/p>\n<p>    <\/a><\/p>\n<p>\u00abVery, very important person\u00bb\t<\/p>\n<p>Et eksempel er Nasjonalfesten p\u00e5 cruisekaia. Om du brenner inne med noen kroner du gjerne skulle brukt p\u00e5 fest og moro, s\u00e5 koster den dyreste VVIP-pakken 40 000 kroner.\u00a0<\/p>\n<p>Da sikrer man seg et bord til 15 personer, og en solid drikkemeny som best\u00e5r av 50 drinker, 15 Hard Seltzer, 15 flaske\u00f8l, to 0,75 liter champagne og en treliter med ros\u00e9vin.<\/p>\n<p>        Har du planer om \u00e5 bli festens midtpunkt p\u00e5 17. mai? Slik sabler du champagne, ogs\u00e5 uten sabel! Video: Embla Hjort-Larsen \/ Silja Furset. <\/p>\n<p>Andreas Farup-Hansen hos Iconic Group, som arrangerer \u00abNasjonalfesten p\u00e5 cruisekaia\u00bb, forteller at de har solgt ut nesten alle bordpakkene, ogs\u00e5 de aller dyreste.<\/p>\n<p>&#8211; Det er noe av det som g\u00e5r f\u00f8rst. Det er noen som synes det er morsomt \u00e5 dra p\u00e5 litt p\u00e5 17. mai. Da f\u00e5r du ogs\u00e5 en base, det er lounger, du f\u00e5r en drikkepakke og plassering rett ved scenen, sier Farup-Hansen og fortsetter:<\/p>\n<p class=\"font-weight-bold m-font-weight-bold\" data-lab-font_weight=\"font-weight-bold\">&#8211; Det er klart det er mye penger, men n\u00e5r du er 15 personer s\u00e5 blir det ikke s\u00e5 galt for dem som liker det lille ekstra.<\/p>\n<p>I tillegg til servering av drikkevarer, disker de ogs\u00e5 opp med artister og DJ-set.<\/p>\n<p>    <a itemprop=\"url\" href=\"https:\/\/borsen.dagbladet.no\/nyheter\/vil-ha-billigere-utepils\/84615282\" rel=\"nofollow noopener\" target=\"_blank\"><\/p>\n<p>        <img loading=\"lazy\" decoding=\"async\" src=\"https:\/\/www.europesays.com\/no\/wp-content\/uploads\/2026\/05\/84616071.webp.webp\" width=\"980\" height=\"441\" alt=\"\" class=\"lazyload\" style=\"--aspect-ratio-image: 2.22; \"\/><\/p>\n<p>        Vil ha billigere utepils<\/p>\n<p>    <\/a><\/p>\n<p>&#8211; St\u00f8rre konkurranse\t<\/p>\n<p>Nasjonalfesten p\u00e5 cruisekaia er ny av \u00e5ret, men det er ikke 17. mai-feiringen p\u00e5 Taket Steen og Str\u00f8m. Der innr\u00f8mmer de at de merker at konkurransen om feststemte 17. mai-gjester blir stadig t\u00f8ffere.<\/p>\n<p>&#8211; Vi er p\u00e5 v\u00e5rt tiende \u00e5r, og de f\u00f8rste \u00e5rene, egentlig helt fram til pandemien, s\u00e5 var vi en av veldig f\u00e5 som gjorde 17. mai-feiringer i denne skalaen. N\u00e5 har det kommet inn andre akt\u00f8rer og st\u00f8rre akt\u00f8rer, som har mer kapasitet enn oss, sier daglig leder\u00a0Varun Agnihotri.<\/p>\n<p>Han tror likevel markedet er stort nok til at det g\u00e5r bra, og sier at de har hatt veldig god p\u00e5gang &#8211; etter hvert.<\/p>\n<p class=\"font-weight-bold m-font-weight-bold\" data-lab-font_weight=\"font-weight-bold\">&#8211; Hadde du ringt meg for en m\u00e5ned siden hadde jeg nok hatt noia og v\u00e6rt mer nerv\u00f8s. Men n\u00e5 har vi solgt ut alle bordene. Etter at VIP-bordene er solgt ut, er det bare det vanlige billettsalget igjen, sier Agnihotri.<\/p>\n<p class=\"italic m-italic\" data-lab-italic=\"italic\">&#8211; Men det er mer konkurranse n\u00e5?<\/p>\n<p>&#8211; Det er det ikke tvil om. Konkurransen har blitt st\u00f8rre og hardere de siste fire \u00e5ra, men ikke s\u00e5 stor som i \u00e5r.<\/p>\n<p>    <a itemprop=\"url\" href=\"https:\/\/www.dagbladet.no\/nyheter\/dette-kan-du-glemme\/84614029\" rel=\"nofollow noopener\" target=\"_blank\"><\/p>\n<p>        <img loading=\"lazy\" decoding=\"async\" src=\"https:\/\/www.europesays.com\/no\/wp-content\/uploads\/2026\/05\/84614636.webp.webp\" width=\"980\" height=\"441\" alt=\"\" class=\"lazyload\" style=\"--aspect-ratio-image: 2.22; \"\/><\/p>\n<p>        Dette kan du glemme<\/p>\n<p>    <\/a><\/p>\n<p>Har senket prisen\t<\/p>\n<p>N\u00e5r det gjelder prisene p\u00e5 bordpakkene, s\u00e5 har Taket skrudd ned prisene i \u00e5r, heller enn \u00e5 skru opp. Den dyreste pakka, som er beregnet for fra 21 til 30 personer, koster 40 000.<\/p>\n<p>&#8211; Vi har senket prisene p\u00e5 de tidspunktene det ikke er s\u00e5 stort tr\u00f8kk p\u00e5. Den f\u00f8rste bordsettingen, helt fra morgenen, er ikke like popul\u00e6r. Der har vi senket prisene og gjort det litt mer overkommelig for folk. Da kommer folk kanskje rett fra champagnefrokost, og er ikke klar for drikkepakka, sier Agnihotri.<\/p>\n<p class=\"font-weight-bold m-font-weight-bold\" data-lab-font_weight=\"font-weight-bold\">Han mener samtidig at man f\u00e5r mye for pengene om man punger ut 40 000 for et bord.<\/p>\n<p>&#8211; Hvis man deler summen p\u00e5 antallet man har lov til \u00e5 v\u00e6re p\u00e5 det bordet, s\u00e5 er prisen p\u00e5 bordet det samme om man er 10 eller 40. Totalsummen er st\u00f8rre, men det er flere \u00e5 fordele den p\u00e5, sier\u00a0Agnihotri.<\/p>\n<p>    <a itemprop=\"url\" href=\"https:\/\/www.dagbladet.no\/annonse\/den-store-17mai-guiden-til-familien\/84596223\" rel=\"nofollow noopener\" target=\"_blank\"><\/p>\n<p>        <img loading=\"lazy\" decoding=\"async\" src=\"https:\/\/www.europesays.com\/no\/wp-content\/uploads\/2026\/05\/84598259.webp.webp\" width=\"980\" height=\"441\" alt=\"\" class=\"lazyload\" style=\"--aspect-ratio-image: 2.22; \"\/><\/p>\n<p>        Den store 17.mai-guiden til familien<\/p>\n<p>    <\/a><\/p>\n<p>Konkurransefortrinn: Har tak\t<\/p>\n<p>Ogs\u00e5 han trekker fram at fordelen er at man har sikret seg et omr\u00e5de der man kan f\u00e5 litt ro, slipper \u00e5 st\u00e5 i k\u00f8, har en forh\u00e5ndsdefinert drikkepakke og at man kan bestille ved bordet.<\/p>\n<p class=\"font-weight-bold m-font-weight-bold\" data-lab-font_weight=\"font-weight-bold\">&#8211; Det \u00e5 komme seg til baren p\u00e5 en s\u00e5nn dag er jo en idrett i seg selv, sier Agnihotri, og legger til at deres konkurransefortrinn er at \u00abdersom v\u00e6ret skulle snu og det b\u00f8tter ned, s\u00e5 kan vi ha b\u00e5de \u00e5pent og lukket tak\u00bb<\/p>\n<p>At det er mye konkurranse, har de merket seg p\u00e5 Nasjonalfesten p\u00e5 cruisekaia ogs\u00e5.<\/p>\n<p>&#8211; Det er det absolutt. Det er mange akt\u00f8rer og mange som har funnet ut at folk har betalingsvilje, og at man kan tjene litt penger p\u00e5 17. mai, sier Farup-Hansen.<\/p>\n<p>    <a itemprop=\"url\" href=\"https:\/\/www.dagbladet.no\/nyheter\/dukker-opp-pa-17-mai\/84592452\" rel=\"nofollow noopener\" target=\"_blank\"><\/p>\n<p>        <img loading=\"lazy\" decoding=\"async\" src=\"https:\/\/www.europesays.com\/no\/wp-content\/uploads\/2026\/05\/1778955796_825_84592476.webp.webp\" width=\"980\" height=\"441\" alt=\"\" class=\"lazyload\" style=\"--aspect-ratio-image: 2.22; \"\/><\/p>\n<p>        Dukker opp p\u00e5 17. mai<\/p>\n<p>    <\/a><\/p>\n<p>&#8211; Stor p\u00e5gang\t<\/p>\n<p>P\u00e5 Lawo Terasse i Spikersuppa selger de ikke bordpakker for femsifrede bel\u00f8p.<\/p>\n<p>De har noen f\u00e5 billetter igjen til 17. mai-feringen, som for anledningen sparkes i gang allerede klokka 09.<\/p>\n<p>I fjor \u00e5pnet Oslo kommune for at skjenkesteder kunne f\u00e5 \u00e5pne kranene allerede fra klokka 08.00 p\u00e5 17. mai &#8211; mot klokka 12.00 som det var f\u00f8r.<\/p>\n<p>Da droppet Lawo Terasse frokostserveringen, og \u00e5pnet klokka 11.\u00a0<\/p>\n<p class=\"font-weight-bold m-font-weight-bold\" data-lab-font_weight=\"font-weight-bold\">&#8211; Vi opplever stor p\u00e5gang fra tidlig av, og vi \u00e5pner derfor d\u00f8rene klokka 09.00 i \u00e5r med frokostservering, sier Gabriel Lilleberg, sjef for markedsf\u00f8ring i Rekom, som eier Lawo Terasse.<\/p>\n<p class=\"italic m-italic\" data-lab-italic=\"italic\">&#8211; Andre melder om at de merker \u00f8kt konkurranse. Er det noe dere registrerer ogs\u00e5?<\/p>\n<p>&#8211; Det er mye som skjer i Oslo i \u00e5r. Lawo Terasse er imidlertid f\u00f8rstevalget til veldig mange, og vi har derfor ikke merket s\u00e5 mye til konkurransen fra andre.<\/p>\n<p>    <a itemprop=\"url\" href=\"https:\/\/www.dagbladet.no\/nyheter\/17-mai-krise-forsvinner\/84555112\" rel=\"nofollow noopener\" target=\"_blank\"><\/p>\n<p>        <img loading=\"lazy\" decoding=\"async\" src=\"https:\/\/www.europesays.com\/no\/wp-content\/uploads\/2026\/05\/1778955797_24_84575339.webp.webp\" width=\"980\" height=\"441\" alt=\"\" class=\"lazyload\" style=\"--aspect-ratio-image: 2.22; \"\/><\/p>\n<p>        17. mai-krise: Forsvinner<\/p>\n<p>    <\/a><\/p>\n<p>Burger, \u00f8l og champagne\t<\/p>\n<p>Ogs\u00e5 Lekter&#8217;n p\u00e5 Aker Brygge melder at nesten alle bordpakkene er solgt &#8211; de dyreste koster dr\u00f8ye 2000 kroner.\u00a0<\/p>\n<p>&#8211; Det er ingen tvil om at konkurransen er t\u00f8ff, men Lekter&#8217;n er heldigvis fortsatt Oslos mest popul\u00e6re 17. mai-destinasjon, sier Markus Gjelseth til B\u00f8rsen, og opplyser at de har solgt over 1000 billetter til nasjonaldagsfeiringen.<\/p>\n<p>Sammen med broren Joppe driver han Mat &amp; Drikke Gruppen, som eier og driver flere steder &#8211; deriblant Lekter&#8217;n, som fyller 40 \u00e5r i \u00e5r.<\/p>\n<p>&#8211; Vi skal videref\u00f8re de lange tradisjonene med \u00e5 servere champagne, \u00f8l og burgere til en festglad gjeng, sier Gjelseth.<\/p>\n","protected":false},"excerpt":{"rendered":"Mens barnetogene snirkler seg gjennom Oslos gater p\u00e5 17. mai og \u00abhipp, hipp hurra\u00bb-ropene gjaller fra kvartal til&hellip;\n","protected":false},"author":2,"featured_media":239682,"comment_status":"","ping_status":"","sticky":false,"template":"","format":"standard","meta":{"footnotes":"","_share_on_mastodon":"0"},"categories":[56],"tags":[14670,60,61,1176,62,30,28,29,14],"class_list":["post-239681","post","type-post","status-publish","format-standard","has-post-thumbnail","category-naeringsliv","tag-17-mai","tag-business","tag-economy","tag-fest","tag-naeringsliv","tag-no","tag-norge","tag-norway","tag-nyheter"],"share_on_mastodon":{"url":"https:\/\/pubeurope.com\/@no\/116585654702256872","error":""},"_links":{"self":[{"href":"https:\/\/www.europesays.com\/no\/wp-json\/wp\/v2\/posts\/239681","targetHints":{"allow":["GET"]}}],"collection":[{"href":"https:\/\/www.europesays.com\/no\/wp-json\/wp\/v2\/posts"}],"about":[{"href":"https:\/\/www.europesays.com\/no\/wp-json\/wp\/v2\/types\/post"}],"author":[{"embeddable":true,"href":"https:\/\/www.europesays.com\/no\/wp-json\/wp\/v2\/users\/2"}],"replies":[{"embeddable":true,"href":"https:\/\/www.europesays.com\/no\/wp-json\/wp\/v2\/comments?post=239681"}],"version-history":[{"count":0,"href":"https:\/\/www.europesays.com\/no\/wp-json\/wp\/v2\/posts\/239681\/revisions"}],"wp:featuredmedia":[{"embeddable":true,"href":"https:\/\/www.europesays.com\/no\/wp-json\/wp\/v2\/media\/239682"}],"wp:attachment":[{"href":"https:\/\/www.europesays.com\/no\/wp-json\/wp\/v2\/media?parent=239681"}],"wp:term":[{"taxonomy":"category","embeddable":true,"href":"https:\/\/www.europesays.com\/no\/wp-json\/wp\/v2\/categories?post=239681"},{"taxonomy":"post_tag","embeddable":true,"href":"https:\/\/www.europesays.com\/no\/wp-json\/wp\/v2\/tags?post=239681"}],"curies":[{"name":"wp","href":"https:\/\/api.w.org\/{rel}","templated":true}]}}