{"id":239870,"date":"2026-05-16T22:28:13","date_gmt":"2026-05-16T22:28:13","guid":{"rendered":"https:\/\/www.europesays.com\/no\/239870\/"},"modified":"2026-05-16T22:28:13","modified_gmt":"2026-05-16T22:28:13","slug":"stromsgodset-fotball-i-kveld-huska-jeg-hvorfor-jeg-elsker-fotball","status":"publish","type":"post","link":"https:\/\/www.europesays.com\/no\/239870\/","title":{"rendered":"Str\u00f8msgodset, Fotball | I kveld huska jeg hvorfor jeg elsker fotball"},"content":{"rendered":"\n<p><b>Det rant inn. <\/b><\/p>\n<p><b>Alt starta med<\/b> et idiotisk straffespark etter et par minutter.<\/p>\n<p><b>\u00d8rten brente sjanser<\/b>, ingen uttelling. Det murra p\u00e5 stadion. Till\u00f8p til buing fra publikum da gutta gikk i garderoben.<\/p>\n<p><b>Da det tredje m\u00e5let til Ranheim rant inn<\/b> og Godset s\u00e5 ut som en passiv gjeng som hadde gitt opp, skal jeg \u00e6rlig innr\u00f8mme at en liten flik av meg tenkte:<\/p>\n<p><b>\u00abFy faen, dette orker jeg ikke mer.\u00bb<\/b><\/p>\n<p><b>Jeg tipper jeg ikke<\/b> var alene p\u00e5 Marienlyst.<\/p>\n<p><b>Der og da, <\/b>p\u00e5 selveste fotballens festdag, spilte hjernen min av filmen om en ny drittsesong.<\/p>\n<p><b>Jeg s\u00e5 for meg flere m\u00e5neder<\/b> med middelm\u00e5dighet, t\u00f8ffe h\u00f8stdager og sm\u00e5sure, pliktoppfylte intervjuer i pressesonen hver bidige helg.<\/p>\n<p><b>Det f\u00f8ltes s\u00e5 uendelig tungt.<\/b> Slik det s\u00e5 ofte gj\u00f8r n\u00e5r fotballen viser sin aller m\u00f8rkeste side.<\/p>\n<p><b>S\u00e5 snudde alt.<\/b> Til det sykeste jeg kan huske \u00e5 ha opplevd p\u00e5 denne stadionen p\u00e5 mange, mange \u00e5r.<\/p>\n<p><b>Det som skjedde ute<\/b> p\u00e5 matta i andre omgang, handler om mer enn taktiske justeringer. Det handler om den uforklarlige, mentale mekanismen som kun finnes i fotball.<\/p>\n<p><b>Marcus Mehnert. <\/b><\/p>\n<p><b>Han fortalte at han<\/b> plukket opp ballen p\u00e5 0\u20133, s\u00e5 Sebastian Pingel inn i \u00f8ynene og sa: \u00abVi kommer til \u00e5 snu det.\u00bb Det er en form for breial, nesten naiv tro, som du enten m\u00e5 elske eller riste p\u00e5 hodet av. Men han mente det. Jeg m\u00e5tte sp\u00f8rre ham flere ganger om det var sant, men det var ikke noen l\u00f8gn i \u00f8ya p\u00e5 Mehnert.<\/p>\n<p><b>Pingel trodde p\u00e5 det. Gutta trodde p\u00e5 det.<\/b><\/p>\n<p><b>Og p\u00e5 venstrebacken <\/b>sto Victor Dedes og pisket innlegg etter innlegg.<\/p>\n<p><b>Den danske unggutten<\/b> la ikke skjul p\u00e5 at det var t\u00f8ft: \u00abDet skal jeg ikke st\u00e5 og lyve om, man har det t\u00f8ft mentalt p\u00e5 0-3\u00bb innr\u00f8mmet han etterp\u00e5.<\/p>\n<p><b>Men da Fredrik Ardraa<\/b>, som spilte nesten hele kampen med en l\u00e5rh\u00f8ne som stivnet mer og mer for hvert minutt, banket inn 3\u20133, var eksplosjonen p\u00e5 Marienlyst stadion et faktum.<\/p>\n<p><b>Men idrett er ingen dans p\u00e5 roser. <\/b>Ranheim gikk i angrep. En uforst\u00e5elig situasjon der Godset satte ballen i eget m\u00e5l og \u00f8dela hele festen til 3-4.<\/p>\n<p><b>S\u00e5 dukker jammen Ardraa opp igjen. <\/b><\/p>\n<p><b>Slutt p\u00e5 tullet. Han bare limte ballen i krysset, han.<\/b><\/p>\n<p><b>\u00abJeg har aldri truffet s\u00e5nn i hele mitt liv\u00bb<\/b>, sa 19-\u00e5ringen etterp\u00e5. Det var et \u00f8yeblikk av ren magi, skapt av en spiller som var s\u00e5 tom for krefter at han m\u00e5tte hinke av banen like etterp\u00e5.<\/p>\n<p><b>N\u00e5r Marcus Mehnert til slutt<\/b> satte spikeren i kista til 5\u20134, var det som et prisvinnende drama som blir spilt inn p\u00e5 Gateway studios.<\/p>\n<p><b>Mehnert selv var s\u00e5 full av <\/b>kramper at han knapt skj\u00f8nte hvordan han klarte \u00e5 l\u00f8pe bort til supporterne for \u00e5 feire.<\/p>\n<p><b>Men han hadde b\u00e5ret Godsets<\/b> angrep i 90 minutter. Pr\u00f8ve, og feile. Pr\u00f8ve, og feile.<\/p>\n<p><b>Jeg satt igjen<\/b> p\u00e5 pressetribunen, s\u00e5 utover et kokende stadion, og kjente g\u00e5sehuden reise seg.<\/p>\n<p><b>Denne kvelden minte<\/b> meg p\u00e5 hvorfor fotball er s\u00e5 vanvittig bra.<\/p>\n<p><b>Det handler ikke om liganavn.<\/b><\/p>\n<p><b>Uansett om det er Obos-ligaen<\/b> eller Champions League: F\u00f8lelsene er n\u00f8yaktig de samme. Den intense smerten ved \u00e5 ligge under 0\u20133, og den ubeskrivelige, nesten vektl\u00f8se gleden over \u00e5 snu det til 5\u20134.<\/p>\n<p><b>Takk for p\u00e5minnelsen, Godset. <\/b><\/p>\n<p><b>Jeg lover \u00e5 ikke tvile igjen. <\/b><\/p>\n<p><b>I hvert fall ikke f\u00f8r p\u00e5 onsdag.<\/b><\/p>\n","protected":false},"excerpt":{"rendered":"Det rant inn. Alt starta med et idiotisk straffespark etter et par minutter. \u00d8rten brente sjanser, ingen uttelling.&hellip;\n","protected":false},"author":2,"featured_media":239871,"comment_status":"","ping_status":"","sticky":false,"template":"","format":"standard","meta":{"footnotes":"","_share_on_mastodon":"0"},"categories":[59],"tags":[36,92,156,30,28,29,1533,83,82,3325],"class_list":["post-239870","post","type-post","status-publish","format-standard","has-post-thumbnail","category-sport","tag-art","tag-fotball","tag-meninger","tag-no","tag-norge","tag-norway","tag-opinion","tag-sport","tag-sports","tag-stromsgodset"],"share_on_mastodon":{"url":"https:\/\/pubeurope.com\/@no\/116586617577532516","error":""},"_links":{"self":[{"href":"https:\/\/www.europesays.com\/no\/wp-json\/wp\/v2\/posts\/239870","targetHints":{"allow":["GET"]}}],"collection":[{"href":"https:\/\/www.europesays.com\/no\/wp-json\/wp\/v2\/posts"}],"about":[{"href":"https:\/\/www.europesays.com\/no\/wp-json\/wp\/v2\/types\/post"}],"author":[{"embeddable":true,"href":"https:\/\/www.europesays.com\/no\/wp-json\/wp\/v2\/users\/2"}],"replies":[{"embeddable":true,"href":"https:\/\/www.europesays.com\/no\/wp-json\/wp\/v2\/comments?post=239870"}],"version-history":[{"count":0,"href":"https:\/\/www.europesays.com\/no\/wp-json\/wp\/v2\/posts\/239870\/revisions"}],"wp:featuredmedia":[{"embeddable":true,"href":"https:\/\/www.europesays.com\/no\/wp-json\/wp\/v2\/media\/239871"}],"wp:attachment":[{"href":"https:\/\/www.europesays.com\/no\/wp-json\/wp\/v2\/media?parent=239870"}],"wp:term":[{"taxonomy":"category","embeddable":true,"href":"https:\/\/www.europesays.com\/no\/wp-json\/wp\/v2\/categories?post=239870"},{"taxonomy":"post_tag","embeddable":true,"href":"https:\/\/www.europesays.com\/no\/wp-json\/wp\/v2\/tags?post=239870"}],"curies":[{"name":"wp","href":"https:\/\/api.w.org\/{rel}","templated":true}]}}