{"id":239927,"date":"2026-05-17T01:47:13","date_gmt":"2026-05-17T01:47:13","guid":{"rendered":"https:\/\/www.europesays.com\/no\/239927\/"},"modified":"2026-05-17T01:47:13","modified_gmt":"2026-05-17T01:47:13","slug":"melding-i-natt-2","status":"publish","type":"post","link":"https:\/\/www.europesays.com\/no\/239927\/","title":{"rendered":"Melding i natt"},"content":{"rendered":"<p>    Det ulmer i den portugisiske storklubben etter en turbulent sesong. &#8211; Jeg forst\u00e5r ikke, sier anerkjent portugisisk journalist.<\/p>\n<p>\n    KAN SKILLE LAG: Jos\u00e9 Mourinho er sterkt linket til Real Madrid. Foto: Scott Heppell \/ Reuters \/ NTB\n  <\/p>\n<ul>\n<li class=\"lab-bodytext-line font-weight-bold m-font-weight-bold\" data-lab-font_weight=\"font-weight-bold\">Estoril &#8211; Benfica 0-3 (0-3)<\/li>\n<\/ul>\n<p>Jos\u00e9 Mourinho (63), Fredrik Aursnes (30), Andreas Schjelderup (21) og Benfica fikk en str\u00e5lende avslutning p\u00e5 \u00e5rets sesong. Det holdt likevel ikke til \u00e5 redde et turbulent \u00e5r i den portugisiske hovedstaden.<\/p>\n<p>L\u00f8rdag kveld ble det klart at storlaget mistet sjansen til \u00e5 spille Champions League neste sesong, mens Jos\u00e9 Mourinho er sterkt koblet til en Real Madrid retur. Det fikk han naturligvis sp\u00f8rsm\u00e5l om p\u00e5 pressekonferansen i natt.<\/p>\n<p class=\"font-weight-bold m-font-weight-bold\" data-lab-font_weight=\"font-weight-bold\">&#8211;\u00a0De siste ukene har jeg ikke \u00f8nsket \u00e5 dvele ved framtida, eller hva som blir sagt og ikke sagt, men ingen av oss er dumme. Det er \u00e5penbart noe som skjer, men det er ingen signert kontrakt, ingen kontrakt p\u00e5 bordet, ingen samtaler mellom meg og presidenten i Real Madrid, bedyrer Mourinho if\u00f8lge <a href=\"https:\/\/www.abola.pt\/noticias\/benfica-mourinho-nao-afasta-a-continuidade-mas-ninguem-e-parvo-e-o-seixal-esta-pronto-2026051622192379101\" target=\"_blank\" rel=\"nofollow noopener\">A Bola<\/a>.<\/p>\n<p data-lab-font_weight=\"\">63-\u00e5ringen la ogs\u00e5 til at det finnes en klausul i kontrakten hans som gj\u00f8r at han kan dra fra Benfica dersom han selv \u00f8nsker det.<\/p>\n<p data-lab-font_weight=\"\">B\u00e5de et eventuelt trenerbytte og manglende Champions League-spill kan skape stor usikkerhet for Aursnes, Schjelderup og co.\u00a0<\/p>\n<p>        <img loading=\"lazy\" decoding=\"async\" src=\"https:\/\/www.europesays.com\/no\/wp-content\/uploads\/2026\/05\/84633929.webp.webp\" width=\"667\" height=\"381\" alt=\"\" class=\"\" style=\"--aspect-ratio-image: 1.75; \"\/><\/p>\n<p>\n        INGEN CHAMPIONS LEAGUE: Det er nedtur for de to nordmennene i klubben. Foto: Joao Gregorio \/ ZUMA Press Wire \/ Shutterstock \/ NTB\n    <\/p>\n<p>&#8211; Katastrofe\t<\/p>\n<p>I tillegg til ryktene rundt Mourinho har styret som har v\u00e6rt rundt <a href=\"https:\/\/www.dagbladet.no\/sport\/kamp-stoppet\/84251586\" target=\"_blank\" rel=\"nofollow noopener\">Gianluca Prestiannis rasisme-sak<\/a>, og at b\u00e6rebjelke Nicolas Otamendi gir seg i klubben, f\u00f8rt til misn\u00f8ye blant supporterne. Det har blitt til en klagestorm mot ledelsen i den portugisiske storklubben.<\/p>\n<p>&#8211; N\u00e5r det kommer til kommunikasjon, er det en katastrofe, sa den portugisiske journalisten og kommentatoren Pedro Sousa i en TV-debatt hos <a href=\"https:\/\/www.youtube.com\/watch?v=mPVASyMg0is\" target=\"_blank\" rel=\"nofollow noopener\">NOW Canal<\/a> tidligere i uka.<\/p>\n<p>Situasjonen i Benfica ble omtalt som \u00abkrise\u00bb. Kritikken er spesielt rettet mot klubbens kommunikasjon rundt Mourinhos framtid i klubben, men ogs\u00e5 spilleres kontrakter.<\/p>\n<p>&#8211; Det gir ingen mening. Jeg forst\u00e5r ikke strategien deres &#8211; om der er en, sier Sousa.<\/p>\n<p>99 prosent sikkert\t<\/p>\n<p>Dersom Mourinho skulle forsvinne, er det uvisst hva som skjer med Aursnes og Schjelderup. Begge har v\u00e6rt b\u00e6rebjelker i Benfica under den pragmatiske treneren, og spesielt sistnevnte fikk en helt ny v\u00e5r i klubben da Mourinho gjorde sitt inntog.<\/p>\n<p>        <img loading=\"lazy\" decoding=\"async\" src=\"https:\/\/www.europesays.com\/no\/wp-content\/uploads\/2026\/05\/84633930.webp.webp\" width=\"980\" height=\"559\" alt=\"\" class=\"\" style=\"--aspect-ratio-image: 1.75; \"\/><\/p>\n<p>\n        KAN FORLATE KLUBBEN: Jos\u00e9 Mourinho kan gj\u00f8re comeback i Real Madrid. Foto: Rodrigo Antunes \/ Reuters \/ NTB\n    <\/p>\n<p>Schjelderup har en kontrakt som strekker seg til sommeren 2028, mens Aursnes&#8217; kontrakt varer sommeren etter.<\/p>\n<p>Det som uansett er sikkert, er at det ikke blir Champions League p\u00e5 storklubben til neste sesong. De m\u00e5 heller ut i kvalifisering til Europa League. Mourinho p\u00e5st\u00e5r ogs\u00e5:<\/p>\n<p>&#8211; Akkurat n\u00e5 er det 99 prosent sikkert at jeg blir v\u00e6rende i Benfica.<\/p>\n<p>B\u00e5de Aursnes og Schjelderup er ventet \u00e5 bli tatt ut til St\u00e5le Solbakkens VM-tropp. Det uttaket blir gjort 21. mai.<\/p>\n<p class=\"font-weight-bold m-font-weight-bold italic m-italic\" data-lab-font_weight=\"font-weight-bold\" data-lab-italic=\"italic\">Mener du Aursnes og Schjelderup b\u00f8r til VM? Ta ut DITT lag her:<\/p>\n","protected":false},"excerpt":{"rendered":"Det ulmer i den portugisiske storklubben etter en turbulent sesong. &#8211; Jeg forst\u00e5r ikke, sier anerkjent portugisisk journalist.&hellip;\n","protected":false},"author":2,"featured_media":239928,"comment_status":"","ping_status":"","sticky":false,"template":"","format":"standard","meta":{"footnotes":"","_share_on_mastodon":"0"},"categories":[59],"tags":[4761,8480,92,4762,3705,30,28,29,83,82],"class_list":["post-239927","post","type-post","status-publish","format-standard","has-post-thumbnail","category-sport","tag-andreas-schjelderup","tag-benfica","tag-fotball","tag-fredrik-aursnes","tag-jose-mourinho","tag-no","tag-norge","tag-norway","tag-sport","tag-sports"],"share_on_mastodon":{"url":"https:\/\/pubeurope.com\/@no\/116587400205351726","error":""},"_links":{"self":[{"href":"https:\/\/www.europesays.com\/no\/wp-json\/wp\/v2\/posts\/239927","targetHints":{"allow":["GET"]}}],"collection":[{"href":"https:\/\/www.europesays.com\/no\/wp-json\/wp\/v2\/posts"}],"about":[{"href":"https:\/\/www.europesays.com\/no\/wp-json\/wp\/v2\/types\/post"}],"author":[{"embeddable":true,"href":"https:\/\/www.europesays.com\/no\/wp-json\/wp\/v2\/users\/2"}],"replies":[{"embeddable":true,"href":"https:\/\/www.europesays.com\/no\/wp-json\/wp\/v2\/comments?post=239927"}],"version-history":[{"count":0,"href":"https:\/\/www.europesays.com\/no\/wp-json\/wp\/v2\/posts\/239927\/revisions"}],"wp:featuredmedia":[{"embeddable":true,"href":"https:\/\/www.europesays.com\/no\/wp-json\/wp\/v2\/media\/239928"}],"wp:attachment":[{"href":"https:\/\/www.europesays.com\/no\/wp-json\/wp\/v2\/media?parent=239927"}],"wp:term":[{"taxonomy":"category","embeddable":true,"href":"https:\/\/www.europesays.com\/no\/wp-json\/wp\/v2\/categories?post=239927"},{"taxonomy":"post_tag","embeddable":true,"href":"https:\/\/www.europesays.com\/no\/wp-json\/wp\/v2\/tags?post=239927"}],"curies":[{"name":"wp","href":"https:\/\/api.w.org\/{rel}","templated":true}]}}