{"id":240237,"date":"2026-05-17T15:20:17","date_gmt":"2026-05-17T15:20:17","guid":{"rendered":"https:\/\/www.europesays.com\/no\/240237\/"},"modified":"2026-05-17T15:20:17","modified_gmt":"2026-05-17T15:20:17","slug":"17-mai-nasjonaldag-send-oss-dine-17-mai-bilder","status":"publish","type":"post","link":"https:\/\/www.europesays.com\/no\/240237\/","title":{"rendered":"17. mai, Nasjonaldag | Send oss dine 17. mai-bilder"},"content":{"rendered":"\n<p>Nasjonaldagen er her og vi i Avisa Nordland \u00f8nsker \u00e5 dele v\u00e5re leseres 17. mai-bilder. Send oss et bilde og en liten beskrivelse av hvordan feiringen er for dere til:<\/p>\n<p><b>tips@an.no<\/b><\/p>\n<p>Bildene vil legges inn i denne saken, \u00e5pen for alle.<\/p>\n<p>Gratulerer med dagen!<\/p>\n<p>  <a data-static=\"\" href=\"#skip-\" class=\"brick-c-fgNmNC\">Hopp over karusellen.<\/a><\/p>\n<p data-static=\"\" class=\"brick-c-fgNmNC\" id=\"carousel-title-\">Innholdskarusell med 12 artikler.<\/p>\n<ul data-static=\"\" aria-label=\"Navigasjon for innholdskarusell\" class=\"carousel-nav\">\n<li>\n<\/li>\n<li>\n<\/li>\n<\/ul>\n<ul data-static=\"\" class=\"contents-wrapper\" data-contents-wrapper=\"\" tabindex=\"0\" data-min-slides-to-show=\"1\" aria-label=\"Skrollbart innhold\">\n<li data-static=\"\" data-content-wrapper=\"\" data-content-item=\"\" tabindex=\"-1\" aria-label=\"Artikkel 1\">\n<p>   <img decoding=\"async\" width=\"1054\" height=\"1739\" fetchpriority=\"low\"  loading=\"lazy\"  src=\"https:\/\/www.europesays.com\/no\/wp-content\/uploads\/2026\/05\/unnamed+%286%29.jpg\" alt=\"\" class=\"brick-c-cFOWSL\" style=\"--brick-image-ratio: 1054 \/ 1739;\"\/><\/p>\n<p>Ariel Adeleine Nilsen og Alex Ellingsen \u00f8nsker alle en god 17. mai. <\/p>\n<p>Foto: Rune Nilsen<\/p>\n<\/li>\n<li data-static=\"\" data-content-wrapper=\"\" data-content-item=\"\" tabindex=\"-1\" aria-label=\"Artikkel 2\">\n<p>   <img decoding=\"async\" width=\"360\" height=\"640\" fetchpriority=\"low\"  loading=\"lazy\"  src=\"https:\/\/www.europesays.com\/no\/wp-content\/uploads\/2026\/05\/unnamed+%285%29.jpg\" alt=\"\" class=\"brick-c-cFOWSL\" style=\"--brick-image-ratio: 360 \/ 640;\"\/><\/p>\n<p>Monika og gjengen i Joviknes, S\u00f8rfold.<\/p>\n<p>Foto: Monika Knutsen<\/p>\n<\/li>\n<li data-static=\"\" data-content-wrapper=\"\" data-content-item=\"\" tabindex=\"-1\" aria-label=\"Artikkel 3\">\n<p>   <img decoding=\"async\" width=\"949\" height=\"1601\" fetchpriority=\"low\"  loading=\"lazy\"  src=\"https:\/\/www.europesays.com\/no\/wp-content\/uploads\/2026\/05\/unnamed+%284%29.jpg\" alt=\"\" class=\"brick-c-cFOWSL\" style=\"--brick-image-ratio: 949 \/ 1601;\"\/><\/p>\n<p>Hanna (101) feirer b\u00e5de nasjonaldagen og Glimt.<\/p>\n<p>Foto: Eva Kristin Helgesen<\/p>\n<\/li>\n<li data-static=\"\" data-content-wrapper=\"\" data-content-item=\"\" tabindex=\"-1\" aria-label=\"Artikkel 4\">\n<p>   <img decoding=\"async\" width=\"3024\" height=\"4032\" fetchpriority=\"low\"  loading=\"lazy\"  src=\"https:\/\/www.europesays.com\/no\/wp-content\/uploads\/2026\/05\/1779031214_614_image0.jpeg\" alt=\"\" class=\"brick-c-cFOWSL\" style=\"--brick-image-ratio: 3024 \/ 4032;\"\/><\/p>\n<p>Mina og matmor har sett skoletog p\u00e5 M\u00f8rkved og har en ellers rolig 17. mai.<\/p>\n<p>Foto: Astri Lund Eriksen<\/p>\n<\/li>\n<li data-static=\"\" data-content-wrapper=\"\" data-content-item=\"\" tabindex=\"-1\" aria-label=\"Artikkel 5\">\n<p>   <img decoding=\"async\" width=\"4000\" height=\"3000\" fetchpriority=\"low\"  loading=\"lazy\"  src=\"https:\/\/www.europesays.com\/no\/wp-content\/uploads\/2026\/05\/19648.jpg\" alt=\"\" class=\"brick-c-cFOWSL\" style=\"--brick-image-ratio: 4000 \/ 3000;\"\/><\/p>\n<p>Slik ser 17. mai-feiringen ut p\u00e5 Nordsia Oppvekstsenter i S\u00f8rfold.<\/p>\n<p>Foto: Bodil Synn\u00f8ve Wang<\/p>\n<\/li>\n<li data-static=\"\" data-content-wrapper=\"\" data-content-item=\"\" tabindex=\"-1\" aria-label=\"Artikkel 6\">\n<p>   <img decoding=\"async\" width=\"3024\" height=\"4032\" fetchpriority=\"low\"  loading=\"lazy\"  src=\"https:\/\/www.europesays.com\/no\/wp-content\/uploads\/2026\/05\/1779031215_952_unnamed+%282%29.jpg\" alt=\"\" class=\"brick-c-cFOWSL\" style=\"--brick-image-ratio: 3024 \/ 4032;\"\/><\/p>\n<p>Synn\u00f8ve, Ole Jonny, Berit og Jonny fikk servert pavlova i fergek\u00f8 p\u00e5 L\u00f8dingen.<\/p>\n<p>Foto: Synn\u00f8ve Ness Engan<\/p>\n<\/li>\n<li data-static=\"\" data-content-wrapper=\"\" data-content-item=\"\" tabindex=\"-1\" aria-label=\"Artikkel 7\">\n<p>   <img decoding=\"async\" width=\"4000\" height=\"2252\" fetchpriority=\"low\"  loading=\"lazy\"  src=\"https:\/\/www.europesays.com\/no\/wp-content\/uploads\/2026\/05\/20260513_185950%281%29.jpg\" alt=\"\" class=\"brick-c-cFOWSL\" style=\"--brick-image-ratio: 4000 \/ 2252;\"\/><\/p>\n<p>Hipp, hipp, hurra fra Turbo, Oreo og Caos.<\/p>\n<p>Foto: Hermine \u00c5rset\u00f8y<\/p>\n<\/li>\n<li data-static=\"\" data-content-wrapper=\"\" data-content-item=\"\" tabindex=\"-1\" aria-label=\"Artikkel 8\">\n<p>   <img decoding=\"async\" width=\"2316\" height=\"3088\" fetchpriority=\"low\"  loading=\"lazy\"  src=\"https:\/\/www.europesays.com\/no\/wp-content\/uploads\/2026\/05\/IMG_1875.jpeg\" alt=\"\" class=\"brick-c-cFOWSL\" style=\"--brick-image-ratio: 2316 \/ 3088;\"\/><\/p>\n<p>Nord-professor Anatoli Bourmistrov feirer nasjonaldagen i Busan, S\u00f8r-Korea.<\/p>\n<p>Foto: Privat<\/p>\n<\/li>\n<li data-static=\"\" data-content-wrapper=\"\" data-content-item=\"\" tabindex=\"-1\" aria-label=\"Artikkel 9\">\n<p>   <img decoding=\"async\" width=\"2160\" height=\"3840\" fetchpriority=\"low\"  loading=\"lazy\"  src=\"https:\/\/www.europesays.com\/no\/wp-content\/uploads\/2026\/05\/unnamed+%281%29.jpg\" alt=\"\" class=\"brick-c-cFOWSL\" style=\"--brick-image-ratio: 2160 \/ 3840;\"\/><\/p>\n<p>Lill Heidi og Ragnar Falch feirer 17. mai ved Valnesforsen.<\/p>\n<p>Foto: Privat<\/p>\n<\/li>\n<li data-static=\"\" data-content-wrapper=\"\" data-content-item=\"\" tabindex=\"-1\" aria-label=\"Artikkel 10\">\n<p>   <img decoding=\"async\" width=\"1080\" height=\"910\" fetchpriority=\"low\"  loading=\"lazy\"  src=\"https:\/\/www.europesays.com\/no\/wp-content\/uploads\/2026\/05\/Screenshot_20260517_124653_Gallery.jpg\" alt=\"\" class=\"brick-c-cFOWSL\" style=\"--brick-image-ratio: 1080 \/ 910;\"\/><\/p>\n<p>Fra 17. mai-toget p\u00e5 Tverlandet.<\/p>\n<p>Foto: Ann Kristin Kolden<\/p>\n<\/li>\n<li data-static=\"\" data-content-wrapper=\"\" data-content-item=\"\" tabindex=\"-1\" aria-label=\"Artikkel 11\"\/>\n<li data-static=\"\" data-content-wrapper=\"\" data-content-item=\"\" tabindex=\"-1\" aria-label=\"Artikkel 12\">\n<p>   <img decoding=\"async\" width=\"3000\" height=\"4000\" fetchpriority=\"low\"  loading=\"lazy\"  src=\"https:\/\/www.europesays.com\/no\/wp-content\/uploads\/2026\/05\/1779031217_380_unnamed+%283%29.jpg\" alt=\"\" class=\"brick-c-cFOWSL\" style=\"--brick-image-ratio: 3000 \/ 4000;\"\/><\/p>\n<p>Aleksander og Ylva feirer dagen sammen. <\/p>\n<p>Foto: Privat<\/p>\n<\/li>\n<\/ul>\n","protected":false},"excerpt":{"rendered":"Nasjonaldagen er her og vi i Avisa Nordland \u00f8nsker \u00e5 dele v\u00e5re leseres 17. mai-bilder. Send oss et&hellip;\n","protected":false},"author":2,"featured_media":4285,"comment_status":"","ping_status":"","sticky":false,"template":"","format":"standard","meta":{"footnotes":"","_share_on_mastodon":"0"},"categories":[5],"tags":[14670,36,20,21,24,25,1176,15,19,22,23,17,18,21820,13,30,28,29,14,16,1510,26,27],"class_list":["post-240237","post","type-post","status-publish","format-standard","has-post-thumbnail","category-overskrifter","tag-17-mai","tag-art","tag-breaking-news","tag-breakingnews","tag-featured-news","tag-featurednews","tag-fest","tag-headlines","tag-hovedoppslag","tag-latest-news","tag-latestnews","tag-main-news","tag-mainnews","tag-nasjonaldag","tag-news","tag-no","tag-norge","tag-norway","tag-nyheter","tag-overskrifter","tag-story","tag-top-stories","tag-topstories"],"share_on_mastodon":{"url":"https:\/\/pubeurope.com\/@no\/116590597428167812","error":""},"_links":{"self":[{"href":"https:\/\/www.europesays.com\/no\/wp-json\/wp\/v2\/posts\/240237","targetHints":{"allow":["GET"]}}],"collection":[{"href":"https:\/\/www.europesays.com\/no\/wp-json\/wp\/v2\/posts"}],"about":[{"href":"https:\/\/www.europesays.com\/no\/wp-json\/wp\/v2\/types\/post"}],"author":[{"embeddable":true,"href":"https:\/\/www.europesays.com\/no\/wp-json\/wp\/v2\/users\/2"}],"replies":[{"embeddable":true,"href":"https:\/\/www.europesays.com\/no\/wp-json\/wp\/v2\/comments?post=240237"}],"version-history":[{"count":0,"href":"https:\/\/www.europesays.com\/no\/wp-json\/wp\/v2\/posts\/240237\/revisions"}],"wp:featuredmedia":[{"embeddable":true,"href":"https:\/\/www.europesays.com\/no\/wp-json\/wp\/v2\/media\/4285"}],"wp:attachment":[{"href":"https:\/\/www.europesays.com\/no\/wp-json\/wp\/v2\/media?parent=240237"}],"wp:term":[{"taxonomy":"category","embeddable":true,"href":"https:\/\/www.europesays.com\/no\/wp-json\/wp\/v2\/categories?post=240237"},{"taxonomy":"post_tag","embeddable":true,"href":"https:\/\/www.europesays.com\/no\/wp-json\/wp\/v2\/tags?post=240237"}],"curies":[{"name":"wp","href":"https:\/\/api.w.org\/{rel}","templated":true}]}}