{"id":240318,"date":"2026-05-17T17:32:14","date_gmt":"2026-05-17T17:32:14","guid":{"rendered":"https:\/\/www.europesays.com\/no\/240318\/"},"modified":"2026-05-17T17:32:14","modified_gmt":"2026-05-17T17:32:14","slug":"17-mai-hurra-for-det-vi-har-og-er","status":"publish","type":"post","link":"https:\/\/www.europesays.com\/no\/240318\/","title":{"rendered":"17. mai | Hurra for det vi har og er"},"content":{"rendered":"\n<p><b>Stivpynting, hornmusikk <\/b>og sm\u00e5kleine tilrop fra vegkanten. Bunader som har krympa, strykejern p\u00e5 h\u00f8ygir og gode utsikter til gnags\u00e5r i finsko. Nyvaska, nypolert, nypussa. Dette er dagen vi alle skal skinne, og glemme nasjonalsporten for en stakket stund \u2013 du vet den vi nordmenn mestrer til perfeksjon:<\/p>\n<p>Jakta etter h\u00e5ret i suppa, selv n\u00e5r den er servert p\u00e5 gullfat og laget av en Michelin-kokk.<\/p>\n<p>For i dag, akkurat i dag, n\u00e5r bunadsspenna knaker, paraplyen er glemt igjen hjemme og isen smelter fortere enn gode intensjoner; da kan vi ta oss en liten pust i bakken \u2013 og si det som burde v\u00e6re selvsagt, men som vi sjelden f\u00e5r sagt h\u00f8yt nok:<\/p>\n<p><b>Hurra!<\/b><\/p>\n<p>Ja, <b>hurra <\/b>for at vi har et land der den st\u00f8rste bekymringa i en debatt ofte er om hvorvidt vi har for mye av noe. For mye oljepenger, for mange hytter, for mange elsparkesykler, for mye frihet til \u00e5 ytre seg \u2013 selv om det siste jo kan v\u00e6re en blandet velsignelse, skal innr\u00f8mmes. Det sitter temmelig langt inne \u00e5 rope \u00abhurra\u00bb n\u00e5r m\u00f8rket senker seg over kommentarfeltene, men da kan vi heller vifte litt ekstra for hen som sa det er forskjell p\u00e5 ytringsfrihet og ytringsplikt.<\/p>\n<p>Og s\u00e5 kan vi si <b>hurra<\/b> for alle oss som bor her i Namdalen. For alle de som klager p\u00e5 v\u00e6ret, p\u00e5 naboen, p\u00e5 kommunen, p\u00e5 fylkesvegen, p\u00e5 Helseplattformen, p\u00e5 skolekutt \u2013 men som likevel dukker opp p\u00e5 dugnad, kj\u00f8per lokalmat og m\u00f8ter opp p\u00e5 bygdadager og festivaler. For alle de som \u00f8nsker Arne Slot dit peppern gror, som synes topping av lag ikke h\u00f8rer hjemme i barneidretten, men som likevel st\u00e5r der i Liverpool-skjorta og heier fram guttungen til tap mot Vuku 2. Vi er en gjeng med \u00absauterdailla\u00bb, ja vel, men vi er ogs\u00e5 en gjeng som stiller opp n\u00e5r det gjelder.<\/p>\n<p><b>Hurra <\/b>for alle engasjerte lokalpolitikerne som krangler s\u00e5 det rasler i blazere og bluser om hver eneste lille veg eller grend, hver eneste lille skole og hver eneste lille rundkj\u00f8ring. Det er jo et klart tegn p\u00e5 at folk bryr seg, og at vi faktisk har et lokalt demokrati som fungerer \u2013 selv om det av og til f\u00f8les som en reprise av \u00abFolk flest bor i Kina\u00bb.<\/p>\n<p><b>Hurra <\/b>for alle som hver eneste dag, hele d\u00f8gnet, jobber for de av oss som ikke har det helt bra \u2013 enten de g\u00e5r kledd i hvitt, gult, r\u00f8dt eller svart. De skulle helt sikkert hatt fetere budsjetter, flere kolleger og et datasystem de f\u00f8ler seg trygge p\u00e5 \u2013 men de fortsetter jobben, uansett.<\/p>\n<p><b>Hurra <\/b>for at vi har s\u00e5 mange fantastiske b\u00f8nder, oppdrettere, fiskere og lokale bedrifter som st\u00e5r p\u00e5 hver eneste dag, til tross for at vi lever nord for Asphaugen. Dere s\u00f8rger for lys i husa i et omr\u00e5de som ellers ville v\u00e6rt forbeholdt ymse mosearter, knauser, kaldvatn og Moder Norge.<\/p>\n<p>Her kan vi jo ogs\u00e5 slenge p\u00e5 et <b>hurra <\/b>for at vi faktisk har s\u00e5 mye vakker natur at vi nesten ikke vet hvor vi skal gj\u00f8re av den. Fjell og fjorder, skog og sj\u00f8 \u2013 samt ei lysl\u00f8ype i n\u00e6r sagt hver ei grend. Husk at et glass vin kan nytes i like stor grad p\u00e5 et namdalsk svaberg i sommerlige 14 grader som p\u00e5 ei klam uteservering nedi Europa.<\/p>\n<p>S\u00e5 mens korpset marsjerer litt skjevt, og p\u00f8lsa for lengst har trutnet, og du kanskje er litt for mett p\u00e5 b\u00e5de is, folk og hornmusikk, s\u00e5 ta deg et \u00f8yeblikk. Se deg rundt. Og tenk: Tross alt maset, tross alle debattene, tross alle de sm\u00e5 irritasjonsmomentene; vi har det faktisk helt eventyrlig bra.<\/p>\n<p>S\u00e5 i dag, mine venner, glem alt som irriterer. Glem str\u00f8mpriser, asfaltsprekker og at naboens flaggstang er h\u00f8yere enn din. I dag sier vi bare:<\/p>\n<p><b>Hurra for 17. mai! Hurra for Namdalen! Og hurra for Norge!<br \/><\/b>(Og hurra for at vi har ei avis der du kan klage p\u00e5 dette innlegget i morgen!)<\/p>\n","protected":false},"excerpt":{"rendered":"Stivpynting, hornmusikk og sm\u00e5kleine tilrop fra vegkanten. Bunader som har krympa, strykejern p\u00e5 h\u00f8ygir og gode utsikter til&hellip;\n","protected":false},"author":2,"featured_media":240319,"comment_status":"","ping_status":"","sticky":false,"template":"","format":"standard","meta":{"footnotes":"","_share_on_mastodon":"0"},"categories":[10],"tags":[14670,36,20,21,24,25,15,22,23,156,13,30,28,29,14,1533,16,26,27,963],"class_list":["post-240318","post","type-post","status-publish","format-standard","has-post-thumbnail","category-norge","tag-17-mai","tag-art","tag-breaking-news","tag-breakingnews","tag-featured-news","tag-featurednews","tag-headlines","tag-latest-news","tag-latestnews","tag-meninger","tag-news","tag-no","tag-norge","tag-norway","tag-nyheter","tag-opinion","tag-overskrifter","tag-top-stories","tag-topstories","tag-ytring"],"share_on_mastodon":{"url":"https:\/\/pubeurope.com\/@no\/116591116003851448","error":""},"_links":{"self":[{"href":"https:\/\/www.europesays.com\/no\/wp-json\/wp\/v2\/posts\/240318","targetHints":{"allow":["GET"]}}],"collection":[{"href":"https:\/\/www.europesays.com\/no\/wp-json\/wp\/v2\/posts"}],"about":[{"href":"https:\/\/www.europesays.com\/no\/wp-json\/wp\/v2\/types\/post"}],"author":[{"embeddable":true,"href":"https:\/\/www.europesays.com\/no\/wp-json\/wp\/v2\/users\/2"}],"replies":[{"embeddable":true,"href":"https:\/\/www.europesays.com\/no\/wp-json\/wp\/v2\/comments?post=240318"}],"version-history":[{"count":0,"href":"https:\/\/www.europesays.com\/no\/wp-json\/wp\/v2\/posts\/240318\/revisions"}],"wp:featuredmedia":[{"embeddable":true,"href":"https:\/\/www.europesays.com\/no\/wp-json\/wp\/v2\/media\/240319"}],"wp:attachment":[{"href":"https:\/\/www.europesays.com\/no\/wp-json\/wp\/v2\/media?parent=240318"}],"wp:term":[{"taxonomy":"category","embeddable":true,"href":"https:\/\/www.europesays.com\/no\/wp-json\/wp\/v2\/categories?post=240318"},{"taxonomy":"post_tag","embeddable":true,"href":"https:\/\/www.europesays.com\/no\/wp-json\/wp\/v2\/tags?post=240318"}],"curies":[{"name":"wp","href":"https:\/\/api.w.org\/{rel}","templated":true}]}}