{"id":240342,"date":"2026-05-17T18:08:16","date_gmt":"2026-05-17T18:08:16","guid":{"rendered":"https:\/\/www.europesays.com\/no\/240342\/"},"modified":"2026-05-17T18:08:16","modified_gmt":"2026-05-17T18:08:16","slug":"ytring-fritt-ord-gratulerer-med-dagen-norge","status":"publish","type":"post","link":"https:\/\/www.europesays.com\/no\/240342\/","title":{"rendered":"Ytring, Fritt ord | Gratulerer med dagen, Norge!"},"content":{"rendered":"\n<p>Vanligvis skriver jeg ikke s\u00e5 ofte i avisen, men i dag, p\u00e5 denne viktige dagen, \u00f8nsker jeg \u00e5 dele noen ord.<\/p>\n<p>\u00c5 v\u00e6re et fritt land er ingen selvf\u00f8lge. Det burde v\u00e6re det, men slik er det ikke, noe vi ser i flere land i verden i dag. Selv har vi kjent p\u00e5 kropp og sjel at frihet ikke kommer av seg selv, og det er nettopp derfor vi endte opp i vakre Norge. <\/p>\n<p>Etter \u00e5 ha lest <a href=\"https:\/\/www.ha-halden.no\/haris-foler-seg-mer-som-haldenser-enn-som-nordmann\/f\/5-20-1896006\" rel=\"Follow nofollow noopener\" target=\"_blank\">en artikkel i HA i dag<\/a>, ble jeg p\u00e5minnet om at det gjelder mange andre ogs\u00e5. Vi som bor i Norge er utrolig heldige som slipper \u00e5 oppleve s\u00e5 mye vondt. Gudskjelov for det.<\/p>\n<p>Jeg skal ikke snakke for mye om det som er trist i dag. Men selv om mange i Norge aldri har opplevd krig og undertrykkelse, \u00f8nsker jeg likevel \u00e5 minne om hva denne dagen handler om. 17. mai er Norges frihetsdag, men det er ogs\u00e5 en p\u00e5minnelse om alle dem som har ofret seg for at vi, barna v\u00e5re og fremtiden skal ha den friheten vi opplever i dag.<\/p>\n<p>Gratulerer igjen med dagen, Norge, og tusen takk til alle som har ofret seg for friheten vi kan nyte i dag.<\/p>\n<p>Hipp, hipp hurra for Norge, og hipp, hipp hurra til deg og dine! Kos dere masse, vi ses.<\/p>\n","protected":false},"excerpt":{"rendered":"Vanligvis skriver jeg ikke s\u00e5 ofte i avisen, men i dag, p\u00e5 denne viktige dagen, \u00f8nsker jeg \u00e5&hellip;\n","protected":false},"author":2,"featured_media":240343,"comment_status":"","ping_status":"","sticky":false,"template":"","format":"standard","meta":{"footnotes":"","_share_on_mastodon":"0"},"categories":[5],"tags":[14670,36,20,21,24,25,3689,15,19,22,23,17,18,13,30,28,29,14,1533,16,41,26,27,963],"class_list":["post-240342","post","type-post","status-publish","format-standard","has-post-thumbnail","category-overskrifter","tag-17-mai","tag-art","tag-breaking-news","tag-breakingnews","tag-featured-news","tag-featurednews","tag-fritt-ord","tag-headlines","tag-hovedoppslag","tag-latest-news","tag-latestnews","tag-main-news","tag-mainnews","tag-news","tag-no","tag-norge","tag-norway","tag-nyheter","tag-opinion","tag-overskrifter","tag-politikk","tag-top-stories","tag-topstories","tag-ytring"],"share_on_mastodon":{"url":"https:\/\/pubeurope.com\/@no\/116591257610591079","error":""},"_links":{"self":[{"href":"https:\/\/www.europesays.com\/no\/wp-json\/wp\/v2\/posts\/240342","targetHints":{"allow":["GET"]}}],"collection":[{"href":"https:\/\/www.europesays.com\/no\/wp-json\/wp\/v2\/posts"}],"about":[{"href":"https:\/\/www.europesays.com\/no\/wp-json\/wp\/v2\/types\/post"}],"author":[{"embeddable":true,"href":"https:\/\/www.europesays.com\/no\/wp-json\/wp\/v2\/users\/2"}],"replies":[{"embeddable":true,"href":"https:\/\/www.europesays.com\/no\/wp-json\/wp\/v2\/comments?post=240342"}],"version-history":[{"count":0,"href":"https:\/\/www.europesays.com\/no\/wp-json\/wp\/v2\/posts\/240342\/revisions"}],"wp:featuredmedia":[{"embeddable":true,"href":"https:\/\/www.europesays.com\/no\/wp-json\/wp\/v2\/media\/240343"}],"wp:attachment":[{"href":"https:\/\/www.europesays.com\/no\/wp-json\/wp\/v2\/media?parent=240342"}],"wp:term":[{"taxonomy":"category","embeddable":true,"href":"https:\/\/www.europesays.com\/no\/wp-json\/wp\/v2\/categories?post=240342"},{"taxonomy":"post_tag","embeddable":true,"href":"https:\/\/www.europesays.com\/no\/wp-json\/wp\/v2\/tags?post=240342"}],"curies":[{"name":"wp","href":"https:\/\/api.w.org\/{rel}","templated":true}]}}