{"id":240356,"date":"2026-05-17T18:21:40","date_gmt":"2026-05-17T18:21:40","guid":{"rendered":"https:\/\/www.europesays.com\/no\/240356\/"},"modified":"2026-05-17T18:21:40","modified_gmt":"2026-05-17T18:21:40","slug":"17-mai-alkohol-klar-beskjed-fra-ungdommen-17-mai-skal-vaere-barnas-dag","status":"publish","type":"post","link":"https:\/\/www.europesays.com\/no\/240356\/","title":{"rendered":"17. mai, Alkohol | Klar beskjed fra ungdommen: \u2013 17. mai skal v\u00e6re barnas dag"},"content":{"rendered":"\n<p>\u2013 17. mai skal v\u00e6re barnas dag. Jeg husker selv hvor mye jeg gledet meg som liten, og h\u00e5per alle barn som vokser opp i Time og H\u00e5 skal f\u00e5 oppleve den samme gleden ved \u00e5 g\u00e5 i tog, leke og spise is, sier Odin Tjelta S\u00f8iland, som sitter i ungdomsr\u00e5det i Time.<\/p>\n<p>De siste \u00e5rene har champagnefrokost og voksenfeiring blitt en st\u00f8rre del av 17. mai-feiringen mange steder, skriver de i en pressemelding sammen med Av-og-til. <\/p>\n<p>Der heter det at ungdomsr\u00e5dene og Av-og-til \u00f8nsker alle j\u00e6rbuer en fin 17. mai, med en tydelig oppfordring til de voksne:<\/p>\n<p>\u2013 Ta hensyn til hverandre, og husk at alkoholbruk kan p\u00e5virke barna og andre rundt. Slik skaper vi en god dag for b\u00e5de store og sm\u00e5.<\/p>\n<p>Time og H\u00e5 har v\u00e6rt Av-og-til-kommuner siden 2023 og 2024.<\/p>\n","protected":false},"excerpt":{"rendered":"\u2013 17. mai skal v\u00e6re barnas dag. Jeg husker selv hvor mye jeg gledet meg som liten, og&hellip;\n","protected":false},"author":2,"featured_media":240357,"comment_status":"","ping_status":"","sticky":false,"template":"","format":"standard","meta":{"footnotes":"","_share_on_mastodon":"0"},"categories":[10],"tags":[14670,1095,36,11982,20,21,24,25,15,22,23,13,30,28,29,14,16,1510,26,27],"class_list":["post-240356","post","type-post","status-publish","format-standard","has-post-thumbnail","category-norge","tag-17-mai","tag-alkohol","tag-art","tag-av-og-til","tag-breaking-news","tag-breakingnews","tag-featured-news","tag-featurednews","tag-headlines","tag-latest-news","tag-latestnews","tag-news","tag-no","tag-norge","tag-norway","tag-nyheter","tag-overskrifter","tag-story","tag-top-stories","tag-topstories"],"share_on_mastodon":{"url":"https:\/\/pubeurope.com\/@no\/116591308706061304","error":""},"_links":{"self":[{"href":"https:\/\/www.europesays.com\/no\/wp-json\/wp\/v2\/posts\/240356","targetHints":{"allow":["GET"]}}],"collection":[{"href":"https:\/\/www.europesays.com\/no\/wp-json\/wp\/v2\/posts"}],"about":[{"href":"https:\/\/www.europesays.com\/no\/wp-json\/wp\/v2\/types\/post"}],"author":[{"embeddable":true,"href":"https:\/\/www.europesays.com\/no\/wp-json\/wp\/v2\/users\/2"}],"replies":[{"embeddable":true,"href":"https:\/\/www.europesays.com\/no\/wp-json\/wp\/v2\/comments?post=240356"}],"version-history":[{"count":0,"href":"https:\/\/www.europesays.com\/no\/wp-json\/wp\/v2\/posts\/240356\/revisions"}],"wp:featuredmedia":[{"embeddable":true,"href":"https:\/\/www.europesays.com\/no\/wp-json\/wp\/v2\/media\/240357"}],"wp:attachment":[{"href":"https:\/\/www.europesays.com\/no\/wp-json\/wp\/v2\/media?parent=240356"}],"wp:term":[{"taxonomy":"category","embeddable":true,"href":"https:\/\/www.europesays.com\/no\/wp-json\/wp\/v2\/categories?post=240356"},{"taxonomy":"post_tag","embeddable":true,"href":"https:\/\/www.europesays.com\/no\/wp-json\/wp\/v2\/tags?post=240356"}],"curies":[{"name":"wp","href":"https:\/\/api.w.org\/{rel}","templated":true}]}}