{"id":240389,"date":"2026-05-17T18:56:14","date_gmt":"2026-05-17T18:56:14","guid":{"rendered":"https:\/\/www.europesays.com\/no\/240389\/"},"modified":"2026-05-17T18:56:14","modified_gmt":"2026-05-17T18:56:14","slug":"politiet-har-hatt-hendene-fulle-slagsmal-og-fyll-pa-nasjonaldagen","status":"publish","type":"post","link":"https:\/\/www.europesays.com\/no\/240389\/","title":{"rendered":"Politiet har hatt hendene fulle: Slagsm\u00e5l og fyll p\u00e5 nasjonaldagen"},"content":{"rendered":"\n<p class=\"_lead_145nj_2 _lead_6fko5_53 layout-component text-serif-m layout-normal text-serif-l layout-component layout-wide layout-padded _wide_17hqh_1 layout-padded\">I Bergen ba politiet foreldre om \u00e5 hente barna sine i sentrum etter flere slagsm\u00e5l. <\/p>\n<p><img alt=\"Politiet i Bergen har hatt det travelt under \u00e5rets 17. mai. Bildet er fra feiringen i 2024. Foto: Paul S. Amundsen \/ NTB\" class=\"_image_jw3bv_65 layout-component layout-wide\" data-fullscreen- data-track-element-type=\"Article image fullscreen\" data-track-name=\"ImageFullscreen\" fetchpriority=\"high\" decoding=\"sync\" loading=\"eager\" height=\"3648\" itemprop=\"image\"  src=\"https:\/\/www.europesays.com\/no\/wp-content\/uploads\/2026\/05\/607c47b3-a374-30ea-8906-d5c3e4d359b2.jpeg\"  style=\"object-position:0% 0%\" width=\"5472\"\/>Politiet i Bergen har hatt det travelt under \u00e5rets 17. mai. Bildet er fra feiringen i 2024. Foto: Paul S. Amundsen \/ NTB<\/p>\n<ul aria-hidden=\"true\" class=\"_images_ntbth_112\">\n<li><a class=\"_link_ntbth_117\" href=\"https:\/\/www.vg.no\/forfatter\/live-tronstad\" style=\"z-index:1\" title=\"Live Tronstad\" rel=\"nofollow noopener\" target=\"_blank\"><img alt=\"Bilde av Live Tronstad\" class=\"_image_ntbth_93\" fetchpriority=\"low\" loading=\"lazy\" decoding=\"async\" itemprop=\"image\"  src=\"https:\/\/www.europesays.com\/no\/wp-content\/uploads\/2026\/05\/1779044173_552_730bca66-e713-4274-9d1c-1222feeb3c7d.jpeg\"  width=\"480\"\/><\/a><\/li>\n<\/ul>\n<p> Oppdatert s\u00f8ndag 17. mai kl. 20:00    <\/p>\n<ul class=\"_list_145nj_3 _list_64s2r_85 _unordered_145nj_106 text-sans-m\">\n<li class=\"_item_145nj_30\">Slagsm\u00e5l har brutt ut i flere norske byer 17. mai. <\/li>\n<li class=\"_item_145nj_30\">I Troms\u00f8 er flere personer anmeldt etter et masseslagsm\u00e5l hvor 20-30 personer var involvert. <\/li>\n<li class=\"_item_145nj_30\">Politiet i Bergen meldte om generelt mange berusede ungdommer i sentrum. Politiet oppfordrer foreldre til \u00e5 ha dialog og holde seg edru.<\/li>\n<\/ul>\n<p>Vis mer <\/p>\n<p class=\"_paragraph_145nj_4 _paragraph_6fko5_10 layout-component text-serif-m layout-normal text-serif-m layout-padded\">Nasjonaldagen startet rolig i \u00e5r. Men utover ettermiddagen har det rent inn med meldinger om slagsm\u00e5l i <a href=\"https:\/\/www.politiet.no\/politiloggen\" class=\"_link_145nj_39\" rel=\"nofollow noopener\" target=\"_blank\">politiloggen<\/a>: <\/p>\n<ul class=\"_list_145nj_3 _list_6fko5_9 _unordered_145nj_106 layout-component text-serif-m layout-normal text-serif-m layout-padded\">\n<li class=\"_item_145nj_30\">I Troms\u00f8 br\u00f8t det ut masseslagsm\u00e5l mellom 20-30 personer. En kvinne ble fraktet til legevakten etter hun skal ha blitt sl\u00e5tt i hodet med et knokejern. Politiet har anholdt fire personer og anmeldt flere, blant annet for kroppsskade. Alle er gutter mellom 15 og 18 \u00e5r. <\/li>\n<li class=\"_item_145nj_30\">I Bergen var 20 personer involvert i et slagsm\u00e5l utenfor Burger King i Strandgaten. Tidligere hadde det v\u00e6rt et mindre slagsm\u00e5l utenfor samme restaurant, hvor en mindre\u00e5rig gutt fikk skader i ansiktet og var blodig, if\u00f8lge politiet. <\/li>\n<li class=\"_item_145nj_30\">To vektene ble utsatt for vold, ogs\u00e5 i Bergen, senere p\u00e5 kvelden. En av vekterne ble skadet og hentet av ambulanse, mens den mistenkte ble p\u00e5grepet av politiet. <\/li>\n<li class=\"_item_145nj_30\">En mann i 20-\u00e5rene ble p\u00e5grepet og to personer sendt til sykehus etter et slagsm\u00e5l p\u00e5 et utested i Trondheim. <\/li>\n<li class=\"_item_145nj_30\">I Bod\u00f8 skal to personer ha angrepet en tredje person blant annet med belte p\u00e5 Nedre Torg. <\/li>\n<\/ul>\n<p class=\"_paragraph_145nj_4 _paragraph_6fko5_10 layout-component text-serif-m layout-normal text-serif-m layout-padded\">Politiet har ogs\u00e5 meldt om slagsm\u00e5l og slossing i Oslo, Skien, Arendal, Drammen, Haugesund, Jessheim, Karm\u00f8y og Sandnes.<\/p>\n<p class=\"_paragraph_145nj_4 _paragraph_6fko5_10 layout-component text-serif-m layout-normal text-serif-m layout-padded\">Ingen personer skal ha blitt alvorlig skadet i forbindelse med hendelsene. <\/p>\n<p>Ba foreldre hente barna<\/p>\n<p class=\"_paragraph_145nj_4 _paragraph_6fko5_10 layout-component text-serif-m layout-normal text-serif-m layout-padded\">Like mye som 17. mai er kjent som barnas dag, har det ogs\u00e5 et rykte for \u00e5 v\u00e6re en dag for fyll og festing. Noen steder har de to overlappet. <\/p>\n<p class=\"_paragraph_145nj_4 _paragraph_6fko5_10 layout-component text-serif-m layout-normal text-serif-m layout-padded\">\u2013 Generelt har det tatt seg opp med meldinger som g\u00e5r p\u00e5 ungdommer som er beruset og som er i tottene p\u00e5 hverandre, skrev operasjonsleder Knut Dahl-Michelsen i loggen klokken 14.42. <\/p>\n<p class=\"_paragraph_145nj_4 _paragraph_6fko5_10 layout-component text-serif-m layout-normal text-serif-m layout-padded\">Senere kom politiet med en klar oppfordring til foreldre som hadde barn i sentrum: <\/p>\n<p class=\"_paragraph_145nj_4 _paragraph_6fko5_10 layout-component text-serif-m layout-normal text-serif-m layout-padded\">\u2013 Ha dialog med dem og gjerne holde seg edru selv. Politiet har ikke kapasitet til \u00e5 kj\u00f8re berusede ungdommer hjem. <\/p>\n<p class=\"_paragraph_145nj_4 _paragraph_6fko5_10 layout-component text-serif-m layout-normal text-serif-m layout-padded\">Det ble ogs\u00e5 meldt om \u00abmange godt berusede ungdommer\u00bb i Dr\u00f8bak i Akershus. Der hadde politiet samme melding f\u00f8r det skjedde noe alvorlig: <\/p>\n<p class=\"_paragraph_145nj_4 _paragraph_6fko5_10 layout-component text-serif-m layout-normal text-serif-m layout-padded\">\u2013 Foreldre anmodes om \u00e5 kalle hjem sine h\u00e5pefulle i forebyggende \u00f8yemed, skriver operasjonsleder H\u00e5kon Hatlen i politiloggen.<\/p>\n<p>    <img decoding=\"async\" alt=\"Tips oss illustrasjon\" src=\"https:\/\/www.europesays.com\/no\/wp-content\/uploads\/2026\/05\/pssst-small.webp.webp\"\/>    <\/p>\n<p class=\"title-serif-s\">Har du tips?<\/p>\n<p class=\"text-sans-m\">Send oss informasjon, bilder eller video.<\/p>\n<p>  <a href=\"https:\/\/www.vg.no\/tips-oss\" rel=\"nofollow noopener\" target=\"_blank\"> Tips oss <\/a>      <\/p>\n","protected":false},"excerpt":{"rendered":"I Bergen ba politiet foreldre om \u00e5 hente barna sine i sentrum etter flere slagsm\u00e5l. Politiet i Bergen&hellip;\n","protected":false},"author":2,"featured_media":240390,"comment_status":"","ping_status":"","sticky":false,"template":"","format":"standard","meta":{"footnotes":"","_share_on_mastodon":"0"},"categories":[10],"tags":[14670,444,31,20,21,24,25,15,22,23,13,30,28,29,14,16,26,27],"class_list":["post-240389","post","type-post","status-publish","format-standard","has-post-thumbnail","category-norge","tag-17-mai","tag-bergen","tag-breaking","tag-breaking-news","tag-breakingnews","tag-featured-news","tag-featurednews","tag-headlines","tag-latest-news","tag-latestnews","tag-news","tag-no","tag-norge","tag-norway","tag-nyheter","tag-overskrifter","tag-top-stories","tag-topstories"],"share_on_mastodon":{"url":"https:\/\/pubeurope.com\/@no\/116591446483022387","error":""},"_links":{"self":[{"href":"https:\/\/www.europesays.com\/no\/wp-json\/wp\/v2\/posts\/240389","targetHints":{"allow":["GET"]}}],"collection":[{"href":"https:\/\/www.europesays.com\/no\/wp-json\/wp\/v2\/posts"}],"about":[{"href":"https:\/\/www.europesays.com\/no\/wp-json\/wp\/v2\/types\/post"}],"author":[{"embeddable":true,"href":"https:\/\/www.europesays.com\/no\/wp-json\/wp\/v2\/users\/2"}],"replies":[{"embeddable":true,"href":"https:\/\/www.europesays.com\/no\/wp-json\/wp\/v2\/comments?post=240389"}],"version-history":[{"count":0,"href":"https:\/\/www.europesays.com\/no\/wp-json\/wp\/v2\/posts\/240389\/revisions"}],"wp:featuredmedia":[{"embeddable":true,"href":"https:\/\/www.europesays.com\/no\/wp-json\/wp\/v2\/media\/240390"}],"wp:attachment":[{"href":"https:\/\/www.europesays.com\/no\/wp-json\/wp\/v2\/media?parent=240389"}],"wp:term":[{"taxonomy":"category","embeddable":true,"href":"https:\/\/www.europesays.com\/no\/wp-json\/wp\/v2\/categories?post=240389"},{"taxonomy":"post_tag","embeddable":true,"href":"https:\/\/www.europesays.com\/no\/wp-json\/wp\/v2\/tags?post=240389"}],"curies":[{"name":"wp","href":"https:\/\/api.w.org\/{rel}","templated":true}]}}