{"id":240430,"date":"2026-05-17T19:50:10","date_gmt":"2026-05-17T19:50:10","guid":{"rendered":"https:\/\/www.europesays.com\/no\/240430\/"},"modified":"2026-05-17T19:50:10","modified_gmt":"2026-05-17T19:50:10","slug":"stavern-og-brunlanes-17-mai","status":"publish","type":"post","link":"https:\/\/www.europesays.com\/no\/240430\/","title":{"rendered":"Stavern og Brunlanes, 17. mai"},"content":{"rendered":"\n<p>\u2013 Du finner meg i Stavern og Nevlunghavn.<\/p>\n<p>Det var ikke bare publikum som fikk h\u00f8re kj\u00e6rlighetserkl\u00e6ringen til Larvik da Shade Barakat gikk p\u00e5 scenen. For 27-\u00e5ringen, som er oppvokst i Larvik og i dag bor i Trondheim, var opptredenen noe helt spesielt.<\/p>\n<p><b>\u2013 Det var skikkelig kult. Litt av en opplevelse, sa Barakat til \u00d8P \u2013 f\u00f8r han m\u00e5tte haste videre for \u00e5 rekke flyet tilbake til Trondheim.<\/b><\/p>\n<p>Barakat har v\u00e6rt en del av Fargespill i over ti \u00e5r, og musikken har lenge v\u00e6rt en viktig del av identiteten hans. Da han tidligere skrev en l\u00e5t for Fargespill Oslo, fikk han raskt en utfordring fra milj\u00f8et i Larvik.<\/p>\n<p>\u2013 De sa: \u00abDet g\u00e5r ikke, du m\u00e5 lage en l\u00e5t for oss ogs\u00e5\u00bb. S\u00e5 da skrev jeg \u00abBli med meg\u00bb.<\/p>\n<p>  <a href=\"https:\/\/www.op.no\/5-36-1923292\" class=\"related-teaser has-image article--c-MkAkR\" rel=\"nofollow noopener\" target=\"_blank\"><\/p>\n<p>    <img decoding=\"async\" width=\"155\"  loading=\"lazy\"  src=\"https:\/\/www.europesays.com\/no\/wp-content\/uploads\/2026\/05\/1779047410_309_image0.jpeg\" alt=\"\" class=\"brick-c-cFOWSL\" style=\"\"\/><\/p>\n<p>\n            Bildeserie<\/p>\n<p>            Se lesernes bilder fra 17. mai\n        <\/p>\n<p>  <\/a><br \/>\n  En hyllest til Larvik<\/p>\n<p>L\u00e5ten handler om hvordan han selv opplever hjembyen \u2013 og om alt det han mener gj\u00f8r Larvik spesiell.<\/p>\n<p>\u2013 Jeg ville lage en l\u00e5t om hvorfor folk burde bli med til Larvik. Jeg synger om hele byen, om Stavern og Nevlunghavn, og pr\u00f8ver \u00e5 l\u00f8fte fram alt det fine vi har her.<\/p>\n<p>Selv om han n\u00e5 bor i Trondheim, er tilknytningen til Larvik fortsatt sterk.<\/p>\n<p>\u2013 Jeg er veldig glad i Larvik. Det kommer nok alltid til \u00e5 v\u00e6re hjemme p\u00e5 en m\u00e5te.<\/p>\n<p>  <a href=\"https:\/\/www.op.no\/5-36-1923128\" class=\"related-teaser has-image article--c-MkAkR\" rel=\"nofollow noopener\" target=\"_blank\"><\/p>\n<p>    <img decoding=\"async\" width=\"155\"  loading=\"lazy\"  src=\"https:\/\/www.europesays.com\/no\/wp-content\/uploads\/2026\/05\/IMG_3666.JPG\" alt=\"\" class=\"brick-c-cFOWSL\" style=\"\"\/><\/p>\n<p>\n            Bildeserie<\/p>\n<p>            Her er bilder fra barnetoget i Stavern\n        <\/p>\n<p>  <\/a><br \/>\n  \u2013 F\u00f8rste gang i Larviks historie<\/p>\n<p>Barakat, som ogs\u00e5 g\u00e5r under artistnavnet Rude Boy, mener opptredenen markerte noe nytt.<\/p>\n<p><b>\u2013 S\u00e5 vidt jeg vet er dette f\u00f8rste gang noen har f\u00e5tt framf\u00f8re en hiphop-l\u00e5t p\u00e5 denne scenen i Larvik. Det f\u00f8les stort.<\/b><\/p>\n<p>Og ambisjonene er det heller ingenting \u00e5 si p\u00e5.<\/p>\n<p>\u2013 Karpe skal jo legge opp, s\u00e5 noen m\u00e5 jo overta, sier han med et smil.<\/p>\n<p>S\u00e5 er det bare \u00e5 l\u00f8pe videre mot flyplassen.<\/p>\n<p>\u2013 N\u00e5 m\u00e5 jeg faktisk stikke. Jeg skal hjem til Trondheim og rekke et fly \u2013 og feire litt der ogs\u00e5.<\/p>\n<p>            Her er teksten<\/p>\n<p>Jeg skrev ned en cv den var fullt av synder\/ ingenting annet enn bl\u00e5 lys jeg frykter\/ vi er 2 br\u00f8dre en er tatt men begge lider \/ det er alltid en av oss som har mat men begge av oss spiser\/ i Norge det skal liksom v\u00e6re fred med begge kriger \/ vi skal liksom ha det bra men begge av oss sliter \/ vi g\u00e5r rundt som en klokke og telleren den teller timer \/ \u00f8yeblikket vi forsto at alt har betydninger \/ fant jeg en l\u00f8ve i Hani, i meg en tiger skinner p\u00e5 en sene vi br\u00f8ler og alle skriker \/ l\u00e6r av de eldre men glem gamle myter \/ for verden Deen er bygget opp av alle de som lyver\/ slanger hakke bein det er bare folka her som kryper \/ ser djevelen i penger men alle sparer mynter \/ et liv er mere verdt enn alt som frister \/ du er glad for \u00e5 arve men foreldra er i kisten \/ faren min var vaske hjelp og din var stats minister men du klager p\u00e5 angst aldri om jeg s\u00e5 deg nykter\/<br \/>\u2014\u2014<\/p>\n<p>ohh det er stor forskjell p\u00e5 oss du fikk uke penger mens jeg tjente av en kloss\/ du spiste fra et gull fat mens p\u00e5 g\u00e5ta var jeg l\u00e5st \/ ooooh det er stor forskjell p\u00e5 oss vi leide sokkelleilighet du eide ett palass du har dobbeltseng og dyne mens vi sov p\u00e5 en madrass fem stykker i familien men vi alle fikk en plass oooooh det er stor forskjell p\u00e5 oss \/ det er stor forskjell p\u00e5 oss.<br \/>\u2014\u2014-<\/p>\n<p>Ref: Zofia \/ Malak.<\/p>\n<p>Bli med meg la oss hvile \/jeg har mine tin du har dine\/<br \/>vi trenger ikke og v\u00e6re like \/<\/p>\n<p>Shady:<br \/>Neihh\/<br \/>x2<\/p>\n<p>Her er vi n\u00e5 her er vi, hvor vil du hv\u00e5 hvor skal vi.<\/p>\n<p>X2<\/p>\n<p>Shady: vers 2.<br \/>jeg skal si deg hvor vi skal.<\/p>\n<p>Kommet lang vei i fra Larvik der jeg kommer fra \/ Indrehavn broder hele byen er mitt nabolag\/ du finner meg i staver eller chiller nede i Nevlunghavn \/ jeg spiser p\u00e5 noen reker og i glasset er det Farris vann \/ det er interesant, de forventer at det ikke g\u00e5r s\u00e5 bra \/ de pleide og bare v\u00e6re arrogant men n\u00e5 er det blitt normalt &#8211; jeg ser p\u00e5 de som ser p\u00e5 han vakkert smil og riktig mann &#8211; fargeblind i riktig land fargespill bare sett i gang \/ fargelegger himmelen \u00e5 legge stjernene over alt\/<br \/>dette er fargespill fargende i fra alle land\/<\/p>\n<p>her er vi n\u00e5, her er vi hvor vil du g\u00e5 hvor skal vi \/ x 2<\/p>\n","protected":false},"excerpt":{"rendered":"\u2013 Du finner meg i Stavern og Nevlunghavn. Det var ikke bare publikum som fikk h\u00f8re kj\u00e6rlighetserkl\u00e6ringen til&hellip;\n","protected":false},"author":2,"featured_media":240431,"comment_status":"","ping_status":"","sticky":false,"template":"","format":"standard","meta":{"footnotes":"","_share_on_mastodon":"0"},"categories":[58],"tags":[14670,36,71,5737,113,30,28,29,978,1510,72],"class_list":["post-240430","post","type-post","status-publish","format-standard","has-post-thumbnail","category-underholdning","tag-17-mai","tag-art","tag-entertainment","tag-karpe","tag-larvik","tag-no","tag-norge","tag-norway","tag-stavern-og-brunlanes","tag-story","tag-underholdning"],"share_on_mastodon":{"url":"https:\/\/pubeurope.com\/@no\/116591658920538807","error":""},"_links":{"self":[{"href":"https:\/\/www.europesays.com\/no\/wp-json\/wp\/v2\/posts\/240430","targetHints":{"allow":["GET"]}}],"collection":[{"href":"https:\/\/www.europesays.com\/no\/wp-json\/wp\/v2\/posts"}],"about":[{"href":"https:\/\/www.europesays.com\/no\/wp-json\/wp\/v2\/types\/post"}],"author":[{"embeddable":true,"href":"https:\/\/www.europesays.com\/no\/wp-json\/wp\/v2\/users\/2"}],"replies":[{"embeddable":true,"href":"https:\/\/www.europesays.com\/no\/wp-json\/wp\/v2\/comments?post=240430"}],"version-history":[{"count":0,"href":"https:\/\/www.europesays.com\/no\/wp-json\/wp\/v2\/posts\/240430\/revisions"}],"wp:featuredmedia":[{"embeddable":true,"href":"https:\/\/www.europesays.com\/no\/wp-json\/wp\/v2\/media\/240431"}],"wp:attachment":[{"href":"https:\/\/www.europesays.com\/no\/wp-json\/wp\/v2\/media?parent=240430"}],"wp:term":[{"taxonomy":"category","embeddable":true,"href":"https:\/\/www.europesays.com\/no\/wp-json\/wp\/v2\/categories?post=240430"},{"taxonomy":"post_tag","embeddable":true,"href":"https:\/\/www.europesays.com\/no\/wp-json\/wp\/v2\/tags?post=240430"}],"curies":[{"name":"wp","href":"https:\/\/api.w.org\/{rel}","templated":true}]}}