{"id":240447,"date":"2026-05-17T20:16:34","date_gmt":"2026-05-17T20:16:34","guid":{"rendered":"https:\/\/www.europesays.com\/no\/240447\/"},"modified":"2026-05-17T20:16:34","modified_gmt":"2026-05-17T20:16:34","slug":"flybase-i-idaho-stengt-etter-styrt-under-flyshow","status":"publish","type":"post","link":"https:\/\/www.europesays.com\/no\/240447\/","title":{"rendered":"Flybase i Idaho stengt etter styrt under flyshow"},"content":{"rendered":"\n<p class=\"_lead_145nj_2 _lead_6fko5_53 layout-component text-serif-m layout-normal text-serif-l layout-component layout-wide layout-padded _wide_17hqh_1 layout-padded\">En milit\u00e6r flybase i Idaho i USA er stengt ned etter at to milit\u00e6rfly styrtet under et flyshow s\u00f8ndag.<\/p>\n<ul aria-hidden=\"true\" class=\"_images_ntbth_112\">\n<li><a class=\"_link_ntbth_117\" href=\"https:\/\/www.vg.no\/forfatter\/julie-grasmo\" style=\"z-index:2\" title=\"Julie Grasmo\" rel=\"nofollow noopener\" target=\"_blank\"><img alt=\"Bilde av Julie Grasmo\" class=\"_image_ntbth_93\" fetchpriority=\"low\" loading=\"lazy\" decoding=\"async\" itemprop=\"image\"  src=\"https:\/\/www.europesays.com\/no\/wp-content\/uploads\/2026\/05\/1779048994_65_862ba328-c867-4252-a67a-e016a42491a4.jpeg\"  width=\"480\"\/><\/a><\/li>\n<li><a class=\"_link_ntbth_117\" href=\"https:\/\/www.vg.no\/forfatter\/ntb\" style=\"z-index:1\" title=\"NTB\" rel=\"nofollow noopener\" target=\"_blank\"><img alt=\"Bilde av NTB\" class=\"_image_ntbth_93\" fetchpriority=\"low\" loading=\"lazy\" decoding=\"async\" itemprop=\"image\"  src=\"https:\/\/www.europesays.com\/no\/wp-content\/uploads\/2026\/05\/1779048994_879_c33980b0-5d07-4027-84a1-813f90a7c8d6.jpeg\"  width=\"480\"\/><\/a><\/li>\n<\/ul>\n<p> Oppdatert s\u00f8ndag 17. mai kl. 22:14     <\/p>\n<p class=\"_paragraph_145nj_4 _paragraph_6fko5_10 layout-component text-serif-m layout-normal text-serif-m layout-padded\">Kollisjonen skjedde under flyshowet Gunfighter Skies Air Show. <\/p>\n<p class=\"_paragraph_145nj_4 _paragraph_6fko5_10 layout-component text-serif-m layout-normal text-serif-m layout-padded\">If\u00f8lge Airshow News dreier det seg om to EA-18G Growler-fly som styrtet rundt tre kilometer fra Mountain Home Air Force Base vest i <a href=\"https:\/\/www.vg.no\/tag\/idaho?utm_source=vg-article&amp;utm_medium=auto-tagger&amp;utm_campaign=0p964M\" class=\"_link_145nj_39\" rel=\"nofollow noopener\" target=\"_blank\">Idaho<\/a>.<\/p>\n<p class=\"_paragraph_145nj_4 _paragraph_6fko5_10 layout-component text-serif-m layout-normal text-serif-m layout-padded\">Videoer som er publisert p\u00e5 nett, viser de to flyene kollidere i luften. Samtidig viser videoene fire fallskjermer som \u00e5pner seg mens flyene faller mot bakken. <\/p>\n<p class=\"_paragraph_145nj_4 _paragraph_6fko5_10 layout-component text-serif-m layout-normal text-serif-m layout-padded\">\u2013 Redningsmannskaper er p\u00e5 stedet, og etterforskning er i gang. Flere detaljer vil bli offentliggjort etter hvert som de blir tilgjengelige, sier talsperson for Mountain Home, if\u00f8lge Reutets. <\/p>\n<p class=\"_paragraph_145nj_4 _paragraph_6fko5_10 layout-component text-serif-m layout-normal text-serif-m layout-padded\">Den millit\u00e6re flybasen blir stengt, opplyser talspersonen videre. <\/p>\n<p class=\"_paragraph_145nj_4 _paragraph_6fko5_10 layout-component text-serif-m layout-normal text-serif-m layout-padded\">Det lokale politiet har sendt ut en melding om at flyshowet er avlyst og ber folk til \u00e5 unng\u00e5 \u00e5 reise til omr\u00e5det. <\/p>\n<p class=\"_paragraph_145nj_4 _paragraph_6fko5_10 layout-component text-serif-m layout-normal text-serif-m layout-padded\">Flyshowet er if\u00f8lge arrang\u00f8rene en markering av luftfartshistorien og en presentasjon av moderne kapasitet i det amerikanske flyv\u00e5penet. <\/p>\n","protected":false},"excerpt":{"rendered":"En milit\u00e6r flybase i Idaho i USA er stengt ned etter at to milit\u00e6rfly styrtet under et flyshow&hellip;\n","protected":false},"author":2,"featured_media":240448,"comment_status":"","ping_status":"","sticky":false,"template":"","format":"standard","meta":{"footnotes":"","_share_on_mastodon":"0"},"categories":[5],"tags":[20,21,24,25,15,19,21928,5848,22,23,17,18,13,30,28,29,14,16,26,27],"class_list":["post-240447","post","type-post","status-publish","format-standard","has-post-thumbnail","category-overskrifter","tag-breaking-news","tag-breakingnews","tag-featured-news","tag-featurednews","tag-headlines","tag-hovedoppslag","tag-idaho","tag-jagerfly","tag-latest-news","tag-latestnews","tag-main-news","tag-mainnews","tag-news","tag-no","tag-norge","tag-norway","tag-nyheter","tag-overskrifter","tag-top-stories","tag-topstories"],"share_on_mastodon":{"url":"https:\/\/pubeurope.com\/@no\/116591761254147906","error":""},"_links":{"self":[{"href":"https:\/\/www.europesays.com\/no\/wp-json\/wp\/v2\/posts\/240447","targetHints":{"allow":["GET"]}}],"collection":[{"href":"https:\/\/www.europesays.com\/no\/wp-json\/wp\/v2\/posts"}],"about":[{"href":"https:\/\/www.europesays.com\/no\/wp-json\/wp\/v2\/types\/post"}],"author":[{"embeddable":true,"href":"https:\/\/www.europesays.com\/no\/wp-json\/wp\/v2\/users\/2"}],"replies":[{"embeddable":true,"href":"https:\/\/www.europesays.com\/no\/wp-json\/wp\/v2\/comments?post=240447"}],"version-history":[{"count":0,"href":"https:\/\/www.europesays.com\/no\/wp-json\/wp\/v2\/posts\/240447\/revisions"}],"wp:featuredmedia":[{"embeddable":true,"href":"https:\/\/www.europesays.com\/no\/wp-json\/wp\/v2\/media\/240448"}],"wp:attachment":[{"href":"https:\/\/www.europesays.com\/no\/wp-json\/wp\/v2\/media?parent=240447"}],"wp:term":[{"taxonomy":"category","embeddable":true,"href":"https:\/\/www.europesays.com\/no\/wp-json\/wp\/v2\/categories?post=240447"},{"taxonomy":"post_tag","embeddable":true,"href":"https:\/\/www.europesays.com\/no\/wp-json\/wp\/v2\/tags?post=240447"}],"curies":[{"name":"wp","href":"https:\/\/api.w.org\/{rel}","templated":true}]}}