{"id":24056,"date":"2025-09-01T14:37:08","date_gmt":"2025-09-01T14:37:08","guid":{"rendered":"https:\/\/www.europesays.com\/no\/24056\/"},"modified":"2025-09-01T14:37:08","modified_gmt":"2025-09-01T14:37:08","slug":"aktivister-matte-snu-ganske-ekstreme-stormer-na-fvn-no","status":"publish","type":"post","link":"https:\/\/www.europesays.com\/no\/24056\/","title":{"rendered":"Aktivister m\u00e5tte snu: \u2013 Ganske ekstreme stormer n\u00e5 &#8211; fvn.no"},"content":{"rendered":"<ol>\n<li><a href=\"https:\/\/news.google.com\/rss\/articles\/CBMijgFBVV95cUxOZE40eHRYcmVxZ1FESkY5Z2JxMlVQeFY1TkoxREw0cnhDakZmN0h6TEVCRlZSZnVtTHdMWTlkYnY0YzFqYW41clNWNEk3bzBDOEs4WXFRNktiOXlaclBWSkIzcWpVbEphZFpBTUJIMnJWUXMtcDZYZ2dUa2pEWUVrY2pCRzlJVzNsYzZCZWhn?oc=5\" target=\"_blank\" rel=\"nofollow noopener\">Aktivister m\u00e5tte snu: \u2013 Ganske ekstreme stormer n\u00e5<\/a>&nbsp;&nbsp;fvn.no<\/li>\n<li><a href=\"https:\/\/news.google.com\/rss\/articles\/CBMickFVX3lxTFBabGpVRVlZZ0VlcGRsMGgyMGVkUTFFUnFQZncwakVDOWJodnp6M05LeWRQV29rX3FYNExqMElmVG1SbGVsYmFQRnBsMWFLQVRoRHBPRzhNQ0VLcFdPWllwRzRhcnZRbFFELUlaMl9tTlpxQQ?oc=5\" target=\"_blank\" rel=\"nofollow noopener\">Gaza-konvoi med Greta Thunberg m\u00e5tte snu p\u00e5 grunn av uv\u00e6r<\/a>&nbsp;&nbsp;VG<\/li>\n<li><a href=\"https:\/\/news.google.com\/rss\/articles\/CBMipgFBVV95cUxNaElqamxLNC05Z3BYMkc1WnJXZVB3Q0lOWGdESjE2aGJXMkMwbXpmeVBaR0Q4cFFJU3M3QzdldUNQbDhZQ2E4dE1nXy15UnpKclA0V0JRV3RNU2oyS2lBcnExcnl4b3BGMmJOZDlrUGVUZFNQdEMtZzZZbzRIQk1pU1MyYXZhXzQ4eEZTU0swSmFBQXl0VFdHMUt4VG9kRTBJOUlpcW5n?oc=5\" target=\"_blank\" rel=\"nofollow noopener\">Israel planlegger \u00e5 kaste Greta Thunberg i terrorcelle<\/a>&nbsp;&nbsp;Nettavisen<\/li>\n<li><a href=\"https:\/\/news.google.com\/rss\/articles\/CBMimgFBVV95cUxOSVVYZGYyeXRHX0s2N0NWRGRjNHZpWVc1M1k3MWlDV0Q5M1gxMjh4bkNPTExUWXlsd3VCb1RqZnZDLUMzMk4taGZ1anAteWpXbVZIZWN1Snc4RE1SWEVLNUlmbVVXRVNPbHJnREprZ2hQUmdsUm4zV25xTzUxckFEeXg3SGFJbEI4ZzR3VmM4TEVqQUFtcXZlbUh3?oc=5\" target=\"_blank\" rel=\"nofollow noopener\">\u00c5tte nordmenn om bord p\u00e5 n\u00f8dhjelpsseilas til Gaza \u2013 kastet loss fra Barcelona i dag<\/a>&nbsp;&nbsp;adressa.no<\/li>\n<li><a href=\"https:\/\/news.google.com\/rss\/articles\/CBMiigFBVV95cUxQenBZSzZZMUg5LVJNWEVkUUFRT0RJaDRwTDZIVkJPb001RW5MNGhPY0Z0RXpPOVpoSWIwbGxCeE5JakdGdXduang2cXh4VElSTF9WRkNPWUE2TU14UkJzWUtuVy1RbmtYTnZvTzdEa01ubHZyZUNYazNDMFA2R2lTUVNKbVNXVVJnSGc?oc=5\" target=\"_blank\" rel=\"nofollow noopener\">Nordmenn i b\u00e5ter p\u00e5 vei til Gaza: \u2013 Vi vil bryte blokaden<\/a>&nbsp;&nbsp;NRK<\/li>\n<\/ol>\n","protected":false},"excerpt":{"rendered":"Aktivister m\u00e5tte snu: \u2013 Ganske ekstreme stormer n\u00e5&nbsp;&nbsp;fvn.no Gaza-konvoi med Greta Thunberg m\u00e5tte snu p\u00e5 grunn av uv\u00e6r&nbsp;&nbsp;VG&hellip;\n","protected":false},"author":2,"featured_media":24057,"comment_status":"","ping_status":"","sticky":false,"template":"","format":"standard","meta":{"footnotes":""},"categories":[12],"tags":[20,21,24,25,53,15,52,22,23,13,30,28,29,1451,14,16,261,26,27,42,43,44,45],"class_list":{"0":"post-24056","1":"post","2":"type-post","3":"status-publish","4":"format-standard","5":"has-post-thumbnail","7":"category-verden","8":"tag-breaking-news","9":"tag-breakingnews","10":"tag-featured-news","11":"tag-featurednews","12":"tag-gaza","13":"tag-headlines","14":"tag-israel","15":"tag-latest-news","16":"tag-latestnews","17":"tag-news","18":"tag-no","19":"tag-norge","20":"tag-norway","21":"tag-nodhjelp","22":"tag-nyheter","23":"tag-overskrifter","24":"tag-palestina","25":"tag-top-stories","26":"tag-topstories","27":"tag-verden","28":"tag-world","29":"tag-world-news","30":"tag-worldnews"},"share_on_mastodon":{"url":"","error":""},"_links":{"self":[{"href":"https:\/\/www.europesays.com\/no\/wp-json\/wp\/v2\/posts\/24056","targetHints":{"allow":["GET"]}}],"collection":[{"href":"https:\/\/www.europesays.com\/no\/wp-json\/wp\/v2\/posts"}],"about":[{"href":"https:\/\/www.europesays.com\/no\/wp-json\/wp\/v2\/types\/post"}],"author":[{"embeddable":true,"href":"https:\/\/www.europesays.com\/no\/wp-json\/wp\/v2\/users\/2"}],"replies":[{"embeddable":true,"href":"https:\/\/www.europesays.com\/no\/wp-json\/wp\/v2\/comments?post=24056"}],"version-history":[{"count":0,"href":"https:\/\/www.europesays.com\/no\/wp-json\/wp\/v2\/posts\/24056\/revisions"}],"wp:featuredmedia":[{"embeddable":true,"href":"https:\/\/www.europesays.com\/no\/wp-json\/wp\/v2\/media\/24057"}],"wp:attachment":[{"href":"https:\/\/www.europesays.com\/no\/wp-json\/wp\/v2\/media?parent=24056"}],"wp:term":[{"taxonomy":"category","embeddable":true,"href":"https:\/\/www.europesays.com\/no\/wp-json\/wp\/v2\/categories?post=24056"},{"taxonomy":"post_tag","embeddable":true,"href":"https:\/\/www.europesays.com\/no\/wp-json\/wp\/v2\/tags?post=24056"}],"curies":[{"name":"wp","href":"https:\/\/api.w.org\/{rel}","templated":true}]}}