{"id":240805,"date":"2026-05-18T09:02:12","date_gmt":"2026-05-18T09:02:12","guid":{"rendered":"https:\/\/www.europesays.com\/no\/240805\/"},"modified":"2026-05-18T09:02:12","modified_gmt":"2026-05-18T09:02:12","slug":"nyheter-17-mai-trude-drevland-ut-mot-17-mai-fylla","status":"publish","type":"post","link":"https:\/\/www.europesays.com\/no\/240805\/","title":{"rendered":"Nyheter, 17. mai | Trude Drevland ut mot 17. mai-fylla"},"content":{"rendered":"\n<p>Tidligere ordf\u00f8rer i Bergen og TV-profil Trude Drevland g\u00e5r hardt ut mot fyll og br\u00e5k p\u00e5 17. mai i et innlegg p\u00e5 Facebook-profilen sin.<\/p>\n<p>\u2013 Det er helt sikkert meg det er noe galt med. Jeg elsker 17. mai, med alle sine herlige buekorps, korps, festkledde unge og eldre, og jeg gleder meg s\u00e5 over de unges evne til b\u00e5de \u00e5 pynte seg og v\u00e6re opptatt v\u00e5re tradisjoner, og at vi lever i fred, innleder hun.<\/p>\n<p>Det er hva hun opplever p\u00e5 ettermiddagen i sentrumsgatene som f\u00e5r henne til \u00e5 rase.<\/p>\n<p>   <img decoding=\"async\" width=\"6048\" height=\"4024\" fetchpriority=\"low\"  loading=\"lazy\"  src=\"https:\/\/www.europesays.com\/no\/wp-content\/uploads\/2026\/05\/image_C2AF585A-43DB-4B08-AD48-340F4679FA81_1779030204.jpeg\" alt=\"\" class=\"brick-c-cFOWSL\" style=\"--brick-image-ratio: 6048 \/ 4024;\"\/><\/p>\n<p>      Innsatsleder i politiet, Per Magnus Vab\u00f8.<br \/>\n      Foto: PETRONELLE HALVORSEN\n    <\/p>\n<p>Drevland beskriver et utrivelig syn, hvor hun s\u00e5 veldig mange unge berusede mennesker.<\/p>\n<p>\u2013 En hyggelig stund p\u00e5 byen har g\u00e5tt over til \u00e5 bli en s\u00e5 utrivelig , urolig og voldelig arena at det har gjort favorittbyen min p\u00e5 nasjonaldagen til et kaos av rus, fyll og vold, skriver Drevland.<\/p>\n<p>Facebook-innlegget hennes har snart f\u00e5tt 200 likes og mange kommentarer fra folk som er enige med henne.<\/p>\n<p>Drevland er nordlendingen som ble bergenser etter over 40 \u00e5r i byen mellom de syv fjell. Hun elsker Bergen, men p\u00e5 17. mai var det noe som skurret.<\/p>\n<p>Den tidligere ordf\u00f8reren tok en spasertur p\u00e5 ettermiddagen. Da hun gikk gjennom Strandgaten, over Torgallmenningen og til Ole Bulls plass fikk hun sjokk.<\/p>\n<p>\u2013 Jeg kjente ikke byen min igjen. Det f\u00f8ltes utrygt og utrivelig \u00e5 v\u00e6re i sentrum. Jeg gikk bare hjem igjen, forteller hun.<\/p>\n<p>\u2013 I \u00e5r synes jeg det var skremmende mange unge, berusede mennesker. Og de var veldig unge. Det var det som gjorde at jeg skrev innlegget p\u00e5 Facebook, sier Drevland.<\/p>\n<p>Hun er trist og lei over hvordan 17. mai-feiringen i Bergen har utviklet seg de siste \u00e5rene.<\/p>\n<p>   <img decoding=\"async\" width=\"5438\" height=\"3618\" fetchpriority=\"low\"  loading=\"lazy\"  src=\"https:\/\/www.europesays.com\/no\/wp-content\/uploads\/2026\/05\/17._mai_pethal_2026_10619.jpg\" alt=\"17. mai 2026 - kveldsvakt\" class=\"brick-c-cFOWSL\" style=\"--brick-image-ratio: 5438 \/ 3618;\"\/><\/p>\n<p>      Politiet hadde hendene fulle. Bokstavelig talt.<br \/>\n      Foto: Petronelle Halvorsen\n    <\/p>\n<p>\u2013 Hva er det som skjer i samfunnet v\u00e5rt? Hvor er de voksne? Det har skjedd en kulturendring de siste fire-fem \u00e5rene som bare er trist. At dette er blitt 17. mai kan vi ikke akseptere.<\/p>\n<p>\u2013 Jeg hadde h\u00e5pet at det var en overdrivelse, men jeg snakket med ambulansepersonell, politi og frivillige. De bare bekreftet inntrykket mitt, p\u00e5peker hun.<\/p>\n<p>Men Drevland har ikke gitt opp.<\/p>\n<p>\u2013 Vi m\u00e5 ta 17. mai tilbake, men da m\u00e5 vi ha med foreldrene.<\/p>\n<p>Travlere de siste to \u00e5rene<\/p>\n<p>Drevlands observasjoner bekreftes hos helsevesenet. De hadde en travel kveld 17. mai og natt til 18. mai. Det forteller kommunikasjonsdirekt\u00f8r Erik Vigander i Helse Bergen.<\/p>\n<p>\u2013 Det var en relativt rolig start p\u00e5 dagen, men s\u00e5 tok det seg veldig opp. Det har v\u00e6rt veldig travelt p\u00e5 akuttmottaket og det er mye rusrelaterte skader.<\/p>\n<p>Han forteller at de skal f\u00e5 oversikten over tallene i l\u00f8pet av dagen, s\u00e5 de kan sammenligne med fjor\u00e5ret.<\/p>\n<p>Ogs\u00e5 p\u00e5 legevakten var det hektisk.<\/p>\n<p>\u2013 Det var en travel 17. mai gjennom hele d\u00f8gnet, forteller medisinsk fagsjef ved Bergen legevakt, Arild Iversen, til BA.<\/p>\n<p>  <a href=\"https:\/\/www.ba.no\/5-8-3408138\" class=\"related-teaser has-image article--c-MkAkR\" rel=\"nofollow noopener\" target=\"_blank\"><\/p>\n<p>    <img decoding=\"async\" width=\"155\"  loading=\"lazy\"  src=\"https:\/\/www.europesays.com\/no\/wp-content\/uploads\/2026\/05\/1779094932_905_image_C2AF585A-43DB-4B08-AD48-340F4679FA81_1779030204.jpeg\" alt=\"\" class=\"brick-c-cFOWSL\" style=\"\"\/><\/p>\n<p>\n            Les ogs\u00e5<\/p>\n<p>            Situasjonen i sentrum: \u2013 Et drastisk skifte\n        <\/p>\n<p>  <\/a><br \/>\n  \u2013 Mer rus enn en vanlig helg<\/p>\n<p>De fikk inn rundt 20 pasienter som trengte behandling for rus i l\u00f8pet av nasjonaldagen, hovedsakelig p\u00e5 alkohol, men ogs\u00e5 kokain og GHB. Pasientene var fra 15 \u00e5r og oppover, sier Iversen.<\/p>\n<p>Og legger til:<\/p>\n<p>\u2013 Det er mye mer rus enn en vanlig helg. P\u00e5 natten da Skadepoliklinikken var stengt fikk vi ogs\u00e5 inn en del skader fra vold og fall. Det er trist at folk ut\u00f8ver vold og skader seg selv og andre.<\/p>\n<p>Iversen forteller at de siste par 17. maiene har v\u00e6rt travlere enn de foreg\u00e5ende to. Han tror det handler om at dagen falt p\u00e5 en helg.<\/p>\n<p>\u2013 Det er vanskelig \u00e5 vite om det er en trend eller ikke per n\u00e5, men om det fortsetter slik er det grunn til bekymring, sier Iversen.<\/p>\n<p>Legevakten hadde bemannet opp for dagen. Iversen ber\u00f8mmer innsatsen de ansatte gjorde.<\/p>\n<p><b>\u2013 De har gjort en fantastisk god jobb. P\u00e5 tross av stor p\u00e5gang har det v\u00e6rt en akseptabel ventetid ogs\u00e5 for de som kom inn med andre ting.<\/b><\/p>\n<p>\u2013 Bevisstl\u00f8se<\/p>\n<p>\u2013 Det er en veldig trist utvikling, forteller Magnhild B\u00f8e-Hansen, leder for Natteravnene i \u00c5sane.<\/p>\n<p>\u2013 Torgallmenningen var verst mellom klokken 17.00 til 22.00. Plassen var fylt med berusede 14-15-16 \u00e5ringer.<\/p>\n<p>\u2013 Det var ogs\u00e5 flere russ enn normalt da russetiden er flyttet, men de oppf\u00f8rte seg som regel pent, forteller B\u00f8e-Hansen.<\/p>\n<p>Til tross for en dyster utvikling, trekker hun frem at frivilligheten vokser.<\/p>\n<p>\u2013 Det var mange nye ravner som gikk rett inn i en god rolle for ungdommen.<\/p>\n<p>Til sammen var de 85 stykker med ravnene, og MC ravnene.<\/p>\n<p>   <img decoding=\"async\" width=\"4590\" height=\"3054\" fetchpriority=\"low\"  loading=\"lazy\"  src=\"https:\/\/www.europesays.com\/no\/wp-content\/uploads\/2026\/05\/image_7ED10180-9733-4CCF-91D7-A33498088EB5_1779042519_sladdet %281%29.jpg\" alt=\"\" class=\"brick-c-cFOWSL\" style=\"--brick-image-ratio: 4590 \/ 3054;\"\/><\/p>\n<p>R\u00f8de Kors tegner det samme bildet.<\/p>\n<p>Sigurd Engh Gravning var vaktansvarlig for 17. mai-vakten til R\u00f8de Kors i Bergen sentrum. De hadde \u00e5tte personer ute fra ni-tiden p\u00e5 morgenen og 42 frivillige ute p\u00e5 kvelden. Mens den v\u00e5te formiddagen var ganske rolig, tok det seg opp p\u00e5 kvelden.<\/p>\n<p>\u2013 Det var ganske travelt med mye rus, fyll og lignende. De frivillige var nesten kontinuerlig i arbeid p\u00e5 kvelden, forteller Gravningen.<\/p>\n<p>Han ansl\u00e5r at de halvveis ute i kveldsvakten hadde hjulpet rundt 30-40 personer som ikke klarte \u00e5 ta vare p\u00e5 seg selv.<\/p>\n<p><b>\u2013 De fleste feirer og har det fint. Vi som er p\u00e5 vakt f\u00e5r oppleve de som har det veldig d\u00e5rlig. Noen var s\u00e5pass overstadig beruset at de var bevisstl\u00f8se.<\/b><\/p>\n","protected":false},"excerpt":{"rendered":"Tidligere ordf\u00f8rer i Bergen og TV-profil Trude Drevland g\u00e5r hardt ut mot fyll og br\u00e5k p\u00e5 17. mai&hellip;\n","protected":false},"author":2,"featured_media":240806,"comment_status":"","ping_status":"","sticky":false,"template":"","format":"standard","meta":{"footnotes":"","_share_on_mastodon":"0"},"categories":[5],"tags":[14670,36,1982,20,21,24,25,15,19,22,23,17,18,13,30,28,29,14,16,1510,26,27,10892],"class_list":["post-240805","post","type-post","status-publish","format-standard","has-post-thumbnail","category-overskrifter","tag-17-mai","tag-art","tag-bergen-sentrum","tag-breaking-news","tag-breakingnews","tag-featured-news","tag-featurednews","tag-headlines","tag-hovedoppslag","tag-latest-news","tag-latestnews","tag-main-news","tag-mainnews","tag-news","tag-no","tag-norge","tag-norway","tag-nyheter","tag-overskrifter","tag-story","tag-top-stories","tag-topstories","tag-trude-drevland"],"share_on_mastodon":{"url":"https:\/\/pubeurope.com\/@no\/116594772982985050","error":""},"_links":{"self":[{"href":"https:\/\/www.europesays.com\/no\/wp-json\/wp\/v2\/posts\/240805","targetHints":{"allow":["GET"]}}],"collection":[{"href":"https:\/\/www.europesays.com\/no\/wp-json\/wp\/v2\/posts"}],"about":[{"href":"https:\/\/www.europesays.com\/no\/wp-json\/wp\/v2\/types\/post"}],"author":[{"embeddable":true,"href":"https:\/\/www.europesays.com\/no\/wp-json\/wp\/v2\/users\/2"}],"replies":[{"embeddable":true,"href":"https:\/\/www.europesays.com\/no\/wp-json\/wp\/v2\/comments?post=240805"}],"version-history":[{"count":0,"href":"https:\/\/www.europesays.com\/no\/wp-json\/wp\/v2\/posts\/240805\/revisions"}],"wp:featuredmedia":[{"embeddable":true,"href":"https:\/\/www.europesays.com\/no\/wp-json\/wp\/v2\/media\/240806"}],"wp:attachment":[{"href":"https:\/\/www.europesays.com\/no\/wp-json\/wp\/v2\/media?parent=240805"}],"wp:term":[{"taxonomy":"category","embeddable":true,"href":"https:\/\/www.europesays.com\/no\/wp-json\/wp\/v2\/categories?post=240805"},{"taxonomy":"post_tag","embeddable":true,"href":"https:\/\/www.europesays.com\/no\/wp-json\/wp\/v2\/tags?post=240805"}],"curies":[{"name":"wp","href":"https:\/\/api.w.org\/{rel}","templated":true}]}}