{"id":240938,"date":"2026-05-18T11:54:14","date_gmt":"2026-05-18T11:54:14","guid":{"rendered":"https:\/\/www.europesays.com\/no\/240938\/"},"modified":"2026-05-18T11:54:14","modified_gmt":"2026-05-18T11:54:14","slug":"nyhet-mif-kevin-nicol-ferdig-i-mjondalen-gir-oss-noen-muligheter","status":"publish","type":"post","link":"https:\/\/www.europesays.com\/no\/240938\/","title":{"rendered":"Nyhet, MIF | Kevin Nicol ferdig i Mj\u00f8ndalen: \u2013 Gir oss noen muligheter"},"content":{"rendered":"\n<p><b>MJ\u00d8NDALEN: <\/b>Mandag ble det klart at Mj\u00f8ndalen og hovedtrener Kevin Nicol skiller lag umiddelbart, etter at skotten valgte \u00e5 takke ja til en assistentrolle p\u00e5 \u00f8verste niv\u00e5 i norsk fotball.<\/p>\n<p><b>SISTE: <a href=\"https:\/\/www.f-b.no\/her-er-ffks-nye-assistenttrener\/s\/5-59-3910225\" rel=\"Follow nofollow noopener\" target=\"_blank\">Fredriksstad blad<\/a> erfarer at Nicol blir FFKs nye assistenttrener.<\/b><\/p>\n<p>Nicol var inne i sitt siste kontrakts\u00e5r med bruntr\u00f8yene. <\/p>\n<p>Assistenttrener Eirik Sande Kristoffersen tar over det midlertidige ansvaret de kommende ukene, og vil lede laget i kampen mot Sandviken p\u00e5 Consto Arena 23. mai.<\/p>\n<p>Drammens Tidende har forel\u00f8pig ikke f\u00e5tt tak i Kevin Nicol.<\/p>\n<p>\u2013 T\u00f8ffe k\u00e5r over lang tid<\/p>\n<p>Daglig leder Ronny Johnsen \u00f8nsker ikke \u00e5 utdype om timingen p\u00e5 overgangen kom br\u00e5tt p\u00e5 klubbens ledelse, men legger ikke skjul p\u00e5 at de mister en viktig brikke.<\/p>\n<p>\u2013 Det er kjedelig at en viktig samarbeidspartner g\u00e5r, og vi er veldig takknemlige for den jobben han har gjort. Det har v\u00e6rt t\u00f8ffe k\u00e5r over lang tid i Mj\u00f8ndalen, og Kevin har vist en voldsom dedikasjon. Det har hele klubben takket ham for i dag, sier Johnsen til oss.<\/p>\n<p>Samtidig som han synes det er leit \u00e5 miste hovedtreneren, har han forst\u00e5else for Nicols valg.<\/p>\n<p>\u2013 Jeg skj\u00f8nner at Kevin har takket ja til noe han synes virker veldig spennende. Dette fremst\u00e5r som en mulighet som dukket opp for ham til \u00e5 ta karrieren videre.<\/p>\n<p>Mj\u00f8ndalen har den siste tiden v\u00e6rt gjennom store endringer, blant annet med eksterne investorer som har gjort sitt inntog i klubben.<\/p>\n<p> P\u00e5 sp\u00f8rsm\u00e5l om dette har spilt inn p\u00e5 Nicols \u00f8nske om \u00e5 forlate Consto Arena, svarer den daglige lederen avkreftende:<\/p>\n<p>\u2013 Han m\u00e5 svare for seg selv, men overfor klubben og meg har han absolutt ikke gitt uttrykk for det. Dette framst\u00e5r kun som at det har kommet en ny mulighet, sier Johnsen.<\/p>\n<p>Ser fremover<\/p>\n<p>Johnsen velger \u00e5 se optimistisk p\u00e5 situasjonen klubben n\u00e5 har havnet i. Prosessen med \u00e5 finne en permanent arvtaker er allerede i gang.<\/p>\n<p>\u2013 Jobben v\u00e5r n\u00e5 er \u00e5 fortsette den reisen vi er p\u00e5. Vi ser p\u00e5 dette som en mulighet til \u00e5 komme oss fremover. Jeg er helt overbevist om at dette gir oss noen muligheter ogs\u00e5, i det \u00e5 finne en arvtaker og videreutvikle klubben b\u00e5de p\u00e5 kort og lang sikt, avslutter Johnsen.<\/p>\n<p>Ogs\u00e5 Kevin Nicol selv understreker at partene skilles som venner etter en innholdsrik periode som har budt p\u00e5 b\u00e5de nedrykk og historiske oppturer.<\/p>\n<p>\u2013 Alle som kjenner meg vet at jeg aldri kommer til \u00e5 glemme den tiden jeg har hatt i klubben. Men dette er en flott mulighet for meg til \u00e5 ta karrieren min videre, sier den avg\u00e5tte Mj\u00f8ndalen-treneren i en offisiell uttalelse.<\/p>\n","protected":false},"excerpt":{"rendered":"MJ\u00d8NDALEN: Mandag ble det klart at Mj\u00f8ndalen og hovedtrener Kevin Nicol skiller lag umiddelbart, etter at skotten valgte&hellip;\n","protected":false},"author":2,"featured_media":240939,"comment_status":"","ping_status":"","sticky":false,"template":"","format":"standard","meta":{"footnotes":"","_share_on_mastodon":"0"},"categories":[59],"tags":[36,454,3391,2946,30,28,29,447,83,82,1510],"class_list":["post-240938","post","type-post","status-publish","format-standard","has-post-thumbnail","category-sport","tag-art","tag-eiker","tag-mif","tag-mjondalen","tag-no","tag-norge","tag-norway","tag-nyhet","tag-sport","tag-sports","tag-story"],"share_on_mastodon":{"url":"https:\/\/pubeurope.com\/@no\/116595449275240538","error":""},"_links":{"self":[{"href":"https:\/\/www.europesays.com\/no\/wp-json\/wp\/v2\/posts\/240938","targetHints":{"allow":["GET"]}}],"collection":[{"href":"https:\/\/www.europesays.com\/no\/wp-json\/wp\/v2\/posts"}],"about":[{"href":"https:\/\/www.europesays.com\/no\/wp-json\/wp\/v2\/types\/post"}],"author":[{"embeddable":true,"href":"https:\/\/www.europesays.com\/no\/wp-json\/wp\/v2\/users\/2"}],"replies":[{"embeddable":true,"href":"https:\/\/www.europesays.com\/no\/wp-json\/wp\/v2\/comments?post=240938"}],"version-history":[{"count":0,"href":"https:\/\/www.europesays.com\/no\/wp-json\/wp\/v2\/posts\/240938\/revisions"}],"wp:featuredmedia":[{"embeddable":true,"href":"https:\/\/www.europesays.com\/no\/wp-json\/wp\/v2\/media\/240939"}],"wp:attachment":[{"href":"https:\/\/www.europesays.com\/no\/wp-json\/wp\/v2\/media?parent=240938"}],"wp:term":[{"taxonomy":"category","embeddable":true,"href":"https:\/\/www.europesays.com\/no\/wp-json\/wp\/v2\/categories?post=240938"},{"taxonomy":"post_tag","embeddable":true,"href":"https:\/\/www.europesays.com\/no\/wp-json\/wp\/v2\/tags?post=240938"}],"curies":[{"name":"wp","href":"https:\/\/api.w.org\/{rel}","templated":true}]}}