{"id":241040,"date":"2026-05-18T13:49:32","date_gmt":"2026-05-18T13:49:32","guid":{"rendered":"https:\/\/www.europesays.com\/no\/241040\/"},"modified":"2026-05-18T13:49:32","modified_gmt":"2026-05-18T13:49:32","slug":"ffk-sportskommentaren-absurd-situasjon-for-en-helproff-hagen","status":"publish","type":"post","link":"https:\/\/www.europesays.com\/no\/241040\/","title":{"rendered":"FFK, Sportskommentaren | Absurd situasjon for en helproff Hagen"},"content":{"rendered":"\n<p><b>Endelig! Etter fire strake tap kom trepoengeren for FFK<\/b> \u2013 og det p\u00e5 fotballens festdag 16. mai. Foran et nesten fullsatt Stadion.<\/p>\n<p>Det var et deilig trykk og atmosf\u00e6re rundt en til slutt ganske s\u00e5 underholdende fotballkamp. Der FFK sto igjen som vinneren etter noen dramatiske sluttminutter.<\/p>\n<p>Takk keeper Martin B\u00f8rsheim for det!<\/p>\n<p>FFK 2.<\/p>\n<p>HamKam 1.<\/p>\n<p><b>Hva dette betydde for spillerne, var enkelt \u00e5 se.<\/b> Som da bygutten og nestor Simen Rafn nikket FFK i ledelsen foran S\u00f8rsia. Snakk om elleville gledesscener! Rafn hoppet og banket neven p\u00e5 klubbemblemet p\u00e5 brystet. Rocco Shein \u2013 som la det str\u00f8kne innlegget \u2013 sparket nesten i stykker reklameskiltet.<\/p>\n<p>Det var en presset gjeng. Som responderte, ga svar \u2013 og endelig klarte \u00e5 stoppe tapsrekken.<\/p>\n<p>   <img decoding=\"async\" width=\"3761\" height=\"2507\" fetchpriority=\"low\"  loading=\"lazy\"  src=\"https:\/\/www.europesays.com\/no\/wp-content\/uploads\/2026\/05\/NTB_HieM599qI4U.jpg\" alt=\"Fredrikstad 20260516. &#10;Fredrikstad jubel etter scoring av Simen Rafn i eliteseriekampen i fotball mellom Fredrikstad og HamKam p\u00e5 Fredrikstad stadion.&#10;Foto: Thomas Andersen \/ NTB\" class=\"brick-c-cFOWSL\" style=\"--brick-image-ratio: 3761 \/ 2507;\"\/><\/p>\n<p>      Herlig FFK-jubel etter at Rafn nikket inn 1-0 i 1. omgang. FFK ledet 2-0 til pause.<br \/>\n      Foto: Thomas Andersen, NTB\n    <\/p>\n<p><b>Etter kampen var det en spesiell stemning p\u00e5 Stadion. <\/b>Spillere og st\u00f8tteapparat takket som vanlig fansen. Men det l\u00e5 ogs\u00e5 en eim av usikkerhet og ubesvarte sp\u00f8rsm\u00e5l i luften.<\/p>\n<p>Alles \u00f8yne var p\u00e5 Andreas Hagen.<\/p>\n<p>Alt tyder p\u00e5 at seieren mot HamKam ikke endrer p\u00e5 noe. Avgj\u00f8relsen er allerede tatt. Klubben \u00f8nsker en kursendring.<\/p>\n<p>Det g\u00e5r mot et trenerbytte.<\/p>\n<p>Det handler ikke om de fire strake tapene, men om utviklingen til laget det siste halv\u00e5ret. Nettopp derfor betyr ikke den viktige trepoengeren noe.<\/p>\n<p><b>Dersom Hagen m\u00e5 g\u00e5, b\u00f8r det utl\u00f8se en st\u00f8rre diskusjon. <\/b>For dette er ikke Hagens ansvar alene.<\/p>\n<p>Likevel er dynamikken i fotballen s\u00e5nn. Hvis laget ikke utvikles i riktig retning, s\u00e5 er det hovedtreneren som m\u00e5 g\u00e5.<\/p>\n<p>Mot HamKam ble det til slutt tre poeng p\u00e5 pur vilje og en spinnvill B\u00f8rsheim. FFK var bedre enn p\u00e5 lenge, men litt flaks var det og.<\/p>\n<p><b>Ingenting er bekreftet rundt Hagens fremtid. <\/b>Og det var ikke lett \u00e5 tolke blikkene til toppledelsen.<\/p>\n<p>De var ute p\u00e5 banen etter kampslutt alle sammen; styreleder Jostein Lunde, daglig leder Espen Engebretsen, fotballdirekt\u00f8r Joacim Heier og sportslig leder Anders Jensen.<\/p>\n<p>Mens Hagen m\u00e5tte svare p\u00e5 mange sp\u00f8rsm\u00e5l om sin egen fremtid.<\/p>\n<p>Det var en absurd situasjon. Gla for seieren, men ingen anelse om han har jobb p\u00e5 mandag.<\/p>\n<p>  <a href=\"https:\/\/www.f-b.no\/5-59-3909095\" class=\"related-teaser has-image article--c-MkAkR\" rel=\"nofollow noopener\" target=\"_blank\"><\/p>\n<p>    <img decoding=\"async\" width=\"155\"  loading=\"lazy\"  src=\"https:\/\/www.europesays.com\/no\/wp-content\/uploads\/2026\/05\/b%C3%B8rs.jpg\" alt=\"\" class=\"brick-c-cFOWSL\" style=\"\"\/><\/p>\n<p>\n            Les ogs\u00e5<\/p>\n<p>            FB-b\u00f8rsen: \u2013 Hans beste kamp for sesongen\n        <\/p>\n<p>  <\/a><\/p>\n<p><b>En kan diskutere FFK sportslige prestasjoner. <\/b>Men ikke profesjonaliteten til Hagen. Snakk om \u00e5 st\u00e5 i stormen denne uken. Spekulasjoner og rykter \u2013 ferdig eller ikke ferdig?<\/p>\n<p>Han har svelget det unna, svart p\u00e5 det han kan, og ellers forberedt laget som vanlig \u2013 alt for at FFK skulle f\u00e5 den etterlengtede seieren.<\/p>\n<p>Det lyktes han med. Og det st\u00e5r det respekt av. Hagen er proff til beinet og en ekte fagmann.<\/p>\n<p>Det er 664 dager siden Hagen debuterte som hovedtrener for FFK \u2013 mot nettopp HamKam \u2013 med en seier.<\/p>\n<p>Pussig nok tyder alt p\u00e5 at han ogs\u00e5 avslutter sin tid i FFK med en seier \u2013 mot HamKam.<\/p>\n<p><b>\u00abI med- og motgang for FFK. Bl\u00f8 for byen v\u00e5r\u00bb<\/b> \u2013 det var en klare oppfordringen fra FFK-fansen p\u00e5 tifoen f\u00f8r kamp.<\/p>\n<p>Det var ingen tvil; FFK har fortsatt byen og fansen i ryggen.<\/p>\n<p>Men klubben har neppe ryggen til Hagen.<\/p>\n<p>Tre poeng til tross; det er bare et sp\u00f8rsm\u00e5l om tid.<\/p>\n<p>Sandefjord borte neste!<\/p>\n","protected":false},"excerpt":{"rendered":"Endelig! Etter fire strake tap kom trepoengeren for FFK \u2013 og det p\u00e5 fotballens festdag 16. mai. Foran&hellip;\n","protected":false},"author":2,"featured_media":241041,"comment_status":"","ping_status":"","sticky":false,"template":"","format":"standard","meta":{"footnotes":"","_share_on_mastodon":"0"},"categories":[59],"tags":[36,513,30,28,29,1533,83,82,11441],"class_list":["post-241040","post","type-post","status-publish","format-standard","has-post-thumbnail","category-sport","tag-art","tag-ffk","tag-no","tag-norge","tag-norway","tag-opinion","tag-sport","tag-sports","tag-sportskommentaren"],"share_on_mastodon":{"url":"https:\/\/pubeurope.com\/@no\/116595901569892952","error":""},"_links":{"self":[{"href":"https:\/\/www.europesays.com\/no\/wp-json\/wp\/v2\/posts\/241040","targetHints":{"allow":["GET"]}}],"collection":[{"href":"https:\/\/www.europesays.com\/no\/wp-json\/wp\/v2\/posts"}],"about":[{"href":"https:\/\/www.europesays.com\/no\/wp-json\/wp\/v2\/types\/post"}],"author":[{"embeddable":true,"href":"https:\/\/www.europesays.com\/no\/wp-json\/wp\/v2\/users\/2"}],"replies":[{"embeddable":true,"href":"https:\/\/www.europesays.com\/no\/wp-json\/wp\/v2\/comments?post=241040"}],"version-history":[{"count":0,"href":"https:\/\/www.europesays.com\/no\/wp-json\/wp\/v2\/posts\/241040\/revisions"}],"wp:featuredmedia":[{"embeddable":true,"href":"https:\/\/www.europesays.com\/no\/wp-json\/wp\/v2\/media\/241041"}],"wp:attachment":[{"href":"https:\/\/www.europesays.com\/no\/wp-json\/wp\/v2\/media?parent=241040"}],"wp:term":[{"taxonomy":"category","embeddable":true,"href":"https:\/\/www.europesays.com\/no\/wp-json\/wp\/v2\/categories?post=241040"},{"taxonomy":"post_tag","embeddable":true,"href":"https:\/\/www.europesays.com\/no\/wp-json\/wp\/v2\/tags?post=241040"}],"curies":[{"name":"wp","href":"https:\/\/api.w.org\/{rel}","templated":true}]}}