{"id":241245,"date":"2026-05-18T18:12:13","date_gmt":"2026-05-18T18:12:13","guid":{"rendered":"https:\/\/www.europesays.com\/no\/241245\/"},"modified":"2026-05-18T18:12:13","modified_gmt":"2026-05-18T18:12:13","slug":"elon-musk-tapte-soksmal-mot-openai","status":"publish","type":"post","link":"https:\/\/www.europesays.com\/no\/241245\/","title":{"rendered":"Elon Musk tapte s\u00f8ksm\u00e5l mot OpenAI"},"content":{"rendered":"\n<p class=\"_lead_145nj_2 _lead_6fko5_53 layout-component text-serif-m layout-normal text-serif-l layout-component layout-wide layout-padded _wide_17hqh_1 layout-padded\">Verdens rikeste mann mener han ble forr\u00e5dt da OpenAI gikk i en mer kommersiell retning.<\/p>\n<p><img alt=\"Elon Musk i rettsbygningen i Oakland 30. april. Foto: BENJAMIN FANJOY \/ AFP \/ NTB\" class=\"_image_jw3bv_65 layout-component layout-wide\" data-fullscreen- data-track-element-type=\"Article image fullscreen\" data-track-name=\"ImageFullscreen\" fetchpriority=\"high\" decoding=\"sync\" loading=\"eager\" height=\"3335\" itemprop=\"image\"  src=\"https:\/\/www.europesays.com\/no\/wp-content\/uploads\/2026\/05\/12e8171d-fd02-38d6-916a-72806fe93c45.jpeg\"  style=\"object-position:52.71% 26.44677661169415%\" width=\"5000\"\/>Elon Musk i rettsbygningen i Oakland 30. april. Foto: BENJAMIN FANJOY \/ AFP \/ NTB<\/p>\n<ul aria-hidden=\"true\" class=\"_images_ntbth_112\">\n<li><a class=\"_link_ntbth_117\" href=\"https:\/\/www.vg.no\/forfatter\/ingrid-bjoerndal-farestvedt\" style=\"z-index:2\" title=\"Ingrid Bj\u00f8rndal Farestvedt\" rel=\"nofollow noopener\" target=\"_blank\"><img alt=\"Bilde av Ingrid Bj\u00f8rndal Farestvedt\" class=\"_image_ntbth_93\" fetchpriority=\"low\" loading=\"lazy\" decoding=\"async\" itemprop=\"image\"  src=\"https:\/\/www.europesays.com\/no\/wp-content\/uploads\/2026\/05\/1779127932_848_0ca626e9-b4bd-4417-836d-161b53cb789f.jpeg\"  width=\"480\"\/><\/a><\/li>\n<li><a class=\"_link_ntbth_117\" href=\"https:\/\/www.vg.no\/forfatter\/ntb\" style=\"z-index:1\" title=\"NTB\" rel=\"nofollow noopener\" target=\"_blank\"><img alt=\"Bilde av NTB\" class=\"_image_ntbth_93\" fetchpriority=\"low\" loading=\"lazy\" decoding=\"async\" itemprop=\"image\"  src=\"https:\/\/www.europesays.com\/no\/wp-content\/uploads\/2026\/05\/1779127932_723_c33980b0-5d07-4027-84a1-813f90a7c8d6.jpeg\"  width=\"480\"\/><\/a><\/li>\n<\/ul>\n<p> Oppdatert mandag 18. mai kl. 19:51     <\/p>\n<p class=\"_paragraph_145nj_4 _paragraph_6fko5_10 layout-component text-serif-m layout-normal text-serif-m layout-padded\">I slutten av april inntok <a href=\"https:\/\/www.vg.no\/tag\/elon-musk?utm_source=vg-article&amp;utm_medium=auto-tagger&amp;utm_campaign=43bPz9\" class=\"_link_145nj_39\" rel=\"nofollow noopener\" target=\"_blank\">Elon Musk<\/a> selv vitneboksen i en f\u00f8deral domstol i Oakland i California.<\/p>\n<p class=\"_paragraph_145nj_4 _paragraph_6fko5_10 layout-component text-serif-m layout-normal text-serif-m layout-padded\">Motparten var hans tidligere venn og OpenAI-sjefen Sam Altman. Musk saks\u00f8kte ham i 2024.<\/p>\n<p class=\"_paragraph_145nj_4 _paragraph_6fko5_10 layout-component text-serif-m layout-normal text-serif-m layout-padded\"><strong class=\"_strong_145nj_25\">Rettssaken har blitt omtalt som avgj\u00f8rende for fremtiden til kunstig intelligens.<\/strong><\/p>\n<p class=\"_paragraph_145nj_4 _paragraph_6fko5_10 layout-component text-serif-m layout-normal text-serif-m layout-padded\">Opprinnelig ble OpenAI grunnlagt som en ideell organisasjon med form\u00e5l om \u00e5 utvikle kunstig intelligens p\u00e5 en trygg m\u00e5te som kom hele menneskeheten til gode \u2013 uten profittjag.<\/p>\n<p class=\"_paragraph_145nj_4 _paragraph_6fko5_10 layout-component text-serif-m layout-normal text-serif-m layout-padded\"><strong class=\"_strong_145nj_25\">Musk mener OpenAI har sviktet.<\/strong><\/p>\n<p class=\"_paragraph_145nj_4 _paragraph_6fko5_10 layout-component text-serif-m layout-normal text-serif-m layout-padded\">Han ba om 150 milliarder dollar150 milliarder dollarTilsvarende rundt 1,4 milliarder norske kroner i erstatning fra OpenAI. N\u00e5 har en jury kommet frem til at Musk leverte s\u00f8ksm\u00e5let sitt for sent.<\/p>\n<p class=\"_paragraph_145nj_4 _paragraph_6fko5_10 layout-component text-serif-m layout-normal text-serif-m layout-padded\">Dermed har de forkastet saken.<\/p>\n<p><img alt=\"OpenAI-sjefen Sam Altman gir tommel opp i rettsbygningen 29. april.  Foto: Godofredo A. V\u00e1squez \/ AP \/ NTB\" class=\"_image_jw3bv_65 layout-component layout-normal\" data-fullscreen- data-track-element-type=\"Article image fullscreen\" data-track-name=\"ImageFullscreen\" decoding=\"async\" loading=\"lazy\" height=\"2768\" itemprop=\"image\"  src=\"https:\/\/www.europesays.com\/no\/wp-content\/uploads\/2026\/05\/5096f079-eea4-3287-8654-17e24b09ab08.jpeg\"  style=\"object-position:0% 0%\" width=\"4152\"\/>OpenAI-sjefen Sam Altman gir tommel opp i rettsbygningen 29. april.  Foto: Godofredo A. V\u00e1squez \/ AP \/ NTB<\/p>\n<p class=\"_paragraph_145nj_4 _paragraph_6fko5_10 layout-component text-serif-m layout-normal text-serif-m layout-padded\">OpenAI avviser Musks anklager. Selskapet hevder milliard\u00e6ren er drevet av misunnelse, et stort ego og et \u00f8nske om \u00e5 stikke kjepper i hjulene for en konkurrent. <\/p>\n<p class=\"_paragraph_145nj_4 _paragraph_6fko5_10 layout-component text-serif-m layout-normal text-serif-m layout-padded\">I 2023 opprettet Musk sitt eget KI-selskap, xAI \u2013 som blant annet st\u00e5r bak samtaleroboten Grok.<\/p>\n","protected":false},"excerpt":{"rendered":"Verdens rikeste mann mener han ble forr\u00e5dt da OpenAI gikk i en mer kommersiell retning. Elon Musk i&hellip;\n","protected":false},"author":2,"featured_media":241246,"comment_status":"","ping_status":"","sticky":false,"template":"","format":"standard","meta":{"footnotes":"","_share_on_mastodon":"0"},"categories":[56],"tags":[60,61,129,467,62,30,28,29,173,174],"class_list":["post-241245","post","type-post","status-publish","format-standard","has-post-thumbnail","category-naeringsliv","tag-business","tag-economy","tag-elon-musk","tag-kunstig-intelligens","tag-naeringsliv","tag-no","tag-norge","tag-norway","tag-openai","tag-sam-altman"],"share_on_mastodon":{"url":"https:\/\/pubeurope.com\/@no\/116596935798767141","error":""},"_links":{"self":[{"href":"https:\/\/www.europesays.com\/no\/wp-json\/wp\/v2\/posts\/241245","targetHints":{"allow":["GET"]}}],"collection":[{"href":"https:\/\/www.europesays.com\/no\/wp-json\/wp\/v2\/posts"}],"about":[{"href":"https:\/\/www.europesays.com\/no\/wp-json\/wp\/v2\/types\/post"}],"author":[{"embeddable":true,"href":"https:\/\/www.europesays.com\/no\/wp-json\/wp\/v2\/users\/2"}],"replies":[{"embeddable":true,"href":"https:\/\/www.europesays.com\/no\/wp-json\/wp\/v2\/comments?post=241245"}],"version-history":[{"count":0,"href":"https:\/\/www.europesays.com\/no\/wp-json\/wp\/v2\/posts\/241245\/revisions"}],"wp:featuredmedia":[{"embeddable":true,"href":"https:\/\/www.europesays.com\/no\/wp-json\/wp\/v2\/media\/241246"}],"wp:attachment":[{"href":"https:\/\/www.europesays.com\/no\/wp-json\/wp\/v2\/media?parent=241245"}],"wp:term":[{"taxonomy":"category","embeddable":true,"href":"https:\/\/www.europesays.com\/no\/wp-json\/wp\/v2\/categories?post=241245"},{"taxonomy":"post_tag","embeddable":true,"href":"https:\/\/www.europesays.com\/no\/wp-json\/wp\/v2\/tags?post=241245"}],"curies":[{"name":"wp","href":"https:\/\/api.w.org\/{rel}","templated":true}]}}