{"id":241301,"date":"2026-05-18T19:36:17","date_gmt":"2026-05-18T19:36:17","guid":{"rendered":"https:\/\/www.europesays.com\/no\/241301\/"},"modified":"2026-05-18T19:36:17","modified_gmt":"2026-05-18T19:36:17","slug":"elon-musk-tapte-mot-openai-e24","status":"publish","type":"post","link":"https:\/\/www.europesays.com\/no\/241301\/","title":{"rendered":"Elon Musk tapte mot OpenAI \u2013 E24"},"content":{"rendered":"\n<p class=\"_textTheme_1yhmn_1 _lead_172ys_2 _lead_qg7rf_18 layout-component layout-wide layout-padded _lead_o6m9k_5 body-large _wide_o6m9k_9\">Dommen i saken mellom de to gr\u00fcnderne falt mandag. <\/p>\n<p><img alt=\"Elon Musk (t.v.) og Sam Altman.\" class=\"_image_1spwq_90 layout-component layout-wide\" data-fullscreen- data-track-element-type=\"Article image fullscreen\" data-track-name=\"ImageFullscreen\" fetchpriority=\"high\" decoding=\"sync\" loading=\"eager\" height=\"2600\" itemprop=\"image\"  src=\"https:\/\/www.europesays.com\/no\/wp-content\/uploads\/2026\/05\/5304fb28-f4dc-376e-a621-aaf227cf3019.jpeg\"  style=\"object-position:0% 0%\" width=\"3902\"\/>Elon Musk (t.v.) og Sam Altman.  Foto: [FREDERIC J. BROWN, JUNG YEON-JE] \/ AFP \/ NTBVis mer         <\/p>\n<p class=\"_textTheme_1yhmn_1 _paragraph_172ys_4 _paragraph_qg7rf_27 layout-component layout-normal layout-padded body-medium\">Elon Musk tapte s\u00f8ksm\u00e5let mot OpenAI. Musk mente at OpenAI, ledet av Sam Altman, gikk bort fra m\u00e5let sitt om \u00e5 v\u00e6re til nytte for folk flest da selskapet ble mer kommersielt og profittorientert.<\/p>\n<p class=\"_textTheme_1yhmn_1 _paragraph_172ys_4 _paragraph_qg7rf_27 layout-component layout-normal layout-padded body-medium\">Dette melder flere medier, blant annet Bloomberg. <\/p>\n<p class=\"_textTheme_1yhmn_1 _paragraph_172ys_4 _paragraph_qg7rf_27 layout-component layout-normal layout-padded body-medium\">Juryen mente ogs\u00e5 at Musk ventet for lenge med \u00e5 saks\u00f8ke selskapet.<\/p>\n<p> <a class=\"_link_19jmd_20\" data-track-id=\"teaser:Ok6JOA\" data-track-impression=\"true\" data-track-name=\"Shippingaksje: \u2013 Store utbyttesjekker i vente\" data-track-element-size=\"small\" data-track-element-type=\"Teaser\" data-track-image-url=\"https:\/\/www.europesays.com\/no\/wp-content\/uploads\/2026\/05\/1779132977_919_d376b6d7-5dd7-3d25-8680-08eb8859e109.jpeg\" data-track-layout-name=\"image:right\" data-track-position-source=\"related-article\" href=\"https:\/\/e24.no\/boers-og-finans\/i\/Ok6JOA\/shippingaksje-store-utbyttesjekker-i-vente\" rel=\"nofollow noopener\" target=\"_blank\"><img decoding=\"async\" alt=\"\" class=\"_image_19jmd_78\" height=\"756\" loading=\"lazy\"  src=\"https:\/\/www.europesays.com\/no\/wp-content\/uploads\/2026\/05\/1779132977_919_d376b6d7-5dd7-3d25-8680-08eb8859e109.jpeg\"  width=\"1280\"\/><\/p>\n<p class=\"label-small _kicker_19jmd_89\">Les ogs\u00e5<\/p>\n<p>Shippingaksje: \u2013 Store utbyttesjekker i vente<\/a> <\/p>\n<p class=\"_textTheme_1yhmn_1 _paragraph_172ys_4 _paragraph_qg7rf_27 layout-component layout-normal layout-padded body-medium\">Dommen falt mandag i en f\u00f8deral domstol i Oakland i California. Rettssaken mellom de to gr\u00fcnderne som sammen startet selskapet i 2015, varte i tre uker. Det tok juryen under to timer \u00e5 avvise Musks s\u00f8ksm\u00e5l mot sin tidligere venn, skriver CNBC.<\/p>\n<p> Kom for sent <\/p>\n<p class=\"_textTheme_1yhmn_1 _paragraph_172ys_4 _paragraph_qg7rf_27 layout-component layout-normal layout-padded body-medium\">Siden 2015 har OpenAI, selskapet bak spr\u00e5kmodellen ChatGPT, utviklet seg til \u00e5 bli et av verdens mest verdifulle og mektige selskaper innen kunstig intelligens.<\/p>\n<p class=\"_textTheme_1yhmn_1 _paragraph_172ys_4 _paragraph_qg7rf_27 layout-component layout-normal layout-padded body-medium\">Retten, ledet av den amerikanske dommeren Yvonne Gonzalez Rogers, var enig i juryens vurdering om at hverken Altman eller OpenAI kunne holdes ansvarlige fordi anklagene \u00abble fremmet for sent\u00bb.<\/p>\n<p class=\"_textTheme_1yhmn_1 _paragraph_172ys_4 _paragraph_qg7rf_27 layout-component layout-normal layout-padded body-medium\">Musks advokat Steven Molo understreket at hans klient forbeholdt seg retten til \u00e5 anke, hvorp\u00e5 dommer Gonzales Rogers svarte at hun er klar til \u00e5 avvise en anke \u00abp\u00e5 stedet\u00bb.<\/p>\n<p class=\"_textTheme_1yhmn_1 _paragraph_172ys_4 _paragraph_qg7rf_27 layout-component layout-normal layout-padded body-medium\">Musk var med \u00e5 stifte selskapet OpenAI i 2015, men gikk ut av styret tre \u00e5r senere. I 2024 saks\u00f8kte han OpenAI, p\u00e5 bakgrunn av at han hevdet de hadde forpliktet seg til at selskapet skulle v\u00e6re \u00abnonprofit\u00bb.<\/p>\n<p> <a class=\"_link_19jmd_20\" data-track-id=\"teaser:bOkQJd\" data-track-impression=\"true\" data-track-name=\"Musk og Altman i retten: Dette krangler de om\" data-track-element-size=\"small\" data-track-element-type=\"Teaser\" data-track-image-url=\"https:\/\/www.europesays.com\/no\/wp-content\/uploads\/2026\/05\/1779132977_254_8cc41c59-f32e-3bc9-8599-4290dd43ed12.jpeg\" data-track-layout-name=\"image:right\" data-track-position-source=\"related-article\" href=\"https:\/\/e24.no\/boers-og-finans\/i\/bOkQJd\/musk-og-altman-i-retten-dette-krangler-de-om\" rel=\"nofollow noopener\" target=\"_blank\"><img decoding=\"async\" alt=\"\" class=\"_image_19jmd_78\" height=\"2400\" loading=\"lazy\"  src=\"https:\/\/www.europesays.com\/no\/wp-content\/uploads\/2026\/05\/1779132977_254_8cc41c59-f32e-3bc9-8599-4290dd43ed12.jpeg\"  width=\"3200\"\/><\/p>\n<p class=\"label-small _kicker_19jmd_89\">Les ogs\u00e5<\/p>\n<p>Musk og Altman i retten: Dette krangler de om<\/a> <\/p>\n<p class=\"_textTheme_1yhmn_1 _paragraph_172ys_4 _paragraph_qg7rf_27 layout-component layout-normal layout-padded body-medium\">I s\u00f8ksm\u00e5let mot OpenAI \u00f8nsket Musk \u00e5 f\u00e5 fjernet Sam Altman og OpenAI-president Greg Brockman fra ledelsen. Han \u00f8nsket ogs\u00e5 at retten skulle tvinge OpenAI til \u00e5 reversere omorganiseringen fra 2025, som gjorde det mulig \u00e5 bygge ut den kommersielle virksomheten. Musk \u00f8nsket ogs\u00e5 at retten skulle tvinge OpenAI og Microsoft til \u00e5 gi fra seg 134 milliarder dollar i fortjeneste, penger som skulle g\u00e5 tilbake til \u00abOpenAI-stiftelsen\u00bb.<\/p>\n<p> Microsoft vant frem <\/p>\n<p class=\"_textTheme_1yhmn_1 _paragraph_172ys_4 _paragraph_qg7rf_27 layout-component layout-normal layout-padded body-medium\">Musks anklager mot Microsoft ble ogs\u00e5 avvist. Verdens rikeste mann saks\u00f8kte nemlig ogs\u00e5 Microsoft, fordi han mente de hadde hjulpet OpenAI med det han mente var et brudd selskapets samfunnsoppdrag. Microsoft har v\u00e6rt investert i OpenAI siden 2019.<\/p>\n<p class=\"_textTheme_1yhmn_1 _paragraph_172ys_4 _paragraph_qg7rf_27 layout-component layout-normal layout-padded body-medium\">Elon Musk er fortsatt p\u00e5 topp i Bloombergs daglige oppdatering \u00abBillionaires Index\u00bb, med en formue p\u00e5 680 milliarder dollar. I 2023 startet han sitt eget AI-selskap, xAI, som er en del av SpaceX.<\/p>\n<p class=\"_textTheme_1yhmn_1 _paragraph_172ys_4 _paragraph_qg7rf_27 layout-component layout-normal layout-padded body-medium\">OpenAI, hevder Musks s\u00f8ksm\u00e5l er et fors\u00f8k p\u00e5 \u00e5 ramme en konkurrent.<\/p>\n<p class=\"_textTheme_1yhmn_1 _paragraph_172ys_4 _paragraph_qg7rf_27 layout-component layout-normal layout-padded body-medium\">Det er varslet b\u00f8rsnotering av b\u00e5de OpenAI og SpaceX. I mars hentet OpenAI inn 122 milliarder dollar, da selskapet ble verdsatt til 850 milliarder dollar. SpeceX p\u00e5 sin side er verdsatt til 1.250 milliarder dollar i forkant av en planlagt b\u00f8rsnoteringen.<\/p>\n<p> <a class=\"_link_19jmd_20\" data-track-id=\"teaser:6qPeML\" data-track-impression=\"true\" data-track-name=\"Nytt dokument: Bare Elon Musk kan sparke Elon Musk\" data-track-element-size=\"small\" data-track-element-type=\"Teaser\" data-track-image-url=\"https:\/\/www.europesays.com\/no\/wp-content\/uploads\/2026\/05\/1779132977_660_bbddfb1b-be0a-3fc5-ab31-6e3fef34d7b9.jpeg\" data-track-layout-name=\"image:right\" data-track-position-source=\"related-article\" href=\"https:\/\/e24.no\/teknologi\/i\/6qPeML\/nytt-dokument-bare-elon-musk-kan-sparke-elon-musk\" rel=\"nofollow noopener\" target=\"_blank\"><img decoding=\"async\" alt=\"\" class=\"_image_19jmd_78\" height=\"3730\" loading=\"lazy\"  src=\"https:\/\/www.europesays.com\/no\/wp-content\/uploads\/2026\/05\/1779132977_660_bbddfb1b-be0a-3fc5-ab31-6e3fef34d7b9.jpeg\"  width=\"5595\"\/><\/p>\n<p class=\"label-small _kicker_19jmd_89\">Les ogs\u00e5<\/p>\n<p>Nytt dokument: Bare Elon Musk kan sparke Elon Musk<\/a>     <\/p>\n","protected":false},"excerpt":{"rendered":"Dommen i saken mellom de to gr\u00fcnderne falt mandag. Elon Musk (t.v.) og Sam Altman. Foto: [FREDERIC J.&hellip;\n","protected":false},"author":2,"featured_media":241302,"comment_status":"","ping_status":"","sticky":false,"template":"","format":"standard","meta":{"footnotes":"","_share_on_mastodon":"0"},"categories":[5],"tags":[20,21,129,24,25,15,19,22,23,17,18,13,30,28,29,14,173,16,26,27],"class_list":["post-241301","post","type-post","status-publish","format-standard","has-post-thumbnail","category-overskrifter","tag-breaking-news","tag-breakingnews","tag-elon-musk","tag-featured-news","tag-featurednews","tag-headlines","tag-hovedoppslag","tag-latest-news","tag-latestnews","tag-main-news","tag-mainnews","tag-news","tag-no","tag-norge","tag-norway","tag-nyheter","tag-openai","tag-overskrifter","tag-top-stories","tag-topstories"],"share_on_mastodon":{"url":"https:\/\/pubeurope.com\/@no\/116597266227049727","error":""},"_links":{"self":[{"href":"https:\/\/www.europesays.com\/no\/wp-json\/wp\/v2\/posts\/241301","targetHints":{"allow":["GET"]}}],"collection":[{"href":"https:\/\/www.europesays.com\/no\/wp-json\/wp\/v2\/posts"}],"about":[{"href":"https:\/\/www.europesays.com\/no\/wp-json\/wp\/v2\/types\/post"}],"author":[{"embeddable":true,"href":"https:\/\/www.europesays.com\/no\/wp-json\/wp\/v2\/users\/2"}],"replies":[{"embeddable":true,"href":"https:\/\/www.europesays.com\/no\/wp-json\/wp\/v2\/comments?post=241301"}],"version-history":[{"count":0,"href":"https:\/\/www.europesays.com\/no\/wp-json\/wp\/v2\/posts\/241301\/revisions"}],"wp:featuredmedia":[{"embeddable":true,"href":"https:\/\/www.europesays.com\/no\/wp-json\/wp\/v2\/media\/241302"}],"wp:attachment":[{"href":"https:\/\/www.europesays.com\/no\/wp-json\/wp\/v2\/media?parent=241301"}],"wp:term":[{"taxonomy":"category","embeddable":true,"href":"https:\/\/www.europesays.com\/no\/wp-json\/wp\/v2\/categories?post=241301"},{"taxonomy":"post_tag","embeddable":true,"href":"https:\/\/www.europesays.com\/no\/wp-json\/wp\/v2\/tags?post=241301"}],"curies":[{"name":"wp","href":"https:\/\/api.w.org\/{rel}","templated":true}]}}