{"id":241397,"date":"2026-05-18T21:12:22","date_gmt":"2026-05-18T21:12:22","guid":{"rendered":"https:\/\/www.europesays.com\/no\/241397\/"},"modified":"2026-05-18T21:12:22","modified_gmt":"2026-05-18T21:12:22","slug":"deler-av-kongefamilien-besoker-marius-borg-hoiby-i-fengsel-pa-17-mai-dagbladet","status":"publish","type":"post","link":"https:\/\/www.europesays.com\/no\/241397\/","title":{"rendered":"Deler av kongefamilien bes\u00f8ker Marius Borg H\u00f8iby i fengsel p\u00e5 17. mai &#8211; Dagbladet"},"content":{"rendered":"<ol>\n<li><a href=\"https:\/\/news.google.com\/rss\/articles\/CBMidEFVX3lxTFBzZGtEbTV1RWZhXzY5cnBSNVdJSmZDbjlZTlRKb1NYVmdFMUZVSlhKVTN5a195cVVLNFlQbER6NEZTWE01QmgyMUlvdktJd3BCZ21PZHdVbXItekRoX0VESWlkTDdZMG9ZbEViNFY1YkNfMXVt?oc=5\" target=\"_blank\" rel=\"nofollow noopener\">Deler av kongefamilien bes\u00f8ker Marius Borg H\u00f8iby i fengsel p\u00e5 17. mai<\/a>&nbsp;&nbsp;Dagbladet<\/li>\n<li><a href=\"https:\/\/news.google.com\/rss\/articles\/CBMihgFBVV95cUxOanlXbFZ5Wmluc2ppRzBOaDM1R2djV3B0b0d4X2Fvb3ByTmFPeEpZM0dydERFYWVBLWZZRWs5bHdkTDI0NGhmdW05NWxfcGFtMTlRdkVubWZBakxmQkNCRzdsZUg3ZldUdkdQelBnV3V2TXJpTmJrRDhNOEk5Q3ltSHBQdGlNdw?oc=5\" target=\"_blank\" rel=\"nofollow noopener\">Bes\u00f8kte H\u00f8iby i fengselet p\u00e5 nasjonaldagen<\/a>&nbsp;&nbsp;TV2.no<\/li>\n<li><a href=\"https:\/\/news.google.com\/rss\/articles\/CBMiogFBVV95cUxPY0tGd0tvNjg5TGNtMVJXTXVrS1pCNGE1eUJUeTg0d0Zjc3BaLUgycmhUdkxWZ2xtLUIxNm0wbXhibXN0d0hiWk5wb3h1aF9PVWMxa214QnVoYjBIU0NRWHpteUpobmh4N2lDbDlLZmNoX1NORkloX0FwTGNEajNHamUtNFYyMk1XbkUxVF9qeXNBMWRMU3YwX1NZcjgtZmR2bGc?oc=5\" target=\"_blank\" rel=\"nofollow noopener\">Haakon og Sverre Magnus p\u00e5 17. mai-bes\u00f8k i fengselet<\/a>&nbsp;&nbsp;Nettavisen<\/li>\n<li><a href=\"https:\/\/news.google.com\/rss\/articles\/CBMihAFBVV95cUxPNXdGVG5ORkdvME40MEZxZGhfVXBCa0xURUw5M25PT1d4SXh3NlJhU1owUEJqdGZyOUxST1JYdXBOcUs5aHNfdEdXRHhkTU9oVWhsLWFPN2lwWmx0ZXFVMHFsRnpwR1FENmFWaDNVeG9LakZLQUgxTzlyajdQWTVkSzVISG0?oc=5\" target=\"_blank\" rel=\"nofollow noopener\">Fra slottsbalkongen til Oslo fengsel<\/a>&nbsp;&nbsp;Dagbladet<\/li>\n<li><a href=\"https:\/\/news.google.com\/rss\/articles\/CBMibkFVX3lxTE1xMDNjS0V5NG5EdUI3TmFJaGN6Vmd1SDNKakJUaWxhSHpranliVF9aNTgtZE8zWi1fOHVtdW5Eby1yTjF1b2VYanRLYkt4WkMyOHhkUzJ2NVhHMnNWUnVoaXBUdm1EdkkyR3AzMG9n?oc=5\" target=\"_blank\" rel=\"nofollow noopener\">Mystisk passasjer i kronprinsparets bil vekker oppsikt<\/a>&nbsp;&nbsp;seher.no<\/li>\n<\/ol>\n","protected":false},"excerpt":{"rendered":"Deler av kongefamilien bes\u00f8ker Marius Borg H\u00f8iby i fengsel p\u00e5 17. mai&nbsp;&nbsp;Dagbladet Bes\u00f8kte H\u00f8iby i fengselet p\u00e5 nasjonaldagen&nbsp;&nbsp;TV2.no&hellip;\n","protected":false},"author":2,"featured_media":241398,"comment_status":"","ping_status":"","sticky":false,"template":"","format":"standard","meta":{"footnotes":"","_share_on_mastodon":"0"},"categories":[5],"tags":[14670,20,21,24,25,15,19,479,1764,22,23,17,18,400,13,30,28,29,14,17471,16,402,26,27],"class_list":["post-241397","post","type-post","status-publish","format-standard","has-post-thumbnail","category-overskrifter","tag-17-mai","tag-breaking-news","tag-breakingnews","tag-featured-news","tag-featurednews","tag-headlines","tag-hovedoppslag","tag-kjendis","tag-kronprins-haakon","tag-latest-news","tag-latestnews","tag-main-news","tag-mainnews","tag-marius-borg-hoiby","tag-news","tag-no","tag-norge","tag-norway","tag-nyheter","tag-oslo-fengsel","tag-overskrifter","tag-prins-sverre-magnus","tag-top-stories","tag-topstories"],"share_on_mastodon":{"url":"https:\/\/pubeurope.com\/@no\/116597643404062313","error":""},"_links":{"self":[{"href":"https:\/\/www.europesays.com\/no\/wp-json\/wp\/v2\/posts\/241397","targetHints":{"allow":["GET"]}}],"collection":[{"href":"https:\/\/www.europesays.com\/no\/wp-json\/wp\/v2\/posts"}],"about":[{"href":"https:\/\/www.europesays.com\/no\/wp-json\/wp\/v2\/types\/post"}],"author":[{"embeddable":true,"href":"https:\/\/www.europesays.com\/no\/wp-json\/wp\/v2\/users\/2"}],"replies":[{"embeddable":true,"href":"https:\/\/www.europesays.com\/no\/wp-json\/wp\/v2\/comments?post=241397"}],"version-history":[{"count":0,"href":"https:\/\/www.europesays.com\/no\/wp-json\/wp\/v2\/posts\/241397\/revisions"}],"wp:featuredmedia":[{"embeddable":true,"href":"https:\/\/www.europesays.com\/no\/wp-json\/wp\/v2\/media\/241398"}],"wp:attachment":[{"href":"https:\/\/www.europesays.com\/no\/wp-json\/wp\/v2\/media?parent=241397"}],"wp:term":[{"taxonomy":"category","embeddable":true,"href":"https:\/\/www.europesays.com\/no\/wp-json\/wp\/v2\/categories?post=241397"},{"taxonomy":"post_tag","embeddable":true,"href":"https:\/\/www.europesays.com\/no\/wp-json\/wp\/v2\/tags?post=241397"}],"curies":[{"name":"wp","href":"https:\/\/api.w.org\/{rel}","templated":true}]}}